{"id":29622,"date":"2019-07-16T22:03:06","date_gmt":"2019-07-17T01:03:06","guid":{"rendered":"https:\/\/informateesquina.com\/?p=29622"},"modified":"2019-07-16T22:03:06","modified_gmt":"2019-07-17T01:03:06","slug":"el-segundo-eclipse-parcial-de-luna-del-ano-se-pudo-apreciar-desde-argentina","status":"publish","type":"post","link":"http:\/\/informateesquina.com\/?p=29622","title":{"rendered":"El segundo eclipse parcial de Luna del a\u00f1o se pudo apreciar desde Argentina"},"content":{"rendered":"<div class=\"detail-body \">\n<div class=\"preview\">\n<h3>Este martes por la tarde se pudo distinguir el fen\u00f3meno astron\u00f3mico en todo el pa\u00eds. Tambi\u00e9n se disfrut\u00f3 en Europa y \u00c1frica.<\/h3>\n<\/div>\n<\/div>\n<div class=\"detail-body\">\n<article id=\"note-body\" class=\"note-body first\" data-twitter-link=\"https:\/\/twitter.com\/intent\/tweet?url=https:\/\/www.minutouno.com\/c5043075&amp;v\u00eda=minutounocom&amp;related=MinutoUno&amp;text=\">\n<div class=\"row\">\n<div class=\"inside-note col-xs-12\">\n<p>Dos semanas despu\u00e9s del\u00a0eclipse\u00a0solar total que atraves\u00f3 el territorio argentino, este martes por la tarde fue visible un\u00a0<strong>eclipse lunar parcial<\/strong>, ya que la alineaci\u00f3n del Sol, la Tierra y la Luna llena no se encontraron en forma recta.<\/p>\n<p><strong>&#8220;Es cierto que la luna gira alrededor de la Tierra todos los meses, pero no siempre se interpone en la sombra de la Tierra. La trayectoria lunar alrededor de la Tierra est\u00e1 inclinada en comparaci\u00f3n con la \u00f3rbita de la Tierra alrededor del sol. La Luna puede estar detr\u00e1s de la Tierra e incluso as\u00ed recibir luz solar. El eclipse lunar es un acontecimiento especial&#8221;<\/strong>, indic\u00f3 la NASA en su p\u00e1gina web.<\/p>\n<p>La Luna entr\u00f3 en la penumbra a las 17.02, tuvo su m\u00e1ximo esplendor a las 18.31 y finalizaba a las 20; desde Argentina el evento astron\u00f3mico se vio reci\u00e9n a partir de las 18.45 y la etapa penumbral concluir\u00e1 en Argentina a las 21.17.<\/p>\n<p>El \u00faltimo eclipse lunar ocurri\u00f3 21 de enero y atraves\u00f3 grandes franjas del mundo, incluidas Am\u00e9rica, partes del norte de Siberia y Europa occidental; en esa ocasi\u00f3n el eclipse parcial pas\u00f3 por la mayor parte de \u00c1frica, Oriente Medio y partes de la India.<\/p>\n<p>El pr\u00f3ximo eclipse lunar se podr\u00e1 apreciar en 2020, aunque solo ser\u00e1n penumbrales. Esto implica que son mucho m\u00e1s d\u00e9biles que los eclipses parciales o completos.<\/p>\n<\/div>\n<\/div>\n<\/article>\n<\/div>\n","protected":false},"excerpt":{"rendered":"<p>Este martes por la tarde se pudo distinguir el fen\u00f3meno astron\u00f3mico en todo el pa\u00eds. Tambi\u00e9n se disfrut\u00f3 en Europa y \u00c1frica. Dos semanas despu\u00e9s del\u00a0eclipse\u00a0solar total que atraves\u00f3 el territorio argentino, este martes por la tarde fue visible un\u00a0eclipse lunar parcial, ya que la alineaci\u00f3n del Sol, la Tierra y la Luna llena no [&hellip;]<\/p>\n","protected":false},"author":1,"featured_media":29623,"comment_status":"closed","ping_status":"closed","sticky":false,"template":"","format":"standard","meta":{"footnotes":""},"categories":[11],"tags":[],"class_list":["post-29622","post","type-post","status-publish","format-standard","has-post-thumbnail","hentry","category-sociedad"],"_links":{"self":[{"href":"http:\/\/informateesquina.com\/index.php?rest_route=\/wp\/v2\/posts\/29622","targetHints":{"allow":["GET"]}}],"collection":[{"href":"http:\/\/informateesquina.com\/index.php?rest_route=\/wp\/v2\/posts"}],"about":[{"href":"http:\/\/informateesquina.com\/index.php?rest_route=\/wp\/v2\/types\/post"}],"author":[{"embeddable":true,"href":"http:\/\/informateesquina.com\/index.php?rest_route=\/wp\/v2\/users\/1"}],"replies":[{"embeddable":true,"href":"http:\/\/informateesquina.com\/index.php?rest_route=%2Fwp%2Fv2%2Fcomments&post=29622"}],"version-history":[{"count":0,"href":"http:\/\/informateesquina.com\/index.php?rest_route=\/wp\/v2\/posts\/29622\/revisions"}],"wp:featuredmedia":[{"embeddable":true,"href":"http:\/\/informateesquina.com\/index.php?rest_route=\/"}],"wp:attachment":[{"href":"http:\/\/informateesquina.com\/index.php?rest_route=%2Fwp%2Fv2%2Fmedia&parent=29622"}],"wp:term":[{"taxonomy":"category","embeddable":true,"href":"http:\/\/informateesquina.com\/index.php?rest_route=%2Fwp%2Fv2%2Fcategories&post=29622"},{"taxonomy":"post_tag","embeddable":true,"href":"http:\/\/informateesquina.com\/index.php?rest_route=%2Fwp%2Fv2%2Ftags&post=29622"}],"curies":[{"name":"wp","href":"https:\/\/api.w.org\/{rel}","templated":true}]}}