{"id":29629,"date":"2019-07-17T17:30:35","date_gmt":"2019-07-17T20:30:35","guid":{"rendered":"https:\/\/informateesquina.com\/?p=29629"},"modified":"2019-07-17T17:30:35","modified_gmt":"2019-07-17T20:30:35","slug":"sin-misericordia-el-chapo-guzman-recibio-cadena-perpetua","status":"publish","type":"post","link":"http:\/\/informateesquina.com\/?p=29629","title":{"rendered":"Sin misericordia: El Chapo Guzm\u00e1n recibi\u00f3 cadena perpetua"},"content":{"rendered":"<p>El narcotraficante mexicano no mostr\u00f3 remordimientos. Pasar\u00e1 el resto de sus d\u00edas en una prisi\u00f3n de m\u00e1xima seguridad.<\/p>\n<div class=\"row pb-content-type-text\">\n<div class=\"col-xs-12 col-print-12\">\n<p class=\"element element-paragraph\">Joaqu\u00edn &#8220;El Chapo&#8221; Guzm\u00e1n, uno de los narcotraficantes m\u00e1s\u00a0conocidos del mundo, recibi\u00f3 este mi\u00e9rcoles en Nueva York\u00a0<strong>todo el peso de la justicia estadounidense. Sin misericordia<\/strong>, ni acuerdos.<\/p>\n<\/div>\n<\/div>\n<div class=\"row pb-content-type-text\">\n<div class=\"col-xs-12 col-print-12\">\n<p class=\"element element-paragraph\">Despu\u00e9s de un cuarto de siglo de actividad criminal, los d\u00edas del infame\u00a0delincuente mexicano terminar\u00e1n en una de las prisiones m\u00e1s duras de los Estados Unidos.<\/p>\n<\/div>\n<\/div>\n<div class=\"row pb-content-type-text\">\n<div class=\"col-xs-12 col-print-12\">\n<p class=\"element element-paragraph\">La decisi\u00f3n no fue una sorpresa:el juez federal de Brooklyn que presidi\u00f3 su caso, record\u00f3 en la audiencia su\u00a0<strong>&#8220;crueldad abrumadora&#8221;<\/strong>\u00a0y dijo que deb\u00eda sentenciarlo por ley a prisi\u00f3n de por vida, como solicitaba el gobierno.<\/p>\n<\/div>\n<\/div>\n<div class=\"row pb-content-type-text\">\n<div class=\"col-xs-12 col-print-12\">\n<p class=\"element element-paragraph\"><strong>&#8220;El largo camino que trajo a &#8216;El Chapo&#8217; Guzm\u00e1n a una corte de los Estados Unidos est\u00e1 lleno de drogas, muerte y destrucci\u00f3n, pero termin\u00f3 hoy con justicia&#8221;<\/strong>, estableci\u00f3 el Fiscal General Brian\u00a0Benczkowski.<\/p>\n<\/div>\n<\/div>\n<div class=\"row pb-content-type-text\">\n<div id=\"\" class=\"wrapper clearfix pb-feature pb-layout-item pb-f-ads-dfp left-align\">\n<div id=\"inline\" class=\"ad-slot\">\n<div id=\"inline_ad\" data-google-query-id=\"COGwjLPlvOMCFcN2wQodaZkFCg\">\n<div id=\"google_ads_iframe_\/1058609\/america\/mexico\/nota\/inline_0__container__\"><iframe id=\"google_ads_iframe_\/1058609\/america\/mexico\/nota\/inline_0\" title=\"3rd party ad content\" name=\"google_ads_iframe_\/1058609\/america\/mexico\/nota\/inline_0\" width=\"1\" height=\"1\" frameborder=\"0\" marginwidth=\"0\" marginheight=\"0\" scrolling=\"no\" data-google-container-id=\"6\" data-load-complete=\"true\" data-mce-fragment=\"1\"><\/iframe><\/div>\n<\/div>\n<\/div>\n<\/div>\n<div class=\"col-xs-12 col-print-12\">\n<p class=\"element element-paragraph\">Serio, vestido con un traje gris y por primera vez luciendo un espeso mostacho en la corte, el Chapo se dirigi\u00f3 al juez Brian Cogan y le dijo en espa\u00f1ol:\u00a0<strong>&#8220;Ya que el gobierno de Estados Unidos va a enviarme a una prisi\u00f3n donde nunca m\u00e1s van a escuchar mi nombre, aprovecho para decirles: aqu\u00ed no hubo justicia&#8221;.<\/strong><\/p>\n<\/div>\n<\/div>\n<div class=\"row pb-content-type-image\">\n<figure class=\"element element-image col-xs-12\">\n<div class=\"single-image\">\n<div class=\"shares\">\n<div class=\"share-button facebook\" data-url=\"https:\/\/www.infobae.com\/america\/mexico\/2019\/07\/17\/joaquin-el-chapo-guzman-fue-condenado-a-cadena-perpetua-no-tuve-un-juicio-justo-dijo-sin-mostrar-arrepentimiento\/%23TOVQRWOOJVHFXI37OFEPHG2KLQ\" data-original=\"https:\/\/s3.amazonaws.com\/arc-wordpress-client-uploads\/infobae-wp\/wp-content\/uploads\/2019\/07\/17084324\/WhatsApp-Image-2019-07-17-at-05.52.18.jpeg\"><\/div>\n<\/div>\n<p><img decoding=\"async\" id=\"TOVQRWOOJVHFXI37OFEPHG2KLQ\" class=\"image-lazy\" src=\"https:\/\/www.infobae.com\/new-resizer\/4swQm5MyQ_96OS6IOrNIo-TxTZE=\/750x0\/filters:quality(100)\/s3.amazonaws.com\/arc-wordpress-client-uploads\/infobae-wp\/wp-content\/uploads\/2019\/07\/17084324\/WhatsApp-Image-2019-07-17-at-05.52.18.jpeg\" alt=\"(Infograf\u00eda: Jovani Silva)\" width=\"750\" height=\"1364.120781527531\" data-url=\"https:\/\/www.infobae.com\/america\/mexico\/2019\/07\/17\/joaquin-el-chapo-guzman-fue-condenado-a-cadena-perpetua-no-tuve-un-juicio-justo-dijo-sin-mostrar-arrepentimiento\/%23TOVQRWOOJVHFXI37OFEPHG2KLQ\" data-original=\"https:\/\/www.infobae.com\/new-resizer\/4swQm5MyQ_96OS6IOrNIo-TxTZE=\/750x0\/filters:quality(100)\/s3.amazonaws.com\/arc-wordpress-client-uploads\/infobae-wp\/wp-content\/uploads\/2019\/07\/17084324\/WhatsApp-Image-2019-07-17-at-05.52.18.jpeg\" \/><\/p>\n<\/div><figcaption class=\"\"><span class=\"credit\">(Infograf\u00eda: Jovani Silva)<\/span><\/figcaption><\/figure>\n<\/div>\n<div class=\"row pb-content-type-text\">\n<div class=\"col-xs-12 col-print-12\">\n<p class=\"element element-paragraph\">El gobierno estadounidense\u00a0<a href=\"https:\/\/www.infobae.com\/america\/mexico\/2019\/07\/17\/la-sentencia-de-joaquin-el-chapo-guzman-al-momento\/\">celebr\u00f3 la sentencia<\/a>\u00a0de quien considera el mayor narcotraficante del planeta desde la muerte del colombiano\u00a0<strong>Pablo Escobar con bombos y platillos.<\/strong><\/p>\n<\/div>\n<\/div>\n<div class=\"row pb-content-type-text\">\n<div class=\"col-xs-12 col-print-12\">\n<p class=\"element element-paragraph\"><strong>&#8220;Nos aseguraremos de que pase cada minuto de cada d\u00eda del resto de su vida en prisi\u00f3n aqu\u00ed, en Estados Unidos&#8221;<\/strong>, dijo a periodistas el fiscal federal de Brooklyn, Rihard Donoghue.<\/p>\n<\/div>\n<\/div>\n<div class=\"row pb-content-type-text\">\n<div class=\"col-xs-12 col-print-12\">\n<p class=\"element element-paragraph\"><strong>&#8220;Con la sentencia se separa el mito del Chapo del hombre Joaqu\u00edn Guzm\u00e1n, y para el hombre es el final de la cuerda, y es una realidad de la cual no podr\u00e1 escapar&#8221;,<\/strong>sostuvo por su lado \u00c1ngel Mel\u00e9ndez, agente especial del departamento de Seguridad Interior para Nueva York.<\/p>\n<\/div>\n<\/div>\n<div class=\"row pb-content-type-text\">\n<div class=\"col-xs-12 col-print-12\">\n<p class=\"element element-paragraph\">En sus palabras, el exjefe del cartel de Sinaloa tambi\u00e9n se quej\u00f3 de sus condiciones de reclusi\u00f3n.<\/p>\n<\/div>\n<\/div>\n<div class=\"row pb-content-type-text\">\n<div class=\"col-xs-12 col-print-12\">\n<p class=\"element element-paragraph\"><strong>&#8220;Ha sido una tortura las 24 horas, emocional, psicol\u00f3gica, mental&#8221;<\/strong>, dijo, y lament\u00f3 amargamente no poder abrazar a sus hijas mellizas, que no acudieron este mi\u00e9rcoles, ni poder recibir visitas de su esposa, la exreina de belleza Emma Coronel, de 30 a\u00f1os.<\/p>\n<\/div>\n<\/div>\n<div class=\"row pb-content-type-image\">\n<figure class=\"element element-image col-xs-12\">\n<div class=\"single-image\">\n<div class=\"shares\">\n<div class=\"share-button facebook\" data-url=\"https:\/\/www.infobae.com\/america\/mexico\/2019\/07\/17\/joaquin-el-chapo-guzman-fue-condenado-a-cadena-perpetua-no-tuve-un-juicio-justo-dijo-sin-mostrar-arrepentimiento\/%23LWLZWAGXRJBPPKRNLAAQEMIUJY\" data-original=\"https:\/\/s3.amazonaws.com\/arc-wordpress-client-uploads\/infobae-wp\/wp-content\/uploads\/2019\/07\/17122950\/000_1IV2L11.jpg\"><\/div>\n<\/div>\n<p><img decoding=\"async\" id=\"LWLZWAGXRJBPPKRNLAAQEMIUJY\" class=\"image-lazy\" src=\"https:\/\/www.infobae.com\/new-resizer\/k_Gea4qLqxTMu6vRHpMvnZjZSn4=\/750x0\/filters:quality(100)\/s3.amazonaws.com\/arc-wordpress-client-uploads\/infobae-wp\/wp-content\/uploads\/2019\/07\/17122950\/000_1IV2L11.jpg\" alt=\"(Foto: Johannes EISELE \/ AFP)\" width=\"750\" height=\"500.0\" data-url=\"https:\/\/www.infobae.com\/america\/mexico\/2019\/07\/17\/joaquin-el-chapo-guzman-fue-condenado-a-cadena-perpetua-no-tuve-un-juicio-justo-dijo-sin-mostrar-arrepentimiento\/%23LWLZWAGXRJBPPKRNLAAQEMIUJY\" data-original=\"https:\/\/www.infobae.com\/new-resizer\/k_Gea4qLqxTMu6vRHpMvnZjZSn4=\/750x0\/filters:quality(100)\/s3.amazonaws.com\/arc-wordpress-client-uploads\/infobae-wp\/wp-content\/uploads\/2019\/07\/17122950\/000_1IV2L11.jpg\" \/><\/p>\n<\/div><figcaption class=\"\"><span class=\"credit\">(Foto: Johannes EISELE \/ AFP)<\/span><\/figcaption><\/figure>\n<\/div>\n<div class=\"row pb-content-type-text\">\n<div class=\"col-xs-12 col-print-12\">\n<p class=\"element element-paragraph\">Cuando entr\u00f3 y sali\u00f3 de la sala, el\u00a0<strong class=\"highlight\">Chapo<\/strong>\u00a0lanz\u00f3 besos a Coronel y se toc\u00f3 el coraz\u00f3n, y ella hizo lo mismo.<\/p>\n<\/div>\n<\/div>\n<div class=\"row pb-content-type-text\">\n<div class=\"col-xs-12 col-print-12\">\n<p class=\"element element-paragraph\">Durante el juicio, la acusaci\u00f3n present\u00f3 pruebas de que Guzm\u00e1n orden\u00f3 la muerte o tortur\u00f3 y mat\u00f3 \u00e9l mismo a por lo menos 26 personas o grupos de personas, incluidos supuestos informantes, narcos rivales, polic\u00edas, socios y hasta familiares.<\/p>\n<\/div>\n<\/div>\n<div class=\"row pb-content-type-text\">\n<div class=\"col-xs-12 col-print-12\">\n<p class=\"element element-paragraph\">Luego de un rocambolesco juicio de tres meses, lleno de momentos escabrosos y surrealistas, el 12 de febrero un jurado le declar\u00f3 culpable de 10 delitos de narcotr\u00e1fico, lavado de dinero y posesi\u00f3n de armas de fuego.<\/p>\n<\/div>\n<\/div>\n<div class=\"row pb-content-type-text\">\n<div class=\"col-xs-12 col-print-12\">\n<p class=\"element element-paragraph\"><strong>&#8220;Un mill\u00f3n de d\u00f3lares&#8221;\u00a0<\/strong><\/p>\n<\/div>\n<\/div>\n<div class=\"row pb-content-type-text\">\n<div class=\"col-xs-12 col-print-12\">\n<p class=\"element element-paragraph\">Durante la sesi\u00f3n, los presentes pudieron tambi\u00e9n escuchar a una de las v\u00edctimas que sobrevivi\u00f3 a un intento de asesinato del\u00a0Chapo:\u00a0<strong>Andrea Fern\u00e1ndez Velez, quien ley\u00f3 llorando su testimonio.<\/strong><\/p>\n<\/div>\n<\/div>\n<div class=\"row pb-content-type-text\">\n<div class=\"col-xs-12 col-print-12\">\n<p class=\"element element-paragraph\">Velez, exasistente y amiga del narco colombiano y socio del\u00a0Chapo\u00a0Alex Cifuentes, ten\u00eda una agencia de modelos en Ciudad de M\u00e9xico, una empresa fachada que en realidad ofrec\u00eda prostitutas a funcionarios mexicanos, todo pagado por el\u00a0Chapo.<\/p>\n<\/div>\n<\/div>\n<div class=\"row pb-content-type-text\">\n<div class=\"col-xs-12 col-print-12\">\n<p class=\"element element-paragraph\">El\u00a0Chapo\u00a0<strong>&#8220;ofreci\u00f3 un mill\u00f3n de dolares a los Hells Angels (una pandilla de motociclistas) para acabar con mi vida&#8221;<\/strong>. &#8220;Eso me caus\u00f3 un da\u00f1o psicol\u00f3gico, afortunadamente me enter\u00e9 y escap\u00e9 con la ayuda del FBI&#8221;, dijo Velez, quien asegur\u00f3 que sus &#8220;captores&#8221; le &#8220;recordaron que si me iba, solo pod\u00eda hacerlo en una bolsa de pl\u00e1stico y con los pies hacia delante&#8221;.<\/p>\n<\/div>\n<\/div>\n<div class=\"row pb-content-type-image\">\n<figure class=\"element element-image col-xs-12\">\n<div class=\"single-image\">\n<div class=\"shares\">\n<div class=\"share-button facebook\" data-url=\"https:\/\/www.infobae.com\/america\/mexico\/2019\/07\/17\/joaquin-el-chapo-guzman-fue-condenado-a-cadena-perpetua-no-tuve-un-juicio-justo-dijo-sin-mostrar-arrepentimiento\/%23323B2KVD2JFUTDDMRT7GWTKRGE\" data-original=\"https:\/\/s3.amazonaws.com\/arc-wordpress-client-uploads\/infobae-wp\/wp-content\/uploads\/2019\/07\/17103027\/063_1156029407.jpg\"><\/div>\n<\/div>\n<p><img decoding=\"async\" id=\"323B2KVD2JFUTDDMRT7GWTKRGE\" class=\"image-lazy\" src=\"https:\/\/www.infobae.com\/new-resizer\/gG6Xjz46jVkZUs8WZH3ytGR9oC8=\/750x0\/filters:quality(100)\/s3.amazonaws.com\/arc-wordpress-client-uploads\/infobae-wp\/wp-content\/uploads\/2019\/07\/17103027\/063_1156029407.jpg\" alt=\"(Foto: Angerer\/Getty Images\/AFP\" width=\"750\" height=\"500.0\" data-url=\"https:\/\/www.infobae.com\/america\/mexico\/2019\/07\/17\/joaquin-el-chapo-guzman-fue-condenado-a-cadena-perpetua-no-tuve-un-juicio-justo-dijo-sin-mostrar-arrepentimiento\/%23323B2KVD2JFUTDDMRT7GWTKRGE\" data-original=\"https:\/\/www.infobae.com\/new-resizer\/gG6Xjz46jVkZUs8WZH3ytGR9oC8=\/750x0\/filters:quality(100)\/s3.amazonaws.com\/arc-wordpress-client-uploads\/infobae-wp\/wp-content\/uploads\/2019\/07\/17103027\/063_1156029407.jpg\" \/><\/p>\n<\/div><figcaption class=\"\"><span class=\"credit\">(Foto: Angerer\/Getty Images\/AFP<\/span><\/figcaption><\/figure>\n<\/div>\n<div class=\"row pb-content-type-text\">\n<div class=\"col-xs-12 col-print-12\">\n<p class=\"element element-paragraph\">En el juicio, Cifuentes cont\u00f3 que a pedido del\u00a0Chapo, Fern\u00e1ndez Velez ofreci\u00f3 a un general mexicano no identificado 10 millones de d\u00f3lares para que dejara de perseguir al capo.<\/p>\n<\/div>\n<\/div>\n<div class=\"row pb-content-type-text\">\n<div class=\"col-xs-12 col-print-12\">\n<p class=\"element element-paragraph\">Pero el militar rechaz\u00f3 la oferta, y el\u00a0Chapo, furioso, decidi\u00f3 matarla porque cre\u00eda que \u00e9sta lo hab\u00eda traicionado.<\/p>\n<\/div>\n<\/div>\n<div class=\"row pb-content-type-text\">\n<div class=\"col-xs-12 col-print-12\">\n<p class=\"element element-paragraph\">El\u00a0Chapo, protagonista de dos espectaculares fugas de prisi\u00f3n de c\u00e1rceles mexicanas y extraditado a Estados Unidos en enero de 2017, est\u00e1 detenido desde entonces en aislamiento casi total en una c\u00e1rcel de m\u00e1xima seguridad de Manhattan.<\/p>\n<\/div>\n<\/div>\n<div class=\"row pb-content-type-text\">\n<div class=\"col-xs-12 col-print-12\">\n<p class=\"element element-paragraph\">Probablemente cumplir\u00e1 su sentencia en la c\u00e1rcel de Colorado ADX Florence, conocida como la &#8220;Alcatraz de las Monta\u00f1as Rocosas&#8221; y considerada la m\u00e1s segura de Estados Unidos.<\/p>\n<\/div>\n<\/div>\n<div class=\"row pb-content-type-text\">\n<div class=\"col-xs-12 col-print-12\">\n<p class=\"element element-paragraph\"><strong>&#8220;Ser\u00e1 un paseo en el parque en comparaci\u00f3n adonde est\u00e1 ahora&#8221;<\/strong>, dijo a periodistas este mi\u00e9rcoles su abogado, Jeffrey Lichtman.<\/p>\n<\/div>\n<\/div>\n<div class=\"row pb-content-type-text\">\n<div class=\"col-xs-12 col-print-12\">\n<p class=\"element element-paragraph\">El juicio fue un fascinante viaje a uno de los mayores y m\u00e1s despiadados carteles de la droga.<\/p>\n<\/div>\n<\/div>\n<div class=\"row pb-content-type-text\">\n<div class=\"col-xs-12 col-print-12\">\n<p class=\"element element-paragraph\">La fiscal\u00eda convoc\u00f3 al proceso a 56 testigos, incluidos 14 exsocios, amigos y hasta una amante del\u00a0<strong class=\"highlight\">Chapo<\/strong>\u00a0que se escap\u00f3 con \u00e9l desnudo corriendo por un t\u00fanel, as\u00ed como a agentes del FBI, la agencia antidrogas DEA y otras agencias del gobierno.<\/p>\n<\/div>\n<\/div>\n<div class=\"row pb-content-type-text\">\n<div class=\"col-xs-12 col-print-12\">\n<p class=\"element element-paragraph\">El gobierno estadounidense quiere requisarle m\u00e1s de 12.600 millones de d\u00f3lares en bienes, la suma que habr\u00eda amasado. Pero hasta ahora no han podido incautar al\u00a0<strong class=\"highlight\">Chapo<\/strong>\u00a0ni un centavo.<\/p>\n<\/div>\n<\/div>\n<div class=\"row pb-content-type-text\">\n<div class=\"col-xs-12 col-print-12\">\n<p class=\"element element-paragraph\"><strong>&#8220;Alcatraz de las Monta\u00f1as Rocosas&#8221;, el infierno en la Tierra<\/strong><\/p>\n<\/div>\n<\/div>\n<div class=\"row pb-content-type-image\">\n<figure class=\"element element-image col-xs-12\">\n<div class=\"single-image\">\n<div class=\"shares\">\n<div class=\"share-button facebook\" data-url=\"https:\/\/www.infobae.com\/america\/mexico\/2019\/07\/17\/joaquin-el-chapo-guzman-fue-condenado-a-cadena-perpetua-no-tuve-un-juicio-justo-dijo-sin-mostrar-arrepentimiento\/%23OD3NTRPHKBAEXG44SICAJSG33Q\" data-original=\"https:\/\/s3.amazonaws.com\/arc-wordpress-client-uploads\/infobae-wp\/wp-content\/uploads\/2019\/02\/06003709\/adx-florence-67.png\"><\/div>\n<\/div>\n<p><img decoding=\"async\" id=\"OD3NTRPHKBAEXG44SICAJSG33Q\" class=\"image-lazy\" src=\"https:\/\/www.infobae.com\/new-resizer\/PBX2NqABYkqZ_cVeHZcPjFmzb24=\/750x0\/filters:quality(100)\/s3.amazonaws.com\/arc-wordpress-client-uploads\/infobae-wp\/wp-content\/uploads\/2019\/02\/06003709\/adx-florence-67.png\" alt=\"ADX Florence se encuentra en el condado de Florence, Colorado (Foto: Especial)\" width=\"750\" height=\"469.9367088607595\" data-url=\"https:\/\/www.infobae.com\/america\/mexico\/2019\/07\/17\/joaquin-el-chapo-guzman-fue-condenado-a-cadena-perpetua-no-tuve-un-juicio-justo-dijo-sin-mostrar-arrepentimiento\/%23OD3NTRPHKBAEXG44SICAJSG33Q\" data-original=\"https:\/\/www.infobae.com\/new-resizer\/PBX2NqABYkqZ_cVeHZcPjFmzb24=\/750x0\/filters:quality(100)\/s3.amazonaws.com\/arc-wordpress-client-uploads\/infobae-wp\/wp-content\/uploads\/2019\/02\/06003709\/adx-florence-67.png\" \/><\/p>\n<\/div><figcaption class=\"\"><span class=\"credit\">ADX Florence se encuentra en el condado de Florence, Colorado (Foto: Especial)<\/span><\/figcaption><\/figure>\n<\/div>\n<div class=\"row pb-content-type-text\">\n<div class=\"col-xs-12 col-print-12\">\n<p class=\"element element-paragraph\">De acuerdo con el diario\u00a0<em>The New York Times<\/em>,\u00a0<strong><a href=\"https:\/\/www.infobae.com\/america\/mexico\/2019\/07\/16\/asi-sera-el-dia-d-de-el-chapo-guzman-su-sentencia-y-traslado-paso-a-paso\/\">la Penitenciar\u00eda de M\u00e1xima Administrativa de los Estados Unidos (ADX) ubicada en el estado de Colorado, est\u00e1 destinada a encarcelar a lo peor de la clase criminal<\/a>.<\/strong>\u00a0Ah\u00ed se encuentra las personas que el gobierno considera enemigos del estado, por lo que son sometidos a los niveles m\u00e1s extremos de confinamiento solitario.<\/p>\n<\/div>\n<\/div>\n<div class=\"row pb-content-type-text\">\n<div class=\"col-xs-12 col-print-12\">\n<p class=\"element element-paragraph\"><strong>Sus celdas tienen una dimensi\u00f3n de 3.5 x 2 metros, est\u00e1n hechas con muros gruesos de cemento y cerradas por una doble puerta met\u00e1lica que impide que los reos se vean unos a otros.<\/strong><\/p>\n<\/div>\n<\/div>\n<div class=\"row pb-content-type-text\">\n<div class=\"col-xs-12 col-print-12\">\n<p class=\"element element-paragraph\">Algunos de los presos tienen acceso a televisi\u00f3n y libros y s\u00f3lo pueden salir a ejercitarse 10 horas a la semana. Sus visitas al patio al aire libre est\u00e1n limitadas a una jaula personal.<\/p>\n<\/div>\n<\/div>\n<div class=\"row pb-content-type-text\">\n<div class=\"col-xs-12 col-print-12\">\n<p class=\"element element-paragraph\"><strong>En esta prisi\u00f3n se encuentran varios terroristas isl\u00e1micos de alto perfil.<\/strong>\u00a0Ah\u00ed se encuentran\u00a0<strong>Dzhokhar Tsarnaev,<\/strong>\u00a0quien coloc\u00f3 una bomba en el Marat\u00f3n de Boston o\u00a0<strong>Ted Kaczynski, &#8220;Unabomber&#8221;<\/strong>. Otros terroristas extranjeros condenados a vivir en esta prisi\u00f3n incluyen al conspirador del 11-S,\u00a0<strong>Zacarias Moussaoui;<\/strong>\u00a0adem\u00e1s del cerebro del bombardeo del World Trade Center en 1993,<strong>\u00a0Ramzi Yousef.<\/strong><\/p>\n<\/div>\n<\/div>\n<div class=\"row pb-content-type-image\">\n<figure class=\"element element-image col-xs-12\">\n<div class=\"single-image\">\n<div class=\"shares\">\n<div class=\"share-button facebook\" data-url=\"https:\/\/www.infobae.com\/america\/mexico\/2019\/07\/17\/joaquin-el-chapo-guzman-fue-condenado-a-cadena-perpetua-no-tuve-un-juicio-justo-dijo-sin-mostrar-arrepentimiento\/%23N2XMXMKCGFFHNCMCNDDIIACB5M\" data-original=\"https:\/\/s3.amazonaws.com\/arc-wordpress-client-uploads\/infobae-wp\/wp-content\/uploads\/2019\/05\/25134835\/prisi%C3%B3n-de-m%C3%A1xima-seguridad-de-Florence1.png\"><\/div>\n<\/div>\n<p><img decoding=\"async\" id=\"N2XMXMKCGFFHNCMCNDDIIACB5M\" class=\"image-lazy\" src=\"https:\/\/www.infobae.com\/new-resizer\/IpagPVb5U4T8iISW_lTOqaoP47s=\/750x0\/filters:quality(100)\/s3.amazonaws.com\/arc-wordpress-client-uploads\/infobae-wp\/wp-content\/uploads\/2019\/05\/25134835\/prisi%C3%B3n-de-m%C3%A1xima-seguridad-de-Florence1.png\" alt=\"La prisi\u00f3n de m\u00e1xima seguridad de Florence, Colorado, donde \u201cEl Chapo\u201d cumplir\u00e1 su sentencia\" width=\"750\" height=\"486.2637362637363\" data-url=\"https:\/\/www.infobae.com\/america\/mexico\/2019\/07\/17\/joaquin-el-chapo-guzman-fue-condenado-a-cadena-perpetua-no-tuve-un-juicio-justo-dijo-sin-mostrar-arrepentimiento\/%23N2XMXMKCGFFHNCMCNDDIIACB5M\" data-original=\"https:\/\/www.infobae.com\/new-resizer\/IpagPVb5U4T8iISW_lTOqaoP47s=\/750x0\/filters:quality(100)\/s3.amazonaws.com\/arc-wordpress-client-uploads\/infobae-wp\/wp-content\/uploads\/2019\/05\/25134835\/prisi%C3%B3n-de-m%C3%A1xima-seguridad-de-Florence1.png\" \/><\/p>\n<\/div><figcaption class=\"\"><span class=\"credit\">La prisi\u00f3n de m\u00e1xima seguridad de Florence, Colorado, donde \u201cEl Chapo\u201d cumplir\u00e1 su sentencia<\/span><\/figcaption><\/figure>\n<\/div>\n<div class=\"row pb-content-type-text\">\n<div class=\"col-xs-12 col-print-12\">\n<p class=\"element element-paragraph\">De acuerdo con el ex convicto\u00a0<strong><a href=\"https:\/\/www.infobae.com\/america\/mexico\/2019\/07\/13\/lo-que-le-espera-a-el-chapo-guzman-en-la-prision-supermax-23-horas-en-la-celda-y-convivir-con-peligrosos-terroristas\/\">Travis Dusenbury<\/a>, q<\/strong>uien estuvo preso en la &#8220;Super Max&#8221; cont\u00f3 su experiencia a The Marshall Project.<\/p>\n<\/div>\n<\/div>\n<div class=\"row pb-content-type-text\">\n<div class=\"col-xs-12 col-print-12\">\n<p class=\"element element-paragraph\">&#8220;No es como ninguna de las prisiones en las que he estado, y he estado en muchas prisiones, pero al menos en esos lugares siempre pod\u00eda ver una carretera, ver el cielo&#8221;<\/p>\n<\/div>\n<\/div>\n<div class=\"row pb-content-type-text\">\n<div class=\"col-xs-12 col-print-12\">\n<p class=\"element element-paragraph\">&#8220;En el ADX no puedes ver nada, ni una autopista en la distancia, ni el cielo. Sabes que en el momento en que llegas all\u00ed no ver\u00e1s nada de eso, no por a\u00f1os y a\u00f1os. Simplemente est\u00e1s apagando del mundo. Lo sientes. Se hunde, esa sensaci\u00f3n de pavor. Es el lugar m\u00e1s duro que hayas visto nunca. Nada vivo, ni una peque\u00f1a hierba en alg\u00fan lugar. Mi celda era completamente concreta&#8221;, continu\u00f3.<\/p>\n<\/div>\n<\/div>\n<div class=\"row pb-content-type-text\">\n<div class=\"col-xs-12 col-print-12\">\n<p class=\"element element-paragraph\">Otro testimonio, el de\u00a0<strong>Richard McNair<\/strong>, quien cumpl\u00eda una sentencia de cadena perpetua por asesinato, escap\u00f3 tres veces de otras prisiones: una vez que usaba b\u00e1lsamo labial para exprimir las esposas y, en otro caso, sal\u00eda de la prisi\u00f3n con bolsas de correo. Fugas que inevitablemente hacen recordar al narcotraficante mexicano.<\/p>\n<\/div>\n<\/div>\n<div class=\"row pb-content-type-text\">\n<div class=\"col-xs-12 col-print-12\">\n<p class=\"element element-paragraph\"><strong>Lo narrado por McNair retrata lo que le espera a &#8220;El Chapo&#8221;<\/strong>: &#8220;En general,\u00a0<strong>te ven como menos que un humano<\/strong>, hab\u00eda esta mirada despectiva todo el tiempo. Y experimentan contigo al ponerte al lado de personas con quienes sab\u00edan que ten\u00edas historias violentas. Creo que la mayor\u00eda de las personas dan por sentado que son humanos, pero cuando llegas al ADX, te das cuenta de que ser humano no es un derecho de nacimiento&#8221;, asegur\u00f3.<\/p>\n<\/div>\n<\/div>\n<div class=\"row pb-content-type-text\">\n<div class=\"col-xs-12 col-print-12\">\n<p class=\"element element-paragraph\"><strong>Los secretos contados por criminales que traicionaron a &#8220;El Chapo&#8221;<\/strong><\/p>\n<\/div>\n<\/div>\n<div class=\"row pb-content-type-image\">\n<figure class=\"element element-image col-xs-12\">\n<div class=\"single-image\">\n<div class=\"shares\">\n<div class=\"share-button facebook\" data-url=\"https:\/\/www.infobae.com\/america\/mexico\/2019\/07\/17\/joaquin-el-chapo-guzman-fue-condenado-a-cadena-perpetua-no-tuve-un-juicio-justo-dijo-sin-mostrar-arrepentimiento\/%23PGJNKUZPQJCYFILGQ6DGS7N6DI\" data-original=\"https:\/\/s3.amazonaws.com\/arc-wordpress-client-uploads\/infobae-wp\/wp-content\/uploads\/2019\/05\/03162354\/chapo-mayo.png\"><\/div>\n<\/div>\n<p><img decoding=\"async\" id=\"PGJNKUZPQJCYFILGQ6DGS7N6DI\" class=\"image-lazy\" src=\"https:\/\/www.infobae.com\/new-resizer\/tWAZgjiEVB9ZePv13KHSDEUEYGA=\/750x0\/filters:quality(100)\/s3.amazonaws.com\/arc-wordpress-client-uploads\/infobae-wp\/wp-content\/uploads\/2019\/05\/03162354\/chapo-mayo.png\" alt=\"Foto: Especial\" width=\"750\" height=\"352.79870828848226\" data-url=\"https:\/\/www.infobae.com\/america\/mexico\/2019\/07\/17\/joaquin-el-chapo-guzman-fue-condenado-a-cadena-perpetua-no-tuve-un-juicio-justo-dijo-sin-mostrar-arrepentimiento\/%23PGJNKUZPQJCYFILGQ6DGS7N6DI\" data-original=\"https:\/\/www.infobae.com\/new-resizer\/tWAZgjiEVB9ZePv13KHSDEUEYGA=\/750x0\/filters:quality(100)\/s3.amazonaws.com\/arc-wordpress-client-uploads\/infobae-wp\/wp-content\/uploads\/2019\/05\/03162354\/chapo-mayo.png\" \/><\/p>\n<\/div><figcaption class=\"\"><span class=\"credit\">Foto: Especial<\/span><\/figcaption><\/figure>\n<\/div>\n<div class=\"row pb-content-type-text\">\n<div class=\"col-xs-12 col-print-12\">\n<p class=\"element element-paragraph\"><strong><a href=\"https:\/\/www.infobae.com\/america\/mexico\/2019\/06\/29\/crimenes-rutas-de-envio-sobornos-y-otros-secretos-de-el-chapo-contados-por-criminales-que-lo-traicionaron\/\">Fueron sus socios, distribuidores y supuestos &#8220;amigos&#8221;, quienes hundieron legalmente al exjefe del C\u00e1rtel de Sinaloa, Joaqu\u00edn &#8220;El Chapo&#8221; Guzm\u00e1n<\/a><\/strong>, exponiendo detalles expl\u00edcitos de sus brutales cr\u00edmenes, negocio de drogas, enemigos, rutas de env\u00edo y sobornos.<\/p>\n<\/div>\n<\/div>\n<div class=\"row pb-content-type-text\">\n<div class=\"col-xs-12 col-print-12\">\n<p class=\"element element-paragraph\">Hablaron sobre el viejo socio que lo ayud\u00f3 a escapar de una prisi\u00f3n, su mejor proveedor de coca\u00edna, y hasta del temido t\u00e9cnico que instal\u00f3 un sistema de comunicaci\u00f3n y de espionaje para la c\u00e9lula delictiva de Sinaloa.<\/p>\n<\/div>\n<\/div>\n<div class=\"row pb-content-type-text\">\n<div class=\"col-xs-12 col-print-12\">\n<p class=\"element element-paragraph\"><strong>&#8220;El Rey&#8221;, hermano menor de Ismael &#8220;El Mayo&#8221; Zambada y quien representaba al c\u00e1rtel en la Ciudad de M\u00e9xico, fue el primer testigo cooperante de la Fiscal\u00eda estadounidense en sacudir la estrategia de la defensa de Guzm\u00e1n, alegando que \u00e9ste era uno de los principales l\u00edderes<\/strong>.<\/p>\n<\/div>\n<\/div>\n<div class=\"row pb-content-type-text\">\n<div class=\"col-xs-12 col-print-12\">\n<p class=\"element element-paragraph\">Realiz\u00f3 una radiograf\u00eda del tr\u00e1fico de drogas que lider\u00f3 &#8220;El Chapo&#8221; desde Colombia hasta Nueva York, Estados Unidos.<\/p>\n<\/div>\n<\/div>\n<div class=\"row pb-content-type-text\">\n<div class=\"col-xs-12 col-print-12\">\n<p class=\"element element-paragraph\">En el libro &#8220;El Chapo Guzm\u00e1n, el juicio del siglo&#8221;, la periodista Alejandra Ibarra Chaoul, una de las pocas comunicadoras en el mundo que cubri\u00f3 el juicio del capo, relat\u00f3 que &#8220;El Rey&#8221;, con su carisma, se gan\u00f3 la atenci\u00f3n del jurado.<\/p>\n<\/div>\n<\/div>\n<div class=\"row pb-content-type-image\">\n<figure class=\"element element-image col-xs-12\">\n<div class=\"single-image\">\n<div class=\"shares\">\n<div class=\"share-button facebook\" data-url=\"https:\/\/www.infobae.com\/america\/mexico\/2019\/07\/17\/joaquin-el-chapo-guzman-fue-condenado-a-cadena-perpetua-no-tuve-un-juicio-justo-dijo-sin-mostrar-arrepentimiento\/%23QLC6UCD77ZCS5DEHZ34MLERPSA\" data-original=\"https:\/\/s3.amazonaws.com\/arc-wordpress-client-uploads\/infobae-wp\/wp-content\/uploads\/2019\/06\/29135911\/Untitled9.png\"><\/div>\n<\/div>\n<p><img decoding=\"async\" id=\"QLC6UCD77ZCS5DEHZ34MLERPSA\" class=\"image-lazy\" src=\"https:\/\/www.infobae.com\/new-resizer\/Xkos5ftQgcOps2y773m3q1NQcY0=\/750x0\/filters:quality(100)\/s3.amazonaws.com\/arc-wordpress-client-uploads\/infobae-wp\/wp-content\/uploads\/2019\/06\/29135911\/Untitled9.png\" alt=\"Foto: Departamento de Justicia \/Univisi\u00f3n\" width=\"750\" height=\"421.875\" data-url=\"https:\/\/www.infobae.com\/america\/mexico\/2019\/07\/17\/joaquin-el-chapo-guzman-fue-condenado-a-cadena-perpetua-no-tuve-un-juicio-justo-dijo-sin-mostrar-arrepentimiento\/%23QLC6UCD77ZCS5DEHZ34MLERPSA\" data-original=\"https:\/\/www.infobae.com\/new-resizer\/Xkos5ftQgcOps2y773m3q1NQcY0=\/750x0\/filters:quality(100)\/s3.amazonaws.com\/arc-wordpress-client-uploads\/infobae-wp\/wp-content\/uploads\/2019\/06\/29135911\/Untitled9.png\" \/><\/p>\n<\/div><figcaption class=\"\"><span class=\"credit\">Foto: Departamento de Justicia \/Univisi\u00f3n<\/span><\/figcaption><\/figure>\n<\/div>\n<div class=\"row pb-content-type-text\">\n<div class=\"col-xs-12 col-print-12\">\n<p class=\"element element-paragraph\">Ah\u00ed, el narco asegur\u00f3 que &#8220;El Chapo&#8221; invert\u00eda con otros narcos en la importaci\u00f3n de coca\u00edna: compart\u00edan el transporte se divid\u00edan los sobornos y el personal para mover esa droga hasta el otro lado de la frontera norte de M\u00e9xico.<\/p>\n<\/div>\n<\/div>\n<div class=\"row pb-content-type-text\">\n<div class=\"col-xs-12 col-print-12\">\n<p class=\"element element-paragraph\"><strong>La estructura del C\u00e1rtel de Sinaloa<\/strong>, digna de una empresa trasnacional, inclu\u00eda l\u00edderes que manejaban a subl\u00edderes: si un cargamento ten\u00eda que llegar a Guerrero, hab\u00eda una persona ah\u00ed. No importaba de d\u00f3nde llegaba la coca\u00edna colombiana, pues la c\u00e9lula delictiva ten\u00eda la infraestructura para recibirla y llevarla a EEUU.<\/p>\n<\/div>\n<\/div>\n<div class=\"row pb-content-type-text\">\n<div class=\"col-xs-12 col-print-12\">\n<p class=\"element element-paragraph\"><strong>Una parte importante de esa organizaci\u00f3n eran los funcionarios p\u00fablicos que recib\u00edan una paga de los narcos<\/strong>, al igual que los transportistas, pilotos, ingenieros, choferes y guardias de seguridad.<\/p>\n<\/div>\n<\/div>\n<div class=\"row pb-content-type-text\">\n<div class=\"col-xs-12 col-print-12\">\n<p class=\"element element-paragraph\">En las an\u00e9cdotas de &#8220;El Rey&#8221; se escuch\u00f3 por primera vez los detalles de la pistola que siempre llevaba consigo &#8220;El Chapo&#8221;: una s\u00faper .38 con cachas de diamantes que ten\u00eda sus iniciales.<\/p>\n<\/div>\n<\/div>\n<div class=\"row pb-content-type-image\">\n<figure class=\"element element-image col-xs-12\">\n<div class=\"single-image\">\n<div class=\"shares\">\n<div class=\"share-button facebook\" data-url=\"https:\/\/www.infobae.com\/america\/mexico\/2019\/07\/17\/joaquin-el-chapo-guzman-fue-condenado-a-cadena-perpetua-no-tuve-un-juicio-justo-dijo-sin-mostrar-arrepentimiento\/%23QAFRGZ5POFE7VEQIZC45ITE4O4\" data-original=\"https:\/\/s3.amazonaws.com\/arc-wordpress-client-uploads\/infobae-wp\/wp-content\/uploads\/2019\/02\/12221300\/Chapo-Guzman-4.jpg\"><\/div>\n<\/div>\n<p><img decoding=\"async\" id=\"QAFRGZ5POFE7VEQIZC45ITE4O4\" class=\"image-lazy\" src=\"https:\/\/www.infobae.com\/new-resizer\/-ua63Jegaf_dby0yT6l7QEfr8_g=\/750x0\/filters:quality(100)\/s3.amazonaws.com\/arc-wordpress-client-uploads\/infobae-wp\/wp-content\/uploads\/2019\/02\/12221300\/Chapo-Guzman-4.jpg\" alt=\"(Foto: Captura de pantalla)\" width=\"750\" height=\"421.875\" data-url=\"https:\/\/www.infobae.com\/america\/mexico\/2019\/07\/17\/joaquin-el-chapo-guzman-fue-condenado-a-cadena-perpetua-no-tuve-un-juicio-justo-dijo-sin-mostrar-arrepentimiento\/%23QAFRGZ5POFE7VEQIZC45ITE4O4\" data-original=\"https:\/\/www.infobae.com\/new-resizer\/-ua63Jegaf_dby0yT6l7QEfr8_g=\/750x0\/filters:quality(100)\/s3.amazonaws.com\/arc-wordpress-client-uploads\/infobae-wp\/wp-content\/uploads\/2019\/02\/12221300\/Chapo-Guzman-4.jpg\" \/><\/p>\n<\/div><figcaption class=\"\"><span class=\"credit\">(Foto: Captura de pantalla)<\/span><\/figcaption><\/figure>\n<\/div>\n<div class=\"row pb-content-type-text\">\n<div class=\"col-xs-12 col-print-12\">\n<p class=\"element element-paragraph\"><strong>Una de las responsabilidades del hermano menor de &#8220;El Mayo&#8221; Zambada, era administrar las bodegas en la Ciudad de M\u00e9xico. La coca\u00edna llegaba de diferentes puertos y el principal proveedor era &#8220;Chupeta&#8221;, un narco colombiano que trabajaba para el C\u00e1rtel del Norte del Valle.<\/strong><\/p>\n<\/div>\n<\/div>\n<div class=\"row pb-content-type-text\">\n<div class=\"col-xs-12 col-print-12\">\n<p class=\"element element-paragraph\">La coca se empacaba en una especie de hule, se amarraba y se le pon\u00eda otro. &#8220;Se encinta, otro hule, lo encintas. Hasta que tengas la seguridad de que no se va a mojar si le cae agua&#8221;, dec\u00eda.<\/p>\n<\/div>\n<\/div>\n<div class=\"row pb-content-type-text\">\n<div class=\"col-xs-12 col-print-12\">\n<p class=\"element element-paragraph\"><strong>Cuando la droga sal\u00eda a la Ciudad de M\u00e9xico, se mandaba al pa\u00eds vecino en pipas de gas, a las que les hac\u00edan un doble fondo<\/strong>. Si deten\u00edan alguna y abr\u00edan la v\u00e1lvula, sal\u00eda olor a gas. Tambi\u00e9n transportaban coca\u00edna a trav\u00e9s de t\u00faneles, mediante operaci\u00f3n hormiga de coches particulares con la droga escondida en comportamientos secretos, dentro de submarino caseros y por avi\u00f3n.<\/p>\n<\/div>\n<\/div>\n<div class=\"row pb-content-type-text\">\n<div class=\"col-xs-12 col-print-12\">\n<p class=\"element element-paragraph\">Los sobornos se distribu\u00edan una vez al mes. &#8220;El Rey&#8221; le daba USD 300,000 al director de la Procuradur\u00eda General de la Rep\u00fablica, al de Caminos y Puentes Federales, al de la Polic\u00eda Judicial, al de homicidios, a las autoridades del aeropuerto y a polic\u00edas municipales.<\/p>\n<\/div>\n<\/div>\n","protected":false},"excerpt":{"rendered":"<p>El narcotraficante mexicano no mostr\u00f3 remordimientos. Pasar\u00e1 el resto de sus d\u00edas en una prisi\u00f3n de m\u00e1xima seguridad. Joaqu\u00edn &#8220;El Chapo&#8221; Guzm\u00e1n, uno de los narcotraficantes m\u00e1s\u00a0conocidos del mundo, recibi\u00f3 este mi\u00e9rcoles en Nueva York\u00a0todo el peso de la justicia estadounidense. Sin misericordia, ni acuerdos. Despu\u00e9s de un cuarto de siglo de actividad criminal, los [&hellip;]<\/p>\n","protected":false},"author":1,"featured_media":29630,"comment_status":"closed","ping_status":"closed","sticky":false,"template":"","format":"standard","meta":{"footnotes":""},"categories":[5],"tags":[],"class_list":["post-29629","post","type-post","status-publish","format-standard","has-post-thumbnail","hentry","category-internacionales"],"_links":{"self":[{"href":"http:\/\/informateesquina.com\/index.php?rest_route=\/wp\/v2\/posts\/29629","targetHints":{"allow":["GET"]}}],"collection":[{"href":"http:\/\/informateesquina.com\/index.php?rest_route=\/wp\/v2\/posts"}],"about":[{"href":"http:\/\/informateesquina.com\/index.php?rest_route=\/wp\/v2\/types\/post"}],"author":[{"embeddable":true,"href":"http:\/\/informateesquina.com\/index.php?rest_route=\/wp\/v2\/users\/1"}],"replies":[{"embeddable":true,"href":"http:\/\/informateesquina.com\/index.php?rest_route=%2Fwp%2Fv2%2Fcomments&post=29629"}],"version-history":[{"count":0,"href":"http:\/\/informateesquina.com\/index.php?rest_route=\/wp\/v2\/posts\/29629\/revisions"}],"wp:featuredmedia":[{"embeddable":true,"href":"http:\/\/informateesquina.com\/index.php?rest_route=\/"}],"wp:attachment":[{"href":"http:\/\/informateesquina.com\/index.php?rest_route=%2Fwp%2Fv2%2Fmedia&parent=29629"}],"wp:term":[{"taxonomy":"category","embeddable":true,"href":"http:\/\/informateesquina.com\/index.php?rest_route=%2Fwp%2Fv2%2Fcategories&post=29629"},{"taxonomy":"post_tag","embeddable":true,"href":"http:\/\/informateesquina.com\/index.php?rest_route=%2Fwp%2Fv2%2Ftags&post=29629"}],"curies":[{"name":"wp","href":"https:\/\/api.w.org\/{rel}","templated":true}]}}