{"id":29636,"date":"2019-07-17T19:20:41","date_gmt":"2019-07-17T22:20:41","guid":{"rendered":"https:\/\/informateesquina.com\/?p=29636"},"modified":"2019-07-17T19:20:41","modified_gmt":"2019-07-17T22:20:41","slug":"conflicto-en-la-superliga-por-los-promedios-11-clubes-no-dieron-quorum-y-no-se-aprobo-el-reglamento-del-torneo-de-primera","status":"publish","type":"post","link":"http:\/\/informateesquina.com\/?p=29636","title":{"rendered":"Conflicto en la Superliga por los promedios: 11 clubes no dieron qu\u00f3rum y no se aprob\u00f3 el reglamento del torneo de Primera"},"content":{"rendered":"<p><span class=\"subheadline\">Sin la normativa, el certamen de \u00e9lite no puede comenzar: con la medida, buscan presionar para modificar el sistema de descensos desde la temporada que est\u00e1 por comenzar.\u00a0<\/span><\/p>\n<div class=\"row pb-content-type-text\">\n<div class=\"col-xs-12 col-print-12\">\n<p class=\"element element-paragraph\">A menos de diez d\u00edas de su inicio,\u00a0<strong>la aprobaci\u00f3n del reglamento de la Superliga qued\u00f3 trabada<\/strong>\u00a0tras una reuni\u00f3n accidentada en las oficinas de la entidad en Puerto Madero. El foco del problema:<strong>\u00a0los promedios<\/strong>.\u00a0<strong>11 de los 24 equipos que participar\u00e1n del pr\u00f3ximo certamen de Primera Divisi\u00f3n est\u00e1n plantados en eliminar el sistema<\/strong>\u00a0que determinar\u00e1n los cuatro clubes que bajar\u00e1n de categor\u00eda y definirlo por puntos. Y, aunque en la votaci\u00f3n que se desarroll\u00f3 la semana pasada gan\u00f3 la postura de no innovar en la temporada que comenzar\u00e1 el 26 de julio, no abdicaron ante la derrota. Y<strong>\u00a0no dieron qu\u00f3rum, por lo que el encuentro debi\u00f3 ser suspendido<\/strong>. El nuevo c\u00f3nclave reci\u00e9n se desarrollar\u00eda la semana que viene, con el calendario asfixiando.<\/p>\n<\/div>\n<\/div>\n<div class=\"row pb-content-type-text\">\n<div class=\"col-xs-12 col-print-12\">\n<p class=\"element element-paragraph\">El grupo que, en consonancia con la AFA (que aboli\u00f3 los promedios en la Primra Nacional -ex B Nacional-, Primera B, C y D) quiere que los descensos se definan s\u00f3lo por los puntos de la presente temporada no ingres\u00f3 a la reuni\u00f3n.\u00a0<strong>Se trata de los representantes de Banfield, Lan\u00fas, Estudiantes, Gimnasia, Newell&#8217;s, Rosario Central, Col\u00f3n, Arsenal, Central C\u00f3rdoba de Santiago del Estero, Patronato y Argentinos<\/strong>, que apelan a lograr al menos\u00a0<strong>un consenso con un sistema mixto: dos descensos por promedios y dos por cosecha de unidades<\/strong>. Las instituciones coinciden con la mayor\u00eda de los clubes que tienen inconvenientes en la tabla paralela, la que contempla las tres \u00faltimas temporadas\u2026 El n\u00facleo duro se reuni\u00f3 previamente en el Hotel Hilton antes de hacer p\u00fablica su postura. Y busca llevar para su lado a otros equipos cuyo pensamiento no es tan tajante.<\/p>\n<\/div>\n<\/div>\n<div class=\"row pb-content-type-text\">\n<div class=\"col-xs-12 col-print-12\">\n<p class=\"element element-paragraph\">Del otro lado de la mesa,<strong>\u00a0s\u00ed se presentaron a sesionar los cinco equipos grandes (Boca, River, San Lorenzo, Racing e Independiente), Atl\u00e9tico Tucum\u00e1n, Uni\u00f3n, V\u00e9lez, Hurac\u00e1n, Talleres, Godoy Cruz y Defensa y Justicia. Aldosivi no se hizo presente<\/strong>, aunque est\u00e1 m\u00e1s cerca de los &#8220;rebeldes&#8221;.<\/p>\n<div class=\"teads-inread\">\n<div>\n<div class=\"teads-ui-components-credits\"><\/div>\n<\/div>\n<\/div>\n<\/div>\n<\/div>\n<div class=\"row pb-content-type-text\">\n<div class=\"col-xs-12 col-print-12\">\n<p class=\"element element-paragraph\">Desde Superliga aseguran que el inicio del torneo no corre riesgo de postergarse, pero la suspensi\u00f3n de la reuni\u00f3n es una medida de presi\u00f3n de los que quieren terminar de enterrar los promedios. A fines de mayo, en un c\u00f3nclave que se hab\u00eda realizado en un hotel c\u00e9ntrico,los clubes de \u00e9lite hab\u00edan llegado a un contexto para seguir la normativa de AFA, pero luego hubo marcha atr\u00e1s. Y hoy se escribi\u00f3 un nuevo cap\u00edtulo del conflicto. La novela continuar\u00e1.<\/p>\n<\/div>\n<\/div>\n","protected":false},"excerpt":{"rendered":"<p>Sin la normativa, el certamen de \u00e9lite no puede comenzar: con la medida, buscan presionar para modificar el sistema de descensos desde la temporada que est\u00e1 por comenzar.\u00a0 A menos de diez d\u00edas de su inicio,\u00a0la aprobaci\u00f3n del reglamento de la Superliga qued\u00f3 trabada\u00a0tras una reuni\u00f3n accidentada en las oficinas de la entidad en Puerto [&hellip;]<\/p>\n","protected":false},"author":1,"featured_media":29641,"comment_status":"closed","ping_status":"closed","sticky":false,"template":"","format":"standard","meta":{"footnotes":""},"categories":[3],"tags":[],"class_list":["post-29636","post","type-post","status-publish","format-standard","has-post-thumbnail","hentry","category-deportes"],"_links":{"self":[{"href":"http:\/\/informateesquina.com\/index.php?rest_route=\/wp\/v2\/posts\/29636","targetHints":{"allow":["GET"]}}],"collection":[{"href":"http:\/\/informateesquina.com\/index.php?rest_route=\/wp\/v2\/posts"}],"about":[{"href":"http:\/\/informateesquina.com\/index.php?rest_route=\/wp\/v2\/types\/post"}],"author":[{"embeddable":true,"href":"http:\/\/informateesquina.com\/index.php?rest_route=\/wp\/v2\/users\/1"}],"replies":[{"embeddable":true,"href":"http:\/\/informateesquina.com\/index.php?rest_route=%2Fwp%2Fv2%2Fcomments&post=29636"}],"version-history":[{"count":0,"href":"http:\/\/informateesquina.com\/index.php?rest_route=\/wp\/v2\/posts\/29636\/revisions"}],"wp:featuredmedia":[{"embeddable":true,"href":"http:\/\/informateesquina.com\/index.php?rest_route=\/"}],"wp:attachment":[{"href":"http:\/\/informateesquina.com\/index.php?rest_route=%2Fwp%2Fv2%2Fmedia&parent=29636"}],"wp:term":[{"taxonomy":"category","embeddable":true,"href":"http:\/\/informateesquina.com\/index.php?rest_route=%2Fwp%2Fv2%2Fcategories&post=29636"},{"taxonomy":"post_tag","embeddable":true,"href":"http:\/\/informateesquina.com\/index.php?rest_route=%2Fwp%2Fv2%2Ftags&post=29636"}],"curies":[{"name":"wp","href":"https:\/\/api.w.org\/{rel}","templated":true}]}}