{"id":29640,"date":"2019-07-17T20:31:27","date_gmt":"2019-07-17T23:31:27","guid":{"rendered":"https:\/\/informateesquina.com\/?p=29640"},"modified":"2019-07-17T20:31:27","modified_gmt":"2019-07-17T23:31:27","slug":"el-ministro-de-produccion-llega-a-esquina-con-una-agenda-cargada","status":"publish","type":"post","link":"http:\/\/informateesquina.com\/?p=29640","title":{"rendered":"El ministro de Producci\u00f3n llega a Esquina con una agenda cargada"},"content":{"rendered":"<p>El ministro de Producci\u00f3n de la provincia de\u00a0<em><strong>Corrientes<\/strong><\/em>, el Ing. Agr\u00f3nomo\u00a0<em><strong>Jorge Vara<\/strong><\/em>, dialog\u00f3 con el periodista de la FM Del R\u00edo, Ger\u00f3nimo Vega ya que este jueves estar\u00e1 en Esquina recorriendo diferentes obras y tambi\u00e9n se reunir\u00e1 con productores.<\/p>\n<p>\u201cTenemos una visita a la planta de la maderera Z, despu\u00e9s una reuni\u00f3n con \u00d1and\u00e9 Grupo -que hacen trabajo granadero &#8211; y luego \u00a0reuni\u00f3n con medianos productores. Despu\u00e9s \u00a0del mediod\u00eda vamos recorrer algunas de las obras de enripiado que vamos a hacer con el Fondo de Desarrollo Rural. Nuestra gira termina en Esquina no vamos a llegar a Pueblo libertador porque a la tarde tenemos actividades en Goya\u201d, coment\u00f3 el ministro.<\/p>\n<p>\u201cEn toda la gira nos acompa\u00f1ar\u00e1 el <em>Secretario de Agricultura y Ganader\u00eda<\/em>. Lic.\u00a0<em>Manuel Garc\u00eda Olano &#8211;<\/em> que adem\u00e1s es quien tiene el plan de mejoramiento de caminos rurales-,\u00a0 el responsable del el coordinador del\u00a0<em>Plan Aguas<\/em>\u00a0del Ministerio de Producci\u00f3n,\u00a0<em>Juan Manuel Pomar; <\/em>algunos legisladores provinciales; y tengo entendido que el senador Ricardo Colombi tambi\u00e9n nos acompa\u00f1ar\u00e1 en algunas reuniones\u201d.<\/p>\n","protected":false},"excerpt":{"rendered":"<p>El ministro de Producci\u00f3n de la provincia de\u00a0Corrientes, el Ing. Agr\u00f3nomo\u00a0Jorge Vara, dialog\u00f3 con el periodista de la FM Del R\u00edo, Ger\u00f3nimo Vega ya que este jueves estar\u00e1 en Esquina recorriendo diferentes obras y tambi\u00e9n se reunir\u00e1 con productores. \u201cTenemos una visita a la planta de la maderera Z, despu\u00e9s una reuni\u00f3n con \u00d1and\u00e9 Grupo [&hellip;]<\/p>\n","protected":false},"author":1,"featured_media":29644,"comment_status":"closed","ping_status":"closed","sticky":false,"template":"","format":"standard","meta":{"footnotes":""},"categories":[9],"tags":[],"class_list":["post-29640","post","type-post","status-publish","format-standard","has-post-thumbnail","hentry","category-politica"],"_links":{"self":[{"href":"http:\/\/informateesquina.com\/index.php?rest_route=\/wp\/v2\/posts\/29640","targetHints":{"allow":["GET"]}}],"collection":[{"href":"http:\/\/informateesquina.com\/index.php?rest_route=\/wp\/v2\/posts"}],"about":[{"href":"http:\/\/informateesquina.com\/index.php?rest_route=\/wp\/v2\/types\/post"}],"author":[{"embeddable":true,"href":"http:\/\/informateesquina.com\/index.php?rest_route=\/wp\/v2\/users\/1"}],"replies":[{"embeddable":true,"href":"http:\/\/informateesquina.com\/index.php?rest_route=%2Fwp%2Fv2%2Fcomments&post=29640"}],"version-history":[{"count":0,"href":"http:\/\/informateesquina.com\/index.php?rest_route=\/wp\/v2\/posts\/29640\/revisions"}],"wp:featuredmedia":[{"embeddable":true,"href":"http:\/\/informateesquina.com\/index.php?rest_route=\/"}],"wp:attachment":[{"href":"http:\/\/informateesquina.com\/index.php?rest_route=%2Fwp%2Fv2%2Fmedia&parent=29640"}],"wp:term":[{"taxonomy":"category","embeddable":true,"href":"http:\/\/informateesquina.com\/index.php?rest_route=%2Fwp%2Fv2%2Fcategories&post=29640"},{"taxonomy":"post_tag","embeddable":true,"href":"http:\/\/informateesquina.com\/index.php?rest_route=%2Fwp%2Fv2%2Ftags&post=29640"}],"curies":[{"name":"wp","href":"https:\/\/api.w.org\/{rel}","templated":true}]}}