{"id":29643,"date":"2019-07-17T21:26:22","date_gmt":"2019-07-18T00:26:22","guid":{"rendered":"https:\/\/informateesquina.com\/?p=29643"},"modified":"2019-07-17T21:26:22","modified_gmt":"2019-07-18T00:26:22","slug":"guillermo-burdisso-se-aleja-del-futbol-para-enfocarse-en-su-salud","status":"publish","type":"post","link":"http:\/\/informateesquina.com\/?p=29643","title":{"rendered":"Guillermo Burdisso se aleja del f\u00fatbol para enfocarse en su salud"},"content":{"rendered":"<h6 id=\"title\" style=\"text-align: center;\"><em><strong>El central cont\u00f3 que le descubrieron una arritmia en la revisi\u00f3n <\/strong><\/em><\/h6>\n<h6 style=\"text-align: center;\"><em><strong>m\u00e9dica que se estaba realizando para sumarse a San Lorenzo.<\/strong><\/em><\/h6>\n<div class=\"bajada\">\n<p>Guillermo Burdisso estaba listo para pasar San Lorenzo, donde lleg\u00f3 a hacerse la revisi\u00f3n m\u00e9dica. Pero en los estudios, seg\u00fan cont\u00f3 \u00e9l mismo este mi\u00e9rcoles,<strong>\u00a0le encontraron un problema\u00a0card\u00edaco que lo alejar\u00e1 de las canchas al menos 90 d\u00edas.<\/strong><\/p>\n<p><strong>&#8220;Es un momento dur\u00edsimo, nadie est\u00e1 preparado para una noticia as\u00ed&#8221;<\/strong>, lament\u00f3 el futbolista de Independiente. Y agreg\u00f3: &#8220;Me toca enfocarme en mi salud, ya sean tres, seis meses o\u00a0el tiempo que sea.\u00a0<strong>Voy a luchar\u00a0siempre para jugar al f\u00fatbol que es lo que s\u00e9 hacer y\u00a0lo que m\u00e1s amo&#8221;<\/strong>.<\/p>\n<div class=\"sp__Normal\">\n<div class=\"genoaFrame\">\n<div class=\"genoaContainer minified\">\n<div class=\"geonaCloseButton\"><\/div>\n<\/div>\n<\/div>\n<\/div>\n<p>El menor de los hermanos Burdisso\u00a0<strong>disput\u00f3 18 partidos por Superliga\u00a0la temporada pasada con el Rojo, bajo las \u00f3rdenes de Ariel Holan.<\/strong>\u00a0Pero como no iba a tener muchas chances con la llegada de Sebasti\u00e1n Beccacece, estaba a punto de sumarse al Cicl\u00f3n por pedido de Juan Antonio Pizzi.<\/p>\n<div class=\"sp__Normal\">\n<div class=\"image-embeb image-trigger pointer\" data-index=\"2\">\n<figure><img decoding=\"async\" src=\"https:\/\/images.clarin.com\/2019\/07\/17\/burdisso-con-la-camiseta-del___cySfqqPHY_720x0__1.jpg\" alt=\"Burdisso, con la camiseta del Rojo. (Alejandro PAGNI \/ AFP)\" data-big=\"https:\/\/images.clarin.com\/2019\/07\/17\/burdisso-con-la-camiseta-del___cySfqqPHY_720x0__1.jpg\" data-small=\"https:\/\/images.clarin.com\/2019\/07\/17\/burdisso-con-la-camiseta-del___cySfqqPHY_720x0__1.jpg\" data-observer-function=\"loadLazyImg\" \/><i class=\"fa fa-circle fa-stack-2x icon-background1\"><\/i><i class=\"fa fa-circle-o fa-stack-2x icon-background2\"><\/i><i class=\"fa fa-arrows-alt fa-stack-1x\"><\/i><\/figure>\n<p>Burdisso, con la camiseta del Rojo. (Alejandro PAGNI \/ AFP)<\/p>\n<\/div>\n<\/div>\n<div id=\"inread\" class=\"ad-slot\" data-adtype=\"inread\">\n<div id=\"inread_ad\" data-google-query-id=\"CKesjJuaveMCFcN8wQodepIOZQ\"><\/div>\n<\/div>\n<\/div>\n","protected":false},"excerpt":{"rendered":"<p>El central cont\u00f3 que le descubrieron una arritmia en la revisi\u00f3n m\u00e9dica que se estaba realizando para sumarse a San Lorenzo. Guillermo Burdisso estaba listo para pasar San Lorenzo, donde lleg\u00f3 a hacerse la revisi\u00f3n m\u00e9dica. Pero en los estudios, seg\u00fan cont\u00f3 \u00e9l mismo este mi\u00e9rcoles,\u00a0le encontraron un problema\u00a0card\u00edaco que lo alejar\u00e1 de las canchas [&hellip;]<\/p>\n","protected":false},"author":1,"featured_media":29647,"comment_status":"closed","ping_status":"closed","sticky":false,"template":"","format":"standard","meta":{"footnotes":""},"categories":[3],"tags":[],"class_list":["post-29643","post","type-post","status-publish","format-standard","has-post-thumbnail","hentry","category-deportes"],"_links":{"self":[{"href":"http:\/\/informateesquina.com\/index.php?rest_route=\/wp\/v2\/posts\/29643","targetHints":{"allow":["GET"]}}],"collection":[{"href":"http:\/\/informateesquina.com\/index.php?rest_route=\/wp\/v2\/posts"}],"about":[{"href":"http:\/\/informateesquina.com\/index.php?rest_route=\/wp\/v2\/types\/post"}],"author":[{"embeddable":true,"href":"http:\/\/informateesquina.com\/index.php?rest_route=\/wp\/v2\/users\/1"}],"replies":[{"embeddable":true,"href":"http:\/\/informateesquina.com\/index.php?rest_route=%2Fwp%2Fv2%2Fcomments&post=29643"}],"version-history":[{"count":0,"href":"http:\/\/informateesquina.com\/index.php?rest_route=\/wp\/v2\/posts\/29643\/revisions"}],"wp:featuredmedia":[{"embeddable":true,"href":"http:\/\/informateesquina.com\/index.php?rest_route=\/"}],"wp:attachment":[{"href":"http:\/\/informateesquina.com\/index.php?rest_route=%2Fwp%2Fv2%2Fmedia&parent=29643"}],"wp:term":[{"taxonomy":"category","embeddable":true,"href":"http:\/\/informateesquina.com\/index.php?rest_route=%2Fwp%2Fv2%2Fcategories&post=29643"},{"taxonomy":"post_tag","embeddable":true,"href":"http:\/\/informateesquina.com\/index.php?rest_route=%2Fwp%2Fv2%2Ftags&post=29643"}],"curies":[{"name":"wp","href":"https:\/\/api.w.org\/{rel}","templated":true}]}}