{"id":29672,"date":"2019-07-18T21:15:45","date_gmt":"2019-07-19T00:15:45","guid":{"rendered":"https:\/\/informateesquina.com\/?p=29672"},"modified":"2019-07-18T21:15:45","modified_gmt":"2019-07-19T00:15:45","slug":"suspenden-inauguracion-del-paso-fronterizo-ayolas-ituzaingo-para-fines-de-agosto","status":"publish","type":"post","link":"http:\/\/informateesquina.com\/?p=29672","title":{"rendered":"Suspenden inauguraci\u00f3n del paso fronterizo Ayolas -Ituzaing\u00f3 para fines de agosto"},"content":{"rendered":"<p class=\"copete\">As\u00ed lo expres\u00f3 el intendente de Ituzaing\u00f3, Eduardo Burna, en contacto con Radio Sudamericana. Indic\u00f3 que desde la EBY informaron que por una cuesti\u00f3n de agenda del presidente Mauricio Macri, el paso fronterizo Ituzaing\u00f3-Ayolas\u00a0reci\u00e9n se podr\u00e1 habilitar para fines de agosto.<\/p>\n<p>El Intendente de Ituzaing\u00f3, Eduardo Burna, dialog\u00f3 con Radio Sudamericana y manifest\u00f3 que en las \u00faltimas horas se confirm\u00f3 la suspensi\u00f3n de la inauguraci\u00f3n del paso fronterizo Ituzaing\u00f3 Ayolas.<\/p>\n<p>Indic\u00f3 que debido a la prohibici\u00f3n que tiene el presidente Mauricio Macri de realizar actos de inaguraci\u00f3n en pleno proceso electoral, se decidi\u00f3 suspender\u00a0hasta despu\u00e9s de las elecciones Primarias, que se realizar\u00e1 el 11 de agosto.<\/p>\n<p>&#8220;Si bien no hay fecha tentativa, podr\u00eda ser entre el 15 y 30 de agosto&#8221;, agreg\u00f3 Burna. S\u00f3lo restar\u00e1 que tanto el presidente argentino como el paraguayo coordinen agendas para participar del acto.<\/p>\n<p><em><strong>Fuente: Radio Sudamericana<\/strong><\/em><\/p>\n","protected":false},"excerpt":{"rendered":"<p>As\u00ed lo expres\u00f3 el intendente de Ituzaing\u00f3, Eduardo Burna, en contacto con Radio Sudamericana. Indic\u00f3 que desde la EBY informaron que por una cuesti\u00f3n de agenda del presidente Mauricio Macri, el paso fronterizo Ituzaing\u00f3-Ayolas\u00a0reci\u00e9n se podr\u00e1 habilitar para fines de agosto. El Intendente de Ituzaing\u00f3, Eduardo Burna, dialog\u00f3 con Radio Sudamericana y manifest\u00f3 que en [&hellip;]<\/p>\n","protected":false},"author":1,"featured_media":29673,"comment_status":"closed","ping_status":"closed","sticky":false,"template":"","format":"standard","meta":{"footnotes":""},"categories":[10],"tags":[136],"class_list":["post-29672","post","type-post","status-publish","format-standard","has-post-thumbnail","hentry","category-provinciales","tag-destacados"],"_links":{"self":[{"href":"http:\/\/informateesquina.com\/index.php?rest_route=\/wp\/v2\/posts\/29672","targetHints":{"allow":["GET"]}}],"collection":[{"href":"http:\/\/informateesquina.com\/index.php?rest_route=\/wp\/v2\/posts"}],"about":[{"href":"http:\/\/informateesquina.com\/index.php?rest_route=\/wp\/v2\/types\/post"}],"author":[{"embeddable":true,"href":"http:\/\/informateesquina.com\/index.php?rest_route=\/wp\/v2\/users\/1"}],"replies":[{"embeddable":true,"href":"http:\/\/informateesquina.com\/index.php?rest_route=%2Fwp%2Fv2%2Fcomments&post=29672"}],"version-history":[{"count":0,"href":"http:\/\/informateesquina.com\/index.php?rest_route=\/wp\/v2\/posts\/29672\/revisions"}],"wp:featuredmedia":[{"embeddable":true,"href":"http:\/\/informateesquina.com\/index.php?rest_route=\/"}],"wp:attachment":[{"href":"http:\/\/informateesquina.com\/index.php?rest_route=%2Fwp%2Fv2%2Fmedia&parent=29672"}],"wp:term":[{"taxonomy":"category","embeddable":true,"href":"http:\/\/informateesquina.com\/index.php?rest_route=%2Fwp%2Fv2%2Fcategories&post=29672"},{"taxonomy":"post_tag","embeddable":true,"href":"http:\/\/informateesquina.com\/index.php?rest_route=%2Fwp%2Fv2%2Ftags&post=29672"}],"curies":[{"name":"wp","href":"https:\/\/api.w.org\/{rel}","templated":true}]}}