{"id":29675,"date":"2019-07-18T21:29:50","date_gmt":"2019-07-19T00:29:50","guid":{"rendered":"https:\/\/informateesquina.com\/?p=29675"},"modified":"2019-07-18T21:29:50","modified_gmt":"2019-07-19T00:29:50","slug":"como-se-hundio-el-ara-san-juan-segun-un-informe-final","status":"publish","type":"post","link":"http:\/\/informateesquina.com\/?p=29675","title":{"rendered":"C\u00f3mo se hundi\u00f3 el ARA San Juan, seg\u00fan un informe final"},"content":{"rendered":"<p class=\"copete\" style=\"text-align: center;\"><em><strong>Para los miembros de la Bicameral parlamentaria el origen del hundimiento <\/strong><\/em><\/p>\n<p class=\"copete\" style=\"text-align: center;\"><em><strong>fue un incendio en el tanque de bater\u00eda 3 que provoc\u00f3 la &#8220;implosi\u00f3n&#8221; <\/strong><\/em><\/p>\n<p class=\"copete\" style=\"text-align: center;\"><em><strong>posterior, una &#8220;aver\u00eda&#8221; que fue &#8220;subestimada por todos los altos mandos&#8221; de la Armada.<\/strong><\/em><\/p>\n<p>El informe final de la Bicameral investigadora del hundimiento del submarino ARA San Juan se\u00f1ala &#8220;responsabilidades compartidas&#8221; de los altos mandos de la Armada y responsabiliza al poder pol\u00edtico por &#8220;un inadecuado manejo de la emergencia durante las horas cr\u00edticas&#8221; posteriores a la desaparici\u00f3n de la nave.<\/p>\n<p>Para los miembros de la Bicameral parlamentaria el origen del hundimiento fue un incendio en el tanque de bater\u00eda 3 que provoc\u00f3 la &#8220;implosi\u00f3n&#8221; posterior de San Juan, una &#8220;aver\u00eda&#8221; que fue &#8220;subestimada por todos los altos mandos&#8221; de la Armada.<\/p>\n<p>Durante le lectura de un resumen del informe, el presidente de la comisi\u00f3n, Jos\u00e9 Ojeda, habl\u00f3 de &#8220;responsabilidades compartidas&#8221; y &#8220;no de un s\u00f3lo autor&#8221; de lo ocurrido en el submarino hundido en el oc\u00e9ano Atl\u00e1ntico sur, frente a las costas argentinas, con 44 tripulantes a bordo.<\/p>\n<p>Asegur\u00f3 que hubo &#8220;una minimizaci\u00f3n de toda la cadena de mando&#8221; de los hechos y &#8220;un manejo inadecuado de la emergencia en las horas cr\u00edticas&#8221;.<\/p>\n<p>El texto, que fue suscrito en disidencia por los cuatro miembros del oficialismo, endilga responsabilidad pol\u00edtica al ministro de Defensa, Oscar Aguad, en el manejo de la crisis y en un supuesto &#8220;retaceo&#8221; y &#8220;falta de contenci\u00f3n&#8221; a los familiares de las v\u00edctimas en las horas posteriores a la p\u00e9rdida de contacto con el submarino.<\/p>\n<p>El resto del informe de 300 p\u00e1ginas fue firmado por todos los integrantes de la comisi\u00f3n en coincidencia.<\/p>\n","protected":false},"excerpt":{"rendered":"<p>Para los miembros de la Bicameral parlamentaria el origen del hundimiento fue un incendio en el tanque de bater\u00eda 3 que provoc\u00f3 la &#8220;implosi\u00f3n&#8221; posterior, una &#8220;aver\u00eda&#8221; que fue &#8220;subestimada por todos los altos mandos&#8221; de la Armada. El informe final de la Bicameral investigadora del hundimiento del submarino ARA San Juan se\u00f1ala &#8220;responsabilidades compartidas&#8221; [&hellip;]<\/p>\n","protected":false},"author":1,"featured_media":29676,"comment_status":"closed","ping_status":"closed","sticky":false,"template":"","format":"standard","meta":{"footnotes":""},"categories":[7],"tags":[],"class_list":["post-29675","post","type-post","status-publish","format-standard","has-post-thumbnail","hentry","category-nacionales"],"_links":{"self":[{"href":"http:\/\/informateesquina.com\/index.php?rest_route=\/wp\/v2\/posts\/29675","targetHints":{"allow":["GET"]}}],"collection":[{"href":"http:\/\/informateesquina.com\/index.php?rest_route=\/wp\/v2\/posts"}],"about":[{"href":"http:\/\/informateesquina.com\/index.php?rest_route=\/wp\/v2\/types\/post"}],"author":[{"embeddable":true,"href":"http:\/\/informateesquina.com\/index.php?rest_route=\/wp\/v2\/users\/1"}],"replies":[{"embeddable":true,"href":"http:\/\/informateesquina.com\/index.php?rest_route=%2Fwp%2Fv2%2Fcomments&post=29675"}],"version-history":[{"count":0,"href":"http:\/\/informateesquina.com\/index.php?rest_route=\/wp\/v2\/posts\/29675\/revisions"}],"wp:featuredmedia":[{"embeddable":true,"href":"http:\/\/informateesquina.com\/index.php?rest_route=\/"}],"wp:attachment":[{"href":"http:\/\/informateesquina.com\/index.php?rest_route=%2Fwp%2Fv2%2Fmedia&parent=29675"}],"wp:term":[{"taxonomy":"category","embeddable":true,"href":"http:\/\/informateesquina.com\/index.php?rest_route=%2Fwp%2Fv2%2Fcategories&post=29675"},{"taxonomy":"post_tag","embeddable":true,"href":"http:\/\/informateesquina.com\/index.php?rest_route=%2Fwp%2Fv2%2Ftags&post=29675"}],"curies":[{"name":"wp","href":"https:\/\/api.w.org\/{rel}","templated":true}]}}