{"id":29678,"date":"2019-07-18T21:42:13","date_gmt":"2019-07-19T00:42:13","guid":{"rendered":"https:\/\/informateesquina.com\/?p=29678"},"modified":"2019-07-18T21:42:13","modified_gmt":"2019-07-19T00:42:13","slug":"hablo-la-mama-del-prefecto-correntino-que-salvo-a-dos-hombres","status":"publish","type":"post","link":"http:\/\/informateesquina.com\/?p=29678","title":{"rendered":"Habl\u00f3 la mam\u00e1 del prefecto correntino que salv\u00f3 a dos hombres"},"content":{"rendered":"<p><strong>El Prefecto Oficial Auxiliar Guido Julian Toledo oriundo de Santa Lucia, fue reconocido por la Ministra de Seguridad de la Naci\u00f3n Patricia Bullrich. Tras nadar aproximadamente 20 metros, logr\u00f3 rescatar a dos pescadores que estaban ya con pocas fuerzas para mantenerse a flote. Por esta gran acci\u00f3n, el santaluce\u00f1o fue destacado este 16 de julio por la cuenta oficial de la Prefectura Naval Argentina.<\/strong><\/p>\n<p>&nbsp;<\/p>\n<p>Roxana Torres la mam\u00e1 de Guido Toledo dialog\u00f3 en exclusiva con Radio Dos de sus sensaciones acerca del trabajo de su hijo, expres\u00f3 que \u201ctoda la familia est\u00e1 orgullosa de \u00e9l\u201d y agreg\u00f3\u00a0 \u201cno puedo explicar lo que sent\u00eda en ese momento, estoy muy orgullosa\u201d.<\/p>\n<p>La mujer es madre de dos hijos y viuda hace dos a\u00f1os. \u201cEstoy segura que mi hijo lo volver\u00eda a hacer\u201d. \u201cSiempre quiso ser prefecto porque lo miraba a su t\u00edo con el uniforme\u201d, concluy\u00f3.<\/p>\n<p><img loading=\"lazy\" decoding=\"async\" class=\"alignnone size-medium wp-image-29682\" src=\"https:\/\/informateesquina.com\/wp-content\/uploads\/2019\/07\/40419w720-300x180.png\" alt=\"\" width=\"300\" height=\"180\" \/><\/p>\n","protected":false},"excerpt":{"rendered":"<p>El Prefecto Oficial Auxiliar Guido Julian Toledo oriundo de Santa Lucia, fue reconocido por la Ministra de Seguridad de la Naci\u00f3n Patricia Bullrich. Tras nadar aproximadamente 20 metros, logr\u00f3 rescatar a dos pescadores que estaban ya con pocas fuerzas para mantenerse a flote. Por esta gran acci\u00f3n, el santaluce\u00f1o fue destacado este 16 de julio [&hellip;]<\/p>\n","protected":false},"author":1,"featured_media":29679,"comment_status":"closed","ping_status":"closed","sticky":false,"template":"","format":"gallery","meta":{"footnotes":""},"categories":[11],"tags":[],"class_list":["post-29678","post","type-post","status-publish","format-gallery","has-post-thumbnail","hentry","category-sociedad","post_format-post-format-gallery"],"_links":{"self":[{"href":"http:\/\/informateesquina.com\/index.php?rest_route=\/wp\/v2\/posts\/29678","targetHints":{"allow":["GET"]}}],"collection":[{"href":"http:\/\/informateesquina.com\/index.php?rest_route=\/wp\/v2\/posts"}],"about":[{"href":"http:\/\/informateesquina.com\/index.php?rest_route=\/wp\/v2\/types\/post"}],"author":[{"embeddable":true,"href":"http:\/\/informateesquina.com\/index.php?rest_route=\/wp\/v2\/users\/1"}],"replies":[{"embeddable":true,"href":"http:\/\/informateesquina.com\/index.php?rest_route=%2Fwp%2Fv2%2Fcomments&post=29678"}],"version-history":[{"count":0,"href":"http:\/\/informateesquina.com\/index.php?rest_route=\/wp\/v2\/posts\/29678\/revisions"}],"wp:featuredmedia":[{"embeddable":true,"href":"http:\/\/informateesquina.com\/index.php?rest_route=\/"}],"wp:attachment":[{"href":"http:\/\/informateesquina.com\/index.php?rest_route=%2Fwp%2Fv2%2Fmedia&parent=29678"}],"wp:term":[{"taxonomy":"category","embeddable":true,"href":"http:\/\/informateesquina.com\/index.php?rest_route=%2Fwp%2Fv2%2Fcategories&post=29678"},{"taxonomy":"post_tag","embeddable":true,"href":"http:\/\/informateesquina.com\/index.php?rest_route=%2Fwp%2Fv2%2Ftags&post=29678"}],"curies":[{"name":"wp","href":"https:\/\/api.w.org\/{rel}","templated":true}]}}