{"id":29699,"date":"2019-07-19T17:44:25","date_gmt":"2019-07-19T20:44:25","guid":{"rendered":"https:\/\/informateesquina.com\/?p=29699"},"modified":"2019-07-19T17:44:25","modified_gmt":"2019-07-19T20:44:25","slug":"falta-de-merito-para-cristina-kirchner-en-la-causa-por-subsidios-al-gasoil","status":"publish","type":"post","link":"http:\/\/informateesquina.com\/?p=29699","title":{"rendered":"Falta de m\u00e9rito para Cristina Kirchner en la causa por subsidios al gasoil"},"content":{"rendered":"<div class=\"detail-body \">\n<div class=\"preview\">\n<h6 style=\"text-align: center;\">La C\u00e1mara Federal revoc\u00f3 un fallo de Bonadio y dispuso la falta de<\/h6>\n<h6 style=\"text-align: center;\">m\u00e9rito para la ex Presidenta en la causa por los subsidios a<\/h6>\n<h6 style=\"text-align: center;\">los combustibles del transporte p\u00fablico.<\/h6>\n<p>&nbsp;<\/p>\n<\/div>\n<\/div>\n<div class=\"detail-body\">\n<article id=\"note-body\" class=\"note-body first\" data-twitter-link=\"https:\/\/twitter.com\/intent\/tweet?url=https:\/\/www.minutouno.com\/c5043670&amp;v\u00eda=minutounocom&amp;related=MinutoUno&amp;text=\">\n<div class=\"row\">\n<div class=\"inside-note col-xs-12\">\n<p>La C\u00e1mara Federal porte\u00f1a revoc\u00f3 un fallo del juez<strong>\u00a0Claudio Bonadio<\/strong>\u00a0y dispuso la falta m\u00e9rito para la ex presidenta\u00a0<strong>Cristina Kirchner<\/strong> en la causa por los subsidios a los combustibles recibidos por empresas de transporte p\u00fablico de pasajeros.<\/p>\n<\/div>\n<\/div>\n<\/article>\n<\/div>\n<div class=\"detail-body \">\n<article id=\"note-body\" class=\"note-body\" data-twitter-link=\"https:\/\/twitter.com\/intent\/tweet?url=https:\/\/www.minutouno.com\/c5043670&amp;v\u00eda=minutounocom&amp;related=MinutoUno&amp;text=\">\n<div class=\"row\">\n<div class=\"inside-note col-xs-12\">\n<p>En cambio, en otro fallo<span id=\"saysCMSEmphasis3ht8z5cn9lg\" class=\"saysCMSEmphasis\">, la C\u00e1mara confirm\u00f3 la ampliaci\u00f3n del procesamiento a la senadora y a empresarios,<\/span>\u00a0acusados de cohecho en el caso de los cuadernos.<\/p>\n<p>En la causa de los subsidios, para la Sala I de la C\u00e1mara, no est\u00e1 probado debidamente que se hubiera cometido delito de defraudaci\u00f3n, ni cohecho. \u201cNo resulta posible arribar a una soluci\u00f3n concluyente\u201d, sostuvo la C\u00e1mara. Tambi\u00e9n hab\u00eda sido procesado el empresario\u00a0<strong>Mario Cirigliano,<\/strong>\u00a0los ex funcionarios\u00a0<strong>Julio De Vido, Ricardo Jaime y Juan Pablo Schiavi.<\/strong>\u00a0Todos recibieron falta de m\u00e9rito.<\/p>\n<p>Los jueces cuestionaron la prueba utilizada por Bonadio, entre ellos informes desactualizados y ordenaron profundizar la investigaci\u00f3n.<\/p>\n<p>En el caso cuadernos, entre los empresarios procesados por cohecho est\u00e1n C\u00e9sar Arturo de Goycoechea de Isolux por pagos realizados durante el anterior gobierno, a quien se lo apunt\u00f3 en los cuadernos del chofer Oscar Centeno, llevando a cabo una entrega de un mill\u00f3n y medio de d\u00f3lares.<\/p>\n<p>Tambi\u00e9n est\u00e1 entre los procesados por cohecho\u00a0<strong>Mario Maxit, de Isolux, Gerardo Ferreyra, de Electroingenier\u00eda, y Osvaldo Acosta.<\/strong><\/p>\n<\/div>\n<\/div>\n<\/article>\n<\/div>\n","protected":false},"excerpt":{"rendered":"<p>La C\u00e1mara Federal revoc\u00f3 un fallo de Bonadio y dispuso la falta de m\u00e9rito para la ex Presidenta en la causa por los subsidios a los combustibles del transporte p\u00fablico. &nbsp; La C\u00e1mara Federal porte\u00f1a revoc\u00f3 un fallo del juez\u00a0Claudio Bonadio\u00a0y dispuso la falta m\u00e9rito para la ex presidenta\u00a0Cristina Kirchner en la causa por los [&hellip;]<\/p>\n","protected":false},"author":1,"featured_media":29700,"comment_status":"closed","ping_status":"closed","sticky":false,"template":"","format":"standard","meta":{"footnotes":""},"categories":[7],"tags":[],"class_list":["post-29699","post","type-post","status-publish","format-standard","has-post-thumbnail","hentry","category-nacionales"],"_links":{"self":[{"href":"http:\/\/informateesquina.com\/index.php?rest_route=\/wp\/v2\/posts\/29699","targetHints":{"allow":["GET"]}}],"collection":[{"href":"http:\/\/informateesquina.com\/index.php?rest_route=\/wp\/v2\/posts"}],"about":[{"href":"http:\/\/informateesquina.com\/index.php?rest_route=\/wp\/v2\/types\/post"}],"author":[{"embeddable":true,"href":"http:\/\/informateesquina.com\/index.php?rest_route=\/wp\/v2\/users\/1"}],"replies":[{"embeddable":true,"href":"http:\/\/informateesquina.com\/index.php?rest_route=%2Fwp%2Fv2%2Fcomments&post=29699"}],"version-history":[{"count":0,"href":"http:\/\/informateesquina.com\/index.php?rest_route=\/wp\/v2\/posts\/29699\/revisions"}],"wp:featuredmedia":[{"embeddable":true,"href":"http:\/\/informateesquina.com\/index.php?rest_route=\/"}],"wp:attachment":[{"href":"http:\/\/informateesquina.com\/index.php?rest_route=%2Fwp%2Fv2%2Fmedia&parent=29699"}],"wp:term":[{"taxonomy":"category","embeddable":true,"href":"http:\/\/informateesquina.com\/index.php?rest_route=%2Fwp%2Fv2%2Fcategories&post=29699"},{"taxonomy":"post_tag","embeddable":true,"href":"http:\/\/informateesquina.com\/index.php?rest_route=%2Fwp%2Fv2%2Ftags&post=29699"}],"curies":[{"name":"wp","href":"https:\/\/api.w.org\/{rel}","templated":true}]}}