{"id":29721,"date":"2019-07-22T17:38:19","date_gmt":"2019-07-22T20:38:19","guid":{"rendered":"https:\/\/informateesquina.com\/?p=29721"},"modified":"2019-07-22T17:38:19","modified_gmt":"2019-07-22T20:38:19","slug":"muerte-de-perez-volpin-la-anestesista-acuso-al-endoscopista","status":"publish","type":"post","link":"http:\/\/informateesquina.com\/?p=29721","title":{"rendered":"Muerte de P\u00e9rez Volpin: La anestesista acus\u00f3 al endoscopista"},"content":{"rendered":"<div class=\"cuerpo\">\n<p>Seg\u00fan relat\u00f3 ante el juez, pese a todos sus intentos de recuperar la v\u00eda \u00e1rea,\u00a0el cuadro era tan grave que no se logr\u00f3 salvar a la paciente. &#8220;En mis 35 a\u00f1os de profesi\u00f3n ning\u00fan paciente sufri\u00f3 una perforaci\u00f3n&#8221;, agreg\u00f3 antes de dar un relato pormenorizado de lo que atendi\u00f3 ese d\u00eda en el quir\u00f3fano seis.<\/p>\n<p>Encorvada hacia adelante y con las brazos enlazados debajo del escritorio, habl\u00f3 con voz segura y calma por alrededor de tres horas. Fue interrogada por el juez, la fiscal, los abogados de la familia de P\u00e9rez Volpin y los del m\u00e9dico endoscopista.<\/p>\n<p>Seg\u00fan relat\u00f3, minutos antes de la endoscop\u00eda pudo hablar con D\u00e9bora. &#8220;Tuvimos una charla emp\u00e1tica. Ella sonre\u00eda, estaba tranquila, era un amor&#8221; dijo frente a sus familiares. La periodista le dijo que se sent\u00eda bien y que no ten\u00eda ninguna alergia. Ella le puso el dedal del pulsiox\u00edmetro, le pidi\u00f3 que se pusiera de costado. En cuanto hizo efecto la anestesia le dijo al endoscopista que pod\u00eda comenzar con el procedimiento. Se apag\u00f3 la luz para mejor visibidad del estudio. Entonces P\u00e9rez Volpin tenia una saturaci\u00f3n ideal, del 99%.<\/p>\n<p>La crisis se desat\u00f3 en cuanto a P\u00e9rez Volpin se le sali\u00f3 el dedal -algo normal- la anestesi\u00f3loga se acerc\u00f3 para acomodarlo y en ese instante roz\u00f3 el abdomen de la paciente. &#8220;Estaba hinchada como un tonel&#8221;, record\u00f3 Puente.<\/p>\n<p>&#8220;Le grit\u00e9 a Diego &#8211; Bialolenkier &#8211; y le ped\u00ed que aspirara para poder ver mejor. Se asust\u00f3 mucho, a los dos nos impresion\u00f3&#8221;. Le dije entonces que sacara el endoscopio de inmediato. Prendieron la luz y vieron el cuerpo hinchado.<\/p>\n<p>Su primera reacci\u00f3n fue pensar que se trataba de una reacci\u00f3n al\u00e9rgica, por la gran hinchaz\u00f3n que presentaba la paciente en el rostro. &#8220;Not\u00e9 que crepitaba la zona de la mand\u00edbula, ten\u00eda aire en los tejidos y los labios se empezaron a poner cian\u00f3ticos&#8221;.<\/p>\n<p>En cuanto intent\u00f3 hacer una laringoscop\u00eda para poder ventilar a la paciente vio que estaba todo lleno de sangre. &#8220;La lengua, las am\u00edgdalas, estaba todo completamente desfigurado. No pod\u00eda ver nada, por lo que abort\u00e9 la maniobra de intubaci\u00f3n&#8221;.<\/p>\n<p>Para entonces ya hab\u00edan llegado una cardi\u00f3loga y el equipo de terapistas,que le indicaron que le colocara a la paciente una m\u00e1scara lar\u00edngea. Con ese m\u00e9todo se logr\u00f3 recuperar la saturaci\u00f3n. &#8220;Pero nunca sali\u00f3 del paro&#8221;, explic\u00f3.<\/p>\n<p>La culpa, del endoscopista<\/p>\n<p>Consultada acerca de c\u00f3mo ingres\u00f3 el enorme caudal de aire al cuerpo, dijo: &#8220;Hoy puedo decir que entr\u00f3 por la perforaci\u00f3n esof\u00e1gica&#8221; . Y que quien insufla aire es el endoscopista. Y acerca de la mec\u00e1nica de la lesi\u00f3n, algo similar: &#8220;Lo \u00fanico que hab\u00eda ingresado a la v\u00eda digestiva era el endoscopio&#8221;. Remarc\u00f3 que nunca vivi\u00f3 una situaci\u00f3n de crisis en una videoendoscopia.<\/p>\n<p><strong>Enrique Sacco: &#8220;Ella ya no ten\u00eda dolores, estaba muy bien&#8221;<\/strong><\/p>\n<p>Por su parte, Enrique Sacco, pareja de P\u00e9rez Volpin al momento de su muerte, remarc\u00f3 que D\u00e9bora se sent\u00eda bien antes de realizarse el estudio. Que no ten\u00eda enfermedades previas e incluso el d\u00eda anterior hab\u00eda ido por sus propios medios al ba\u00f1o, ten\u00eda un suero enchufado al brazo, y de camino se puso a bailar con el artefacto como si fuera una persona.<\/p>\n<p>En el momento m\u00e1s emocional de la jornada, relat\u00f3 c\u00f3mo los m\u00e9dicos le anunciaron el fallecimiento. &#8220;Nunca le pude dar la noticia a los chicos, simplemente los abrac\u00e9 y lloramos&#8221;, dijo, con la voz entrecortada.<\/p>\n<p>Luego se refiri\u00f3 a la dif\u00edcil decisi\u00f3n de realiza una autopsia: &#8220;Por un lado quer\u00edamos que D\u00e9bora descansara en paz, pero por el otro no ten\u00edamos una respuesta concreta. Y ella siempre hubiera buscado la verdad&#8221;.<\/p>\n<p>Hoy dijo que ya se supo la verdad con el informe de la autopsia, pero ahora se necesita justicia. &#8220;Para nosotros y para los m\u00e9dicos. Queremos continuar la vida de la manera m\u00e1s tranquila posible&#8221;.<\/p>\n<p><strong>La versi\u00f3n del endoscopista<\/strong><\/p>\n<p>El endoscopista Diego Bialolenkier asegur\u00f3 hoy ante el Tribunal estar &#8220;convencido&#8221; de su &#8220;inocencia&#8221; y dijo que &#8220;no hay ninguna posibilidad&#8221; de que su accionar en el procedimiento &#8220;haya causado lo que pas\u00f3&#8221;.<\/p>\n<p>El endoscopista, que durante toda la ma\u00f1ana escuch\u00f3 la declaraci\u00f3n indagatoria de la anestesista, que lo culp\u00f3 por lo sucedido durante el procedimiento, se limit\u00f3 a proclamar su inocencia y a decir que declarar\u00eda &#8220;en otro momento&#8221; del debate, al ser convocado a prestar declaraci\u00f3n indagatoria.<\/p>\n<p>&#8220;Estoy convencido de mi inocencia; no hay ninguna posibilidad de que yo haya causado lo que pas\u00f3&#8221;, asever\u00f3 el endoscopista en sus breves declaraciones ante el juez Javier Anzo\u00e1tegui, Tribunal Oral en lo Criminal y Correccional n\u00famero 8 de la Capital Federal.<\/p>\n<p>El acusado de &#8220;homicidio culposo&#8221; se limit\u00f3 a expresar esas breves palabras y decir que declarar\u00eda en otro momento, opci\u00f3n de la que puede hacer uso como cualquier imputado en este tipo de procesos.<\/p>\n<p>En ese momento, entonces, volvi\u00f3 a sentarse en el banquillo de los acusados y comenz\u00f3 a desarrollarse la primera declaraci\u00f3n testimonial en el marco de este juicio, correspondiente al periodista Enrique Sacco, quien era la pareja de D\u00e9bora P\u00e9rez Volpin en el momento de su muerte y desde hac\u00eda siete a\u00f1os.<\/p>\n<p>Tanto Bialolinkier como Puente se encuentran acusados de &#8220;homicidio culposo&#8221; por la muerte de la periodista y legisladora porte\u00f1a, quien falleci\u00f3 cuando le practicaban una endoscop\u00eda en el Sanatorio La Trinidad de Palermo, donde hab\u00eda concurrido el lunes 5 de febrero de 2018 por la tarde producto de una molestia estomacal y donde le hab\u00edan indicado la internaci\u00f3n para realizarse diversos estudios.<\/p>\n<\/div>\n<div align=\"center\"><\/div>\n","protected":false},"excerpt":{"rendered":"<p>Seg\u00fan relat\u00f3 ante el juez, pese a todos sus intentos de recuperar la v\u00eda \u00e1rea,\u00a0el cuadro era tan grave que no se logr\u00f3 salvar a la paciente. &#8220;En mis 35 a\u00f1os de profesi\u00f3n ning\u00fan paciente sufri\u00f3 una perforaci\u00f3n&#8221;, agreg\u00f3 antes de dar un relato pormenorizado de lo que atendi\u00f3 ese d\u00eda en el quir\u00f3fano seis. [&hellip;]<\/p>\n","protected":false},"author":1,"featured_media":29722,"comment_status":"closed","ping_status":"closed","sticky":false,"template":"","format":"standard","meta":{"footnotes":""},"categories":[7],"tags":[],"class_list":["post-29721","post","type-post","status-publish","format-standard","has-post-thumbnail","hentry","category-nacionales"],"_links":{"self":[{"href":"http:\/\/informateesquina.com\/index.php?rest_route=\/wp\/v2\/posts\/29721","targetHints":{"allow":["GET"]}}],"collection":[{"href":"http:\/\/informateesquina.com\/index.php?rest_route=\/wp\/v2\/posts"}],"about":[{"href":"http:\/\/informateesquina.com\/index.php?rest_route=\/wp\/v2\/types\/post"}],"author":[{"embeddable":true,"href":"http:\/\/informateesquina.com\/index.php?rest_route=\/wp\/v2\/users\/1"}],"replies":[{"embeddable":true,"href":"http:\/\/informateesquina.com\/index.php?rest_route=%2Fwp%2Fv2%2Fcomments&post=29721"}],"version-history":[{"count":0,"href":"http:\/\/informateesquina.com\/index.php?rest_route=\/wp\/v2\/posts\/29721\/revisions"}],"wp:featuredmedia":[{"embeddable":true,"href":"http:\/\/informateesquina.com\/index.php?rest_route=\/"}],"wp:attachment":[{"href":"http:\/\/informateesquina.com\/index.php?rest_route=%2Fwp%2Fv2%2Fmedia&parent=29721"}],"wp:term":[{"taxonomy":"category","embeddable":true,"href":"http:\/\/informateesquina.com\/index.php?rest_route=%2Fwp%2Fv2%2Fcategories&post=29721"},{"taxonomy":"post_tag","embeddable":true,"href":"http:\/\/informateesquina.com\/index.php?rest_route=%2Fwp%2Fv2%2Ftags&post=29721"}],"curies":[{"name":"wp","href":"https:\/\/api.w.org\/{rel}","templated":true}]}}