{"id":29737,"date":"2019-07-22T17:57:44","date_gmt":"2019-07-22T20:57:44","guid":{"rendered":"https:\/\/informateesquina.com\/?p=29737"},"modified":"2019-07-22T17:57:44","modified_gmt":"2019-07-22T20:57:44","slug":"el-pepo-seguira-detenido-y-podria-recibir-una-pena-de-hasta-6-anos-de-prision","status":"publish","type":"post","link":"http:\/\/informateesquina.com\/?p=29737","title":{"rendered":"&#8220;El Pepo&#8221; seguir\u00e1 detenido y podr\u00eda recibir una pena de hasta 6 a\u00f1os de prisi\u00f3n"},"content":{"rendered":"<p style=\"text-align: center;\"><em><strong>Rub\u00e9n Dar\u00edo &#8220;El Pepo&#8221; Casti\u00f1eiras se encuentra esposado <\/strong><\/em><em><strong>a la cama y con custodia policial <\/strong><\/em><\/p>\n<p style=\"text-align: center;\"><em><strong>en el Hospital Municipal<\/strong><\/em><em><strong>San Roque de\u00a0Dolores\u00a0desde el s\u00e1bado, despu\u00e9s de que\u00a0volcara<\/strong><\/em><\/p>\n<p style=\"text-align: center;\"><em><strong>la camionetaen la que viajaba con su banda a la Costa Atl\u00e1ntica <\/strong><\/em><em><strong>y el trompetista <\/strong><\/em><\/p>\n<p style=\"text-align: center;\"><em><strong>y el manager del grupo murieran en el\u00a0accidente.<\/strong><\/em><\/p>\n<p>Los investigadores confirmaron que el cantante era quien conduc\u00eda el veh\u00edculo al momento del hecho y lo procesaron por \u201cdoble homicidio culposo agravado y lesiones graves culposas&#8221;. En su caso, se tuvo en cuenta como agravante una condena previa y su estado de reincidencia por lo que, de ser encontrado culpable nuevamente, la pena ser\u00eda efectiva. As\u00ed lo explic\u00f3 en\u00a0<em>TN<\/em>\u00a0Diego Escoda, fiscal general de Dolores.<\/p>\n<div>\n<div class=\"article__body__related-content\">El funcionario remarc\u00f3 que el artista &#8220;se encuentra formalmente detenido&#8221; porque &#8220;la figura legal tiene una <strong>pena prevista de 3 a 6 a\u00f1os de prisi\u00f3n<\/strong>, es decir que no es una pena menor&#8221; y &#8220;por el tema del consumo de alcohol&#8221;.<\/div>\n<div><img loading=\"lazy\" decoding=\"async\" class=\"alignnone size-medium wp-image-29739\" src=\"https:\/\/informateesquina.com\/wp-content\/uploads\/2019\/07\/0006030187-300x169.jpg\" alt=\"\" width=\"300\" height=\"169\" \/><\/div>\n<div><\/div>\n<div class=\"article__body__related-content\">En ese sentido, Escoda se\u00f1al\u00f3 que fue el testimonio de la corista Romina C\u00e1ndias, que viajaba con la banda y sufri\u00f3 la fractura de una pierna por el vuelco, lo que comprometi\u00f3 a &#8220;El Pepo&#8221;, ya que la joven <strong>declar\u00f3 que \u00e9l &#8220;ven\u00eda tomando vodka&#8221;\u00a0<\/strong>mientras manejaba.<\/div>\n<\/div>\n<p>Bajo esta presunci\u00f3n, sus antecedentes penales le jugaron en contra. &#8220;Uno puede presumir que hay m\u00e1s posibilidades de que una persona se fugue al saber que de resultar condenada va a ir efectivamente detenido&#8221;, justific\u00f3 el fiscal respecto a la decisi\u00f3n judicial de dictarle la prisi\u00f3n preventiva.<\/p>\n<p>&#8220;A m\u00e1s tardar<strong>\u00a0la semana que viene<\/strong> va a estar el resultado de la prueba de alcohol y de t\u00f3xicos&#8221;, indic\u00f3 finalmente sobre las pericias que definir\u00e1n la suerte del cantante. Los estudios debieron realizarse una vez que &#8220;El Pepo&#8221; fue hospitalizado, ya que cuando se produjo el accidente no hab\u00eda un solo alcohol\u00edmetro entre las ciudades de Dolores y Chascom\u00fas.<\/p>\n<p>&#8220;<strong>Ya son m\u00e1s de las 12<\/strong>, les quiero desear un\u00a0<strong>muy feliz d\u00eda<\/strong>\u00a0a todos mis amigos, a todos los fans, a todas las fans, a toda la gente que siempre da una mano, que est\u00e1 a la par nuestra, a toda la gente que siempre estuvo conmigo&#8221;, dijo el cantante de cumbia\u00a0El Pepo\u00a0en un video que grab\u00f3 para el D\u00eda del Amigo\u00a0<strong>mientras manejaba<\/strong>. Poco despu\u00e9s, tuvo un\u00a0grave accidente de tr\u00e1nsito\u00a0en el que\u00a0<strong>murieron dos personas<\/strong>\u00a0que viajaban con \u00e9l.<\/p>\n","protected":false},"excerpt":{"rendered":"<p>Rub\u00e9n Dar\u00edo &#8220;El Pepo&#8221; Casti\u00f1eiras se encuentra esposado a la cama y con custodia policial en el Hospital MunicipalSan Roque de\u00a0Dolores\u00a0desde el s\u00e1bado, despu\u00e9s de que\u00a0volcara la camionetaen la que viajaba con su banda a la Costa Atl\u00e1ntica y el trompetista y el manager del grupo murieran en el\u00a0accidente. Los investigadores confirmaron que el cantante [&hellip;]<\/p>\n","protected":false},"author":1,"featured_media":29738,"comment_status":"closed","ping_status":"closed","sticky":false,"template":"","format":"standard","meta":{"footnotes":""},"categories":[4],"tags":[],"class_list":["post-29737","post","type-post","status-publish","format-standard","has-post-thumbnail","hentry","category-espectaculos"],"_links":{"self":[{"href":"http:\/\/informateesquina.com\/index.php?rest_route=\/wp\/v2\/posts\/29737","targetHints":{"allow":["GET"]}}],"collection":[{"href":"http:\/\/informateesquina.com\/index.php?rest_route=\/wp\/v2\/posts"}],"about":[{"href":"http:\/\/informateesquina.com\/index.php?rest_route=\/wp\/v2\/types\/post"}],"author":[{"embeddable":true,"href":"http:\/\/informateesquina.com\/index.php?rest_route=\/wp\/v2\/users\/1"}],"replies":[{"embeddable":true,"href":"http:\/\/informateesquina.com\/index.php?rest_route=%2Fwp%2Fv2%2Fcomments&post=29737"}],"version-history":[{"count":0,"href":"http:\/\/informateesquina.com\/index.php?rest_route=\/wp\/v2\/posts\/29737\/revisions"}],"wp:featuredmedia":[{"embeddable":true,"href":"http:\/\/informateesquina.com\/index.php?rest_route=\/"}],"wp:attachment":[{"href":"http:\/\/informateesquina.com\/index.php?rest_route=%2Fwp%2Fv2%2Fmedia&parent=29737"}],"wp:term":[{"taxonomy":"category","embeddable":true,"href":"http:\/\/informateesquina.com\/index.php?rest_route=%2Fwp%2Fv2%2Fcategories&post=29737"},{"taxonomy":"post_tag","embeddable":true,"href":"http:\/\/informateesquina.com\/index.php?rest_route=%2Fwp%2Fv2%2Ftags&post=29737"}],"curies":[{"name":"wp","href":"https:\/\/api.w.org\/{rel}","templated":true}]}}