{"id":29741,"date":"2019-07-22T18:10:44","date_gmt":"2019-07-22T21:10:44","guid":{"rendered":"https:\/\/informateesquina.com\/?p=29741"},"modified":"2019-07-22T18:10:44","modified_gmt":"2019-07-22T21:10:44","slug":"el-boxeador-argentino-que-se-desvanecio-en-el-ring-sufrio-dos-infartos","status":"publish","type":"post","link":"http:\/\/informateesquina.com\/?p=29741","title":{"rendered":"El boxeador argentino que se desvaneci\u00f3 en el ring sufri\u00f3 dos infartos"},"content":{"rendered":"<p>El padre de\u00a0<a title=\"Hugo Santill\u00e1n\" href=\"https:\/\/tn.com.ar\/personajes\/hugo-santill%C3%A1n\">Hugo Santill\u00e1n<\/a>, el\u00a0boxeador santafesino que se desvaneci\u00f3 mientras esperaba el fallo\u00a0de su pelea ante el uruguayo Eduardo Abreu en San Nicol\u00e1s, le dijo a\u00a0<em>TN<\/em>\u00a0que, si bien en las ultimas horas mejor\u00f3 un poco el panorama, su hijo\u00a0<strong>se encuentra en un estado muy delicado<\/strong>.<\/p>\n<p>&#8220;Nosotros pens\u00e1bamos que era un tema de la presi\u00f3n.\u00a0<strong>No pens\u00e1bamos que era tan cr\u00edtico<\/strong>&#8220;, reconoci\u00f3 Hugo, quien con el correr de las horas entendi\u00f3 que el panorama era realmente complicado: al llegar a la cl\u00ednica, los m\u00e9dicos le explicaron que no ten\u00eda muchas probabilidades de salvarse.<\/p>\n<p>&#8220;Tuvieron que\u00a0<strong>operarlo por una inflamaci\u00f3n en la zona del cerebro<\/strong>&#8220;, revel\u00f3 el padre del p\u00fagil y agreg\u00f3: &#8220;<strong>Sufri\u00f3 dos paros card\u00edacos<\/strong>: uno durante la operaci\u00f3n y otro estando en terapia intensiva&#8221;.<\/p>\n<p>&#8220;Hugo la est\u00e1 peleando. Ahora estamos con un poquito m\u00e1s de \u00e1nimo porque lentamente est\u00e1 evolucionando&#8221;, se\u00f1al\u00f3. &#8220;No tenemos seguridad de nada, pero\u00a0<strong>est\u00e1 en manos de Dios<\/strong> y s\u00e9 que va a estar ah\u00ed para que salga adelante&#8221;, agreg\u00f3.<\/p>\n<p>Santill\u00e1n, de 23 a\u00f1os y oriundo de la localidad de Ceres, se desvaneci\u00f3 mientras escuchaba el veredicto de la pelea. Al notar la situaci\u00f3n, le aplicaron ox\u00edgeno y luego lo trasladaron a una cl\u00ednica, donde se encuentra internado.<\/p>\n<p>El p\u00fagil santafesino, de 60 kilogramos, cay\u00f3 ante el uruguayo Abreu (61,200 kilogramos) que defendi\u00f3 con \u00e9xito la corona Latino Plata de categor\u00eda Ligero del Consejo Mundial de Boxeo (CMB). Santill\u00e1n\u00a0<strong>ten\u00eda suspendida la licencia hasta el pr\u00f3ximo martes 30 de julio<\/strong>, por decisi\u00f3n de la Federaci\u00f3n Alemana, tras la derrota que sufri\u00f3 en junio pasado con el armenio-germano Artem Harutyunyan, en Hamburgo.<\/p>\n","protected":false},"excerpt":{"rendered":"<p>El padre de\u00a0Hugo Santill\u00e1n, el\u00a0boxeador santafesino que se desvaneci\u00f3 mientras esperaba el fallo\u00a0de su pelea ante el uruguayo Eduardo Abreu en San Nicol\u00e1s, le dijo a\u00a0TN\u00a0que, si bien en las ultimas horas mejor\u00f3 un poco el panorama, su hijo\u00a0se encuentra en un estado muy delicado. &#8220;Nosotros pens\u00e1bamos que era un tema de la presi\u00f3n.\u00a0No pens\u00e1bamos [&hellip;]<\/p>\n","protected":false},"author":1,"featured_media":29742,"comment_status":"closed","ping_status":"closed","sticky":false,"template":"","format":"video","meta":{"footnotes":""},"categories":[3],"tags":[],"class_list":["post-29741","post","type-post","status-publish","format-video","has-post-thumbnail","hentry","category-deportes","post_format-post-format-video"],"_links":{"self":[{"href":"http:\/\/informateesquina.com\/index.php?rest_route=\/wp\/v2\/posts\/29741","targetHints":{"allow":["GET"]}}],"collection":[{"href":"http:\/\/informateesquina.com\/index.php?rest_route=\/wp\/v2\/posts"}],"about":[{"href":"http:\/\/informateesquina.com\/index.php?rest_route=\/wp\/v2\/types\/post"}],"author":[{"embeddable":true,"href":"http:\/\/informateesquina.com\/index.php?rest_route=\/wp\/v2\/users\/1"}],"replies":[{"embeddable":true,"href":"http:\/\/informateesquina.com\/index.php?rest_route=%2Fwp%2Fv2%2Fcomments&post=29741"}],"version-history":[{"count":0,"href":"http:\/\/informateesquina.com\/index.php?rest_route=\/wp\/v2\/posts\/29741\/revisions"}],"wp:featuredmedia":[{"embeddable":true,"href":"http:\/\/informateesquina.com\/index.php?rest_route=\/"}],"wp:attachment":[{"href":"http:\/\/informateesquina.com\/index.php?rest_route=%2Fwp%2Fv2%2Fmedia&parent=29741"}],"wp:term":[{"taxonomy":"category","embeddable":true,"href":"http:\/\/informateesquina.com\/index.php?rest_route=%2Fwp%2Fv2%2Fcategories&post=29741"},{"taxonomy":"post_tag","embeddable":true,"href":"http:\/\/informateesquina.com\/index.php?rest_route=%2Fwp%2Fv2%2Ftags&post=29741"}],"curies":[{"name":"wp","href":"https:\/\/api.w.org\/{rel}","templated":true}]}}