{"id":29744,"date":"2019-07-22T18:24:55","date_gmt":"2019-07-22T21:24:55","guid":{"rendered":"https:\/\/informateesquina.com\/?p=29744"},"modified":"2019-07-22T18:24:55","modified_gmt":"2019-07-22T21:24:55","slug":"una-joven-murio-por-consumir-extasis-quiero-saber-quien-le-vendio-veneno-a-mi-bebe","status":"publish","type":"post","link":"http:\/\/informateesquina.com\/?p=29744","title":{"rendered":"Una joven muri\u00f3 por consumir \u00e9xtasis : &#8220;Quiero saber qui\u00e9n le vendi\u00f3 veneno a mi beb\u00e9&#8221;"},"content":{"rendered":"<p>Milagros Alanis Moyano, de 19 a\u00f1os, muri\u00f3 de hipertermia despu\u00e9s de agonizar durante tres d\u00edas en Mallorca, en donde viv\u00eda desde hace siete meses con su hermana melliza. La joven se descompens\u00f3 tras consumir\u00a0\u00e9xtasis\u00a0en una fiesta electr\u00f3nica y sus familiares denunciaron que<strong>\u00a0la droga hab\u00eda sido adulterada<\/strong>\u00a0con veneno para ratas.<\/p>\n<div>\n<div class=\"article__body__related-content\"><\/div>\n<\/div>\n<p>&#8220;Los que le arrebataron la vida a mi hija, no dormir\u00e1n nunca m\u00e1s&#8221;, escribi\u00f3 con un profundo dolor en Facebook su pap\u00e1, Paulo, y agreg\u00f3: &#8220;Quisiera saber\u00a0<strong>qui\u00e9n le vendi\u00f3 el veneno\u00a0<\/strong>a mi beb\u00e9 para pegarle un tiro en la cabeza&#8221;.<\/p>\n<p>El hombre, que viaj\u00f3 desde Mar del Plata donde vive con su familia hasta\u00a0Espa\u00f1a\u00a0para despedir a su hija, hizo un resumen desgarrador de lo que le ocurri\u00f3. &#8220;Se prendi\u00f3 fuego por dentro&#8221;, sentenci\u00f3. La adolescente se descompens\u00f3 el domingo 14 en medio del Origen Festival y\u00a0<strong>muri\u00f3 72 horas despu\u00e9s<\/strong>\u00a0en un hospital de la ciudad de Barcelona con\u00a0<strong>m\u00e1s de 42 grados<\/strong>\u00a0de fiebre.<\/p>\n<div>\n<figure class=\"media-image undefined media-image--state-success\"><img decoding=\"async\" class=\"\" src=\"https:\/\/cdn.tn.com.ar\/sites\/default\/files\/styles\/embed_image\/public\/2019\/07\/22\/5d359cb9e468d_tnpic_alanis.jpg\" srcset=\"\/\/cdn.tn.com.ar\/sites\/default\/files\/styles\/embed_image\/public\/2019\/07\/22\/5d359cb9e468d_tnpic_alanis.jpg 1080w,\/\/cdn.tn.com.ar\/sites\/default\/files\/styles\/embed_image\/public\/2019\/07\/22\/5d359cb9e468d_tnpic_alanis.jpg 720w\" data-src=\"\/\/cdn.tn.com.ar\/sites\/default\/files\/styles\/embed_image\/public\/2019\/07\/22\/5d359cb9e468d_tnpic_alanis.jpg\" data-srcset=\"\/\/cdn.tn.com.ar\/sites\/default\/files\/styles\/embed_image\/public\/2019\/07\/22\/5d359cb9e468d_tnpic_alanis.jpg 1080w,\/\/cdn.tn.com.ar\/sites\/default\/files\/styles\/embed_image\/public\/2019\/07\/22\/5d359cb9e468d_tnpic_alanis.jpg 720w\" \/><\/figure>\n<\/div>\n<p>Paulo tuvo que reconocerla por un tatuaje que la chica ten\u00eda en el brazo izquierdo porque la droga le hab\u00eda\u00a0<strong>desfigurado por completo los rasgos<\/strong>\u00a0de su cara. &#8220;Me la arrancaron y la mataron como sapo&#8221;, sostuvo en su descargo. &#8220;Es dur\u00edsimo decirlo pero cuando la vi tuve que mirar un tatuaje porque no era ella. Mi hermosa Alan\u00eds con solo 19 a\u00f1itos&#8221;.<\/p>\n<div>\n<div class=\"article__body__embed article__body__embed--facebook\"><iframe loading=\"lazy\" src=\"https:\/\/www.facebook.com\/plugins\/post.php?href=https%3A%2F%2Fwww.facebook.com%2Fpaulo.myn%2Fposts%2F10214638951473128&amp;width=500\" width=\"500\" height=\"211\" frameborder=\"0\" scrolling=\"no\" data-mce-fragment=\"1\"><\/iframe><\/div>\n<\/div>\n<p>El padre comparti\u00f3 adem\u00e1s una imagen de una pastilla amarilla con una calavera, y afirm\u00f3 que esa droga fue\u00a0<strong>adulterada con raticida<\/strong>. &#8220;No busco nada especial, solo darle un sentido a la muerte de mi beb\u00e9. Y me duele mucho como nos juzgan. Y dicen cosas muy duras&#8221;, remarc\u00f3 a\u00a0<em>T\u00e9lam.<\/em><\/p>\n<p>En tanto, el diario mallorqu\u00edn\u00a0<em>\u00daltima Hora<\/em>\u00a0inform\u00f3 que la Polic\u00eda Nacional inici\u00f3 una investigaci\u00f3n para tratar de averiguar qui\u00e9n le vendi\u00f3 el \u00e9xtasis a la joven, y detall\u00f3 que d\u00edas atr\u00e1s fueron<strong>\u00a0detenidas cuatro personas\u00a0<\/strong>por comercializar drogas durante los conciertos de verano que se realizan en Son Fusteret.<\/p>\n","protected":false},"excerpt":{"rendered":"<p>Milagros Alanis Moyano, de 19 a\u00f1os, muri\u00f3 de hipertermia despu\u00e9s de agonizar durante tres d\u00edas en Mallorca, en donde viv\u00eda desde hace siete meses con su hermana melliza. La joven se descompens\u00f3 tras consumir\u00a0\u00e9xtasis\u00a0en una fiesta electr\u00f3nica y sus familiares denunciaron que\u00a0la droga hab\u00eda sido adulterada\u00a0con veneno para ratas. &#8220;Los que le arrebataron la vida [&hellip;]<\/p>\n","protected":false},"author":1,"featured_media":29746,"comment_status":"closed","ping_status":"closed","sticky":false,"template":"","format":"standard","meta":{"footnotes":""},"categories":[7,8],"tags":[],"class_list":["post-29744","post","type-post","status-publish","format-standard","has-post-thumbnail","hentry","category-nacionales","category-policiales"],"_links":{"self":[{"href":"http:\/\/informateesquina.com\/index.php?rest_route=\/wp\/v2\/posts\/29744","targetHints":{"allow":["GET"]}}],"collection":[{"href":"http:\/\/informateesquina.com\/index.php?rest_route=\/wp\/v2\/posts"}],"about":[{"href":"http:\/\/informateesquina.com\/index.php?rest_route=\/wp\/v2\/types\/post"}],"author":[{"embeddable":true,"href":"http:\/\/informateesquina.com\/index.php?rest_route=\/wp\/v2\/users\/1"}],"replies":[{"embeddable":true,"href":"http:\/\/informateesquina.com\/index.php?rest_route=%2Fwp%2Fv2%2Fcomments&post=29744"}],"version-history":[{"count":0,"href":"http:\/\/informateesquina.com\/index.php?rest_route=\/wp\/v2\/posts\/29744\/revisions"}],"wp:featuredmedia":[{"embeddable":true,"href":"http:\/\/informateesquina.com\/index.php?rest_route=\/"}],"wp:attachment":[{"href":"http:\/\/informateesquina.com\/index.php?rest_route=%2Fwp%2Fv2%2Fmedia&parent=29744"}],"wp:term":[{"taxonomy":"category","embeddable":true,"href":"http:\/\/informateesquina.com\/index.php?rest_route=%2Fwp%2Fv2%2Fcategories&post=29744"},{"taxonomy":"post_tag","embeddable":true,"href":"http:\/\/informateesquina.com\/index.php?rest_route=%2Fwp%2Fv2%2Ftags&post=29744"}],"curies":[{"name":"wp","href":"https:\/\/api.w.org\/{rel}","templated":true}]}}