{"id":29750,"date":"2019-07-22T20:51:10","date_gmt":"2019-07-22T23:51:10","guid":{"rendered":"https:\/\/informateesquina.com\/?p=29750"},"modified":"2019-07-22T20:51:10","modified_gmt":"2019-07-22T23:51:10","slug":"garcia-olano-la-ganaderia-de-corrientes-tiene-un-potencial-enorme","status":"publish","type":"post","link":"http:\/\/informateesquina.com\/?p=29750","title":{"rendered":"Garc\u00eda Olano: &#8220;La ganader\u00eda de Corrientes tiene un potencial enorme\u201d"},"content":{"rendered":"<p>El secretario de Agricultura y Ganader\u00eda, Manuel Garc\u00eda Olano se refiri\u00f3 a la\u00a0<a href=\"http:\/\/www.radiodos.com.ar\/25977-expoagro-en-la-rural-de-corrientes-mostrara-todo-el-potencial-agroindustrial-de-la-provincia\" target=\"_blank\" rel=\"noopener noreferrer\">Expo Agro<\/a>\u00a0que se realizar\u00e1 del 15 al 18 de agosto en la Rural y a los desaf\u00edos de cara al futuro. \u201cApostamos a las actividades ganaderas para recuperar los mercados\u201d, asegur\u00f3.<\/p>\n<p>&nbsp;<\/p>\n<p>La Expo Agro integra la tradicional Exposici\u00f3n Rural de Corrientes que va por su edici\u00f3n n\u00b084 y se realizar\u00e1 del 15 al 18 de agosto en la Sociedad Rural en Riachuelo ubicada en Ruta 12, Kil\u00f3metro 1016. En este sentido, Garc\u00eda Olano, destac\u00f3 que \u201cla ganader\u00eda de Corrientes tiene un potencial enorme\u201d y agreg\u00f3: \u201cEl desaf\u00edo es mejorar los \u00edndices productivos<\/p>\n","protected":false},"excerpt":{"rendered":"<p>El secretario de Agricultura y Ganader\u00eda, Manuel Garc\u00eda Olano se refiri\u00f3 a la\u00a0Expo Agro\u00a0que se realizar\u00e1 del 15 al 18 de agosto en la Rural y a los desaf\u00edos de cara al futuro. \u201cApostamos a las actividades ganaderas para recuperar los mercados\u201d, asegur\u00f3. &nbsp; La Expo Agro integra la tradicional Exposici\u00f3n Rural de Corrientes que [&hellip;]<\/p>\n","protected":false},"author":1,"featured_media":29751,"comment_status":"closed","ping_status":"closed","sticky":false,"template":"","format":"standard","meta":{"footnotes":""},"categories":[10],"tags":[136],"class_list":["post-29750","post","type-post","status-publish","format-standard","has-post-thumbnail","hentry","category-provinciales","tag-destacados"],"_links":{"self":[{"href":"http:\/\/informateesquina.com\/index.php?rest_route=\/wp\/v2\/posts\/29750","targetHints":{"allow":["GET"]}}],"collection":[{"href":"http:\/\/informateesquina.com\/index.php?rest_route=\/wp\/v2\/posts"}],"about":[{"href":"http:\/\/informateesquina.com\/index.php?rest_route=\/wp\/v2\/types\/post"}],"author":[{"embeddable":true,"href":"http:\/\/informateesquina.com\/index.php?rest_route=\/wp\/v2\/users\/1"}],"replies":[{"embeddable":true,"href":"http:\/\/informateesquina.com\/index.php?rest_route=%2Fwp%2Fv2%2Fcomments&post=29750"}],"version-history":[{"count":0,"href":"http:\/\/informateesquina.com\/index.php?rest_route=\/wp\/v2\/posts\/29750\/revisions"}],"wp:featuredmedia":[{"embeddable":true,"href":"http:\/\/informateesquina.com\/index.php?rest_route=\/"}],"wp:attachment":[{"href":"http:\/\/informateesquina.com\/index.php?rest_route=%2Fwp%2Fv2%2Fmedia&parent=29750"}],"wp:term":[{"taxonomy":"category","embeddable":true,"href":"http:\/\/informateesquina.com\/index.php?rest_route=%2Fwp%2Fv2%2Fcategories&post=29750"},{"taxonomy":"post_tag","embeddable":true,"href":"http:\/\/informateesquina.com\/index.php?rest_route=%2Fwp%2Fv2%2Ftags&post=29750"}],"curies":[{"name":"wp","href":"https:\/\/api.w.org\/{rel}","templated":true}]}}