{"id":29756,"date":"2019-07-23T17:52:11","date_gmt":"2019-07-23T20:52:11","guid":{"rendered":"https:\/\/informateesquina.com\/?p=29756"},"modified":"2019-07-23T17:52:11","modified_gmt":"2019-07-23T20:52:11","slug":"la-conmebol-saco-de-su-cargo-ante-la-fifa-al-chiqui-tapia-por-sus-quejas-sobre-el-arbitraje","status":"publish","type":"post","link":"http:\/\/informateesquina.com\/?p=29756","title":{"rendered":"La Conmebol sac\u00f3 de su cargo ante la FIFA al Chiqui Tapia por sus quejas sobre el arbitraje"},"content":{"rendered":"<div class=\"detail-body \">\n<div class=\"preview\">\n<h3>La entidad sudamericana decidi\u00f3 &#8220;retirar la confianza&#8221; en el dirigente argentino, que hab\u00eda enviado una carta cuestionando la labor de los \u00e1rbitros en la \u00faltima Copa Am\u00e9rica.<\/h3>\n<\/div>\n<\/div>\n<div class=\"detail-body\">\n<article id=\"note-body\" class=\"note-body first\" data-twitter-link=\"https:\/\/twitter.com\/intent\/tweet?url=https:\/\/www.minutouno.com\/c5044349&amp;v\u00eda=minutounocom&amp;related=MinutoUno&amp;text=\">\n<div class=\"row\">\n<div class=\"inside-note col-xs-12\">\n<p>La\u00a0<strong>Confederaci\u00f3n Sudamericana de F\u00fatbol<\/strong>\u00a0decidi\u00f3 &#8220;retirar la confianza&#8221; en\u00a0<strong>Claudio &#8220;Chiqui&#8221; Tapia<\/strong>, presidente de la<strong>\u00a0Asociaci\u00f3n del F\u00fatbol Argentino,<\/strong>\u00a0como respuesta a la carta enviada por el dirigente a modo de queja por los arbitrajes en la \u00faltima\u00a0<strong>Copa Am\u00e9rica<\/strong>.<\/p>\n<\/div>\n<\/div>\n<\/article>\n<\/div>\n<div class=\"banner-libre no-margin\"><\/div>\n<div class=\"clearfix\"><\/div>\n<div class=\"detail-body \">\n<article id=\"note-body\" class=\"note-body\" data-twitter-link=\"https:\/\/twitter.com\/intent\/tweet?url=https:\/\/www.minutouno.com\/c5044349&amp;v\u00eda=minutounocom&amp;related=MinutoUno&amp;text=\">\n<div class=\"row\">\n<div class=\"inside-note col-xs-12\">\n<p>La Conmebol comunic\u00f3 que &#8220;ante la gravedad de las expresiones vertidas p\u00fablicamente por el Sr. Tapia&#8221;, se decidi\u00f3\u00a0<strong>&#8220;<em>retirar la confianza al Sr. Claudio Tapia para ejercer la representaci\u00f3n interina de la CONMEBOL ante el Consejo de la FIFA&#8221;<\/em><\/strong>.<\/p>\n<p>El presidente de la AFA hab\u00eda sido muy cr\u00edtico con los arbitrajes de algunos partidos de la Selecci\u00f3n argentina en la \u00faltima Copa Am\u00e9rica (particularmente ante Brasil y Chile) en consonancia con las fuertes palabras que tuvo el capit\u00e1n del Seleccionado,<strong>\u00a0Lionel Messi,<\/strong>\u00a0contra la entidad sudamericana.<\/p>\n<p><strong>El comunicado completo de Conmebol:<\/strong><\/p>\n<p><em>El Sr. Claudio Tapia remiti\u00f3 el 3 de julio pasado una nota para ser considerada por el Consejo de la CONMEBOL. En respuesta a ese requerimiento, se convoc\u00f3 a una reuni\u00f3n extraordinaria del Consejo, cuyo \u00fanico punto del Orden del D\u00eda fue analizar los t\u00e9rminos de aquella nota y escuchar al Sr. Tapia sobre sus \u201creflexiones personales\u201d.<\/em><\/p>\n<p><em>Las reflexiones del Sr. Tapia cuestionan, a la Confederaci\u00f3n Sudamericana de F\u00fatbol, a la Confederaci\u00f3n Brasile\u00f1a de F\u00fatbol, a la Copa Am\u00e9rica y a las diversas competiciones organizadas por la CONMEBOL por un conjunto de reclamos de diferente naturaleza.<\/em><\/p>\n<p><em>Que, el Se\u00f1or Tapia, ejerce el cargo interino ante el Consejo de la FIFA habiendo sido nombrado por el Consejo de la CONMEBOL, y cuya funci\u00f3n es representar los intereses de la CONMEBOL y de las asociaciones miembro que la conforman.<\/em><\/p>\n<p><em>En consecuencia, ante la gravedad de las expresiones vertidas p\u00fablicamente por el Sr. Tapia, considerando la investidura de su cargo y luego de haberlo escuchado en la presente reuni\u00f3n convocada a su requerimiento, en ejercicio de sus atribuciones estatutarias, el Consejo de la CONMEBOL ha resuelto:<\/em><\/p>\n<p><em>1. RETIRAR con efecto inmediato, la confianza al Sr. Claudio Tapia para ejercer la representaci\u00f3n interina de la CONMEBOL ante el Consejo de la FIFA.<\/em><\/p>\n<p><em>2. CONVOCAR a elecci\u00f3n del Representante de la CONMEBOL ante el Consejo de la FIFA conforme a los reglamentos aplicables.<\/em><\/p>\n<p><em>3. REMITIR todos los antecedentes, inclusive el acta de la presente reuni\u00f3n a la comisi\u00f3n de \u00c9tica, para que el Se\u00f1or Claudio Tapia presente los antecedentes en que basa la carta de fecha 3 de julio de 2019.<\/em><\/p>\n<\/div>\n<\/div>\n<\/article>\n<\/div>\n<div class=\"banner-libre\">\n<div class=\"taboola0\">\n<div id=\"taboola-below-article-thumbnails0\" class=\" trc_related_container trc_spotlight_widget trc_in_iframe trc_elastic trc_elastic_thumbnails-a \" data-placement-name=\"Below Article Thumbnails First Article\">\n<div class=\"trc_rbox_container\">\n<div id=\"trc_wrapper_30675\" class=\"trc_rbox thumbnails-a trc-content-sponsored \">\n<div id=\"trc_header_30675\" class=\"trc_rbox_header trc_rbox_border_elm\"><\/div>\n<div id=\"outer_30675\" class=\"trc_rbox_outer\">\n<div id=\"rbox-t2m\" class=\"trc_rbox_div trc_rbox_border_elm\">\n<div id=\"internal_trc_30675\">\n<div class=\"videoCube trc_spotlight_item origin-default thumbnail_top syndicatedItem textItem videoCube_1_child trc-first-recommendation trc-spotlight-first-recommendation  trc_excludable \" data-item-id=\"~~V1~~-2172112108736233078~~fTTAd0mGHZ4RaUZXWL6HrKuHmu_SFLF9OfDn0t5J7PzTxvAnL2wqac4MyzR7uD46gj3kUkbS3FhelBtnsiJV6MhkDZRZzzIqDobN6rWmCPDj3oI6ZnqTNcmKNeUf_LJtiFGfRWei8ygP-A7QofANFGNecRatQ17lLxM2Vzs2w2pXGr7AzG33ZmXwbqtki_FcDuii3ggeE_GhJqw-Lwkg5w\" data-item-title=\"Puede que te sorprendan los precios de los cruceros en Corrientes\" data-item-thumb=\"http:\/\/cruisestrckr.com\/content\/6981872f-b922-40ae-8b07-65130d7c10e6.bin\" data-item-syndicated=\"true\"><\/div>\n<\/div>\n<\/div>\n<\/div>\n<\/div>\n<\/div>\n<\/div>\n<\/div>\n<\/div>\n","protected":false},"excerpt":{"rendered":"<p>La entidad sudamericana decidi\u00f3 &#8220;retirar la confianza&#8221; en el dirigente argentino, que hab\u00eda enviado una carta cuestionando la labor de los \u00e1rbitros en la \u00faltima Copa Am\u00e9rica. La\u00a0Confederaci\u00f3n Sudamericana de F\u00fatbol\u00a0decidi\u00f3 &#8220;retirar la confianza&#8221; en\u00a0Claudio &#8220;Chiqui&#8221; Tapia, presidente de la\u00a0Asociaci\u00f3n del F\u00fatbol Argentino,\u00a0como respuesta a la carta enviada por el dirigente a modo de queja [&hellip;]<\/p>\n","protected":false},"author":1,"featured_media":29757,"comment_status":"closed","ping_status":"closed","sticky":false,"template":"","format":"standard","meta":{"footnotes":""},"categories":[3],"tags":[],"class_list":["post-29756","post","type-post","status-publish","format-standard","has-post-thumbnail","hentry","category-deportes"],"_links":{"self":[{"href":"http:\/\/informateesquina.com\/index.php?rest_route=\/wp\/v2\/posts\/29756","targetHints":{"allow":["GET"]}}],"collection":[{"href":"http:\/\/informateesquina.com\/index.php?rest_route=\/wp\/v2\/posts"}],"about":[{"href":"http:\/\/informateesquina.com\/index.php?rest_route=\/wp\/v2\/types\/post"}],"author":[{"embeddable":true,"href":"http:\/\/informateesquina.com\/index.php?rest_route=\/wp\/v2\/users\/1"}],"replies":[{"embeddable":true,"href":"http:\/\/informateesquina.com\/index.php?rest_route=%2Fwp%2Fv2%2Fcomments&post=29756"}],"version-history":[{"count":0,"href":"http:\/\/informateesquina.com\/index.php?rest_route=\/wp\/v2\/posts\/29756\/revisions"}],"wp:featuredmedia":[{"embeddable":true,"href":"http:\/\/informateesquina.com\/index.php?rest_route=\/"}],"wp:attachment":[{"href":"http:\/\/informateesquina.com\/index.php?rest_route=%2Fwp%2Fv2%2Fmedia&parent=29756"}],"wp:term":[{"taxonomy":"category","embeddable":true,"href":"http:\/\/informateesquina.com\/index.php?rest_route=%2Fwp%2Fv2%2Fcategories&post=29756"},{"taxonomy":"post_tag","embeddable":true,"href":"http:\/\/informateesquina.com\/index.php?rest_route=%2Fwp%2Fv2%2Ftags&post=29756"}],"curies":[{"name":"wp","href":"https:\/\/api.w.org\/{rel}","templated":true}]}}