{"id":29762,"date":"2019-07-23T18:07:03","date_gmt":"2019-07-23T21:07:03","guid":{"rendered":"https:\/\/informateesquina.com\/?p=29762"},"modified":"2019-07-23T18:07:03","modified_gmt":"2019-07-23T21:07:03","slug":"matt-groening-habra-otra-pelicula-de-los-simpson","status":"publish","type":"post","link":"http:\/\/informateesquina.com\/?p=29762","title":{"rendered":"Matt Groening: &#8220;Habr\u00e1 otra pel\u00edcula de Los Simpson&#8221;"},"content":{"rendered":"<div class=\"detail-body \">\n<div class=\"preview\">\n<p>A 12 a\u00f1os del estreno de la primera, el creador de la serie confirm\u00f3 que en los pr\u00f3ximos a\u00f1os la familia m\u00e1s famosa de la televisi\u00f3n volver\u00e1 a la pantalla grande.<\/p>\n<\/div>\n<\/div>\n<div class=\"detail-body\">\n<article id=\"note-body\" class=\"note-body first\" data-twitter-link=\"https:\/\/twitter.com\/intent\/tweet?url=https:\/\/www.minutouno.com\/c5044288&amp;v\u00eda=minutounocom&amp;related=MinutoUno&amp;text=\">\n<div class=\"row\">\n<div class=\"inside-note col-xs-12\">\n<p><strong>Matt Groening<\/strong>, creador de la serie animada, se\u00f1al\u00f3 que &#8220;no hay duda de que habr\u00e1 otra pel\u00edcula de\u00a0<strong><em>Los Simpson<\/em><\/strong>\u00a0uno de estos d\u00edas\u201d. La confirmaci\u00f3n se dio durante su vista a la Comic-Con de San Diego a doce a\u00f1os del estreno de la primera, all\u00e1 por el 2007.<\/p>\n<\/div>\n<\/div>\n<\/article>\n<\/div>\n<div class=\"banner-libre no-margin\"><\/div>\n<div class=\"clearfix\">El dibujante, productor de televisi\u00f3n y escritor estadounidense ubic\u00f3 el segundo paso de la familia de Springfield a la pantalla grande en el marco del negocio en el mundo del entretenimiento por el que Disney adquiri\u00f3 Fox y <strong>sostuvo que \u201cDisney querr\u00e1 algo por su dinero&#8221;.<\/strong><\/div>\n<div><\/div>\n<div class=\"detail-body \">\n<article id=\"note-body\" class=\"note-body\" data-twitter-link=\"https:\/\/twitter.com\/intent\/tweet?url=https:\/\/www.minutouno.com\/c5044288&amp;v\u00eda=minutounocom&amp;related=MinutoUno&amp;text=\">\n<div class=\"row\">\n<div class=\"inside-note col-xs-12\">\n<p>El ir\u00f3nico comentario ligado al poder\u00edo de Disney para expandir franquicias como las de los superh\u00e9roes de Marvel y\u00a0<em>Star Wars<\/em>, imagina iguales posibilidades para la serie que acaba de cumplir 30 temporadas en la televisi\u00f3n.<\/p>\n<p><strong>&#8220;La primera pel\u00edcula de\u00a0<em>Los Simpson\u00a0<\/em>casi nos mata. No ten\u00edamos un equipo B esperando para hacer la pel\u00edcula, as\u00ed que la hicimos el mismo equipo que animamos, escribimos e hicimos la m\u00fasica para la serie de televisi\u00f3n. Tambi\u00e9n yo hice la pel\u00edcula. Eso fue en 2007. Y ya estamos casi recuperados, casi&#8221;<\/strong>, coment\u00f3 durante una entrevista con CinemaBlend.<\/p>\n<p>Sin embargo, y aunque Groening se mostr\u00f3 muy seguro al hablar sobre la secuela, tambi\u00e9n\u00a0<strong>admiti\u00f3 que por el momento no hay guion para la pel\u00edcula<\/strong>. &#8220;\u00c9sta es la verdadera respuesta&#8221;, explic\u00f3.<\/p>\n<\/div>\n<\/div>\n<\/article>\n<\/div>\n","protected":false},"excerpt":{"rendered":"<p>A 12 a\u00f1os del estreno de la primera, el creador de la serie confirm\u00f3 que en los pr\u00f3ximos a\u00f1os la familia m\u00e1s famosa de la televisi\u00f3n volver\u00e1 a la pantalla grande. Matt Groening, creador de la serie animada, se\u00f1al\u00f3 que &#8220;no hay duda de que habr\u00e1 otra pel\u00edcula de\u00a0Los Simpson\u00a0uno de estos d\u00edas\u201d. La confirmaci\u00f3n [&hellip;]<\/p>\n","protected":false},"author":1,"featured_media":29763,"comment_status":"closed","ping_status":"closed","sticky":false,"template":"","format":"standard","meta":{"footnotes":""},"categories":[4],"tags":[],"class_list":["post-29762","post","type-post","status-publish","format-standard","has-post-thumbnail","hentry","category-espectaculos"],"_links":{"self":[{"href":"http:\/\/informateesquina.com\/index.php?rest_route=\/wp\/v2\/posts\/29762","targetHints":{"allow":["GET"]}}],"collection":[{"href":"http:\/\/informateesquina.com\/index.php?rest_route=\/wp\/v2\/posts"}],"about":[{"href":"http:\/\/informateesquina.com\/index.php?rest_route=\/wp\/v2\/types\/post"}],"author":[{"embeddable":true,"href":"http:\/\/informateesquina.com\/index.php?rest_route=\/wp\/v2\/users\/1"}],"replies":[{"embeddable":true,"href":"http:\/\/informateesquina.com\/index.php?rest_route=%2Fwp%2Fv2%2Fcomments&post=29762"}],"version-history":[{"count":0,"href":"http:\/\/informateesquina.com\/index.php?rest_route=\/wp\/v2\/posts\/29762\/revisions"}],"wp:featuredmedia":[{"embeddable":true,"href":"http:\/\/informateesquina.com\/index.php?rest_route=\/"}],"wp:attachment":[{"href":"http:\/\/informateesquina.com\/index.php?rest_route=%2Fwp%2Fv2%2Fmedia&parent=29762"}],"wp:term":[{"taxonomy":"category","embeddable":true,"href":"http:\/\/informateesquina.com\/index.php?rest_route=%2Fwp%2Fv2%2Fcategories&post=29762"},{"taxonomy":"post_tag","embeddable":true,"href":"http:\/\/informateesquina.com\/index.php?rest_route=%2Fwp%2Fv2%2Ftags&post=29762"}],"curies":[{"name":"wp","href":"https:\/\/api.w.org\/{rel}","templated":true}]}}