{"id":29769,"date":"2019-07-23T18:30:54","date_gmt":"2019-07-23T21:30:54","guid":{"rendered":"https:\/\/informateesquina.com\/?p=29769"},"modified":"2019-07-23T18:30:54","modified_gmt":"2019-07-23T21:30:54","slug":"virasoro-mataron-a-un-hombre-y-luego-incendiaron-su-casa","status":"publish","type":"post","link":"http:\/\/informateesquina.com\/?p=29769","title":{"rendered":"Virasoro: Mataron a un hombre y luego incendiaron su casa"},"content":{"rendered":"<p class=\"copete\">Este lunes, alrededor del mediod\u00eda, efectivos policiales fueron informados del hecho ocurrido en la localidad de Virasoro. El homicidio ocurri\u00f3 en la Estancia la Paulita, ubicada por Ruta Provincial 72, a la altura del Kil\u00f3metro 15, donde un hombre fue golpeado en la cabeza, lo que le caus\u00f3 la muerte. Despu\u00e9s, le incendiaron la casa.<\/p>\n<p>La v\u00edctima era un hombre de apellido Boitho, de 44 a\u00f1os, quien seg\u00fan las primeras investigaciones fue golpeado en la cabeza por un desconocido. Posteriormente, la vivienda del fallecido fue incendiada y se consumi\u00f3 en su totalidad.<\/p>\n<p>Por el momento, no hay aprehendidos y se siguen llevando a cabo los trabajos investigativos, en los que interviene la Comisar\u00eda Segunda de Virasoro.<\/p>\n<p>FUENTE : RADIO SUDAMERICANA<\/p>\n","protected":false},"excerpt":{"rendered":"<p>Este lunes, alrededor del mediod\u00eda, efectivos policiales fueron informados del hecho ocurrido en la localidad de Virasoro. El homicidio ocurri\u00f3 en la Estancia la Paulita, ubicada por Ruta Provincial 72, a la altura del Kil\u00f3metro 15, donde un hombre fue golpeado en la cabeza, lo que le caus\u00f3 la muerte. Despu\u00e9s, le incendiaron la casa. [&hellip;]<\/p>\n","protected":false},"author":1,"featured_media":29770,"comment_status":"closed","ping_status":"closed","sticky":false,"template":"","format":"standard","meta":{"footnotes":""},"categories":[8],"tags":[],"class_list":["post-29769","post","type-post","status-publish","format-standard","has-post-thumbnail","hentry","category-policiales"],"_links":{"self":[{"href":"http:\/\/informateesquina.com\/index.php?rest_route=\/wp\/v2\/posts\/29769","targetHints":{"allow":["GET"]}}],"collection":[{"href":"http:\/\/informateesquina.com\/index.php?rest_route=\/wp\/v2\/posts"}],"about":[{"href":"http:\/\/informateesquina.com\/index.php?rest_route=\/wp\/v2\/types\/post"}],"author":[{"embeddable":true,"href":"http:\/\/informateesquina.com\/index.php?rest_route=\/wp\/v2\/users\/1"}],"replies":[{"embeddable":true,"href":"http:\/\/informateesquina.com\/index.php?rest_route=%2Fwp%2Fv2%2Fcomments&post=29769"}],"version-history":[{"count":0,"href":"http:\/\/informateesquina.com\/index.php?rest_route=\/wp\/v2\/posts\/29769\/revisions"}],"wp:featuredmedia":[{"embeddable":true,"href":"http:\/\/informateesquina.com\/index.php?rest_route=\/"}],"wp:attachment":[{"href":"http:\/\/informateesquina.com\/index.php?rest_route=%2Fwp%2Fv2%2Fmedia&parent=29769"}],"wp:term":[{"taxonomy":"category","embeddable":true,"href":"http:\/\/informateesquina.com\/index.php?rest_route=%2Fwp%2Fv2%2Fcategories&post=29769"},{"taxonomy":"post_tag","embeddable":true,"href":"http:\/\/informateesquina.com\/index.php?rest_route=%2Fwp%2Fv2%2Ftags&post=29769"}],"curies":[{"name":"wp","href":"https:\/\/api.w.org\/{rel}","templated":true}]}}