{"id":29772,"date":"2019-07-23T18:32:43","date_gmt":"2019-07-23T21:32:43","guid":{"rendered":"https:\/\/informateesquina.com\/?p=29772"},"modified":"2019-07-23T18:32:43","modified_gmt":"2019-07-23T21:32:43","slug":"viviendas-de-invico-se-entregarian-a-mediados-de-agosto-con-cordon-cuneta-y-ripio","status":"publish","type":"post","link":"http:\/\/informateesquina.com\/?p=29772","title":{"rendered":"Viviendas de Invico: Se entregar\u00edan a mediados de agosto con cord\u00f3n cuneta y ripio"},"content":{"rendered":"<p>Julio Veglia interventor de Invico\u00a0 habl\u00f3 con el periodista\u00a0 Ger\u00f3nimo Vega, de FM Del R\u00edo, \u00a0y explic\u00f3 que cuando \u00a0terminen el cord\u00f3n cuneta y el ripio van a entregar las viviendas sorteadas a los adjudicatarios. Se cree que ser\u00e1 para los \u00faltimos d\u00edas del mes de agosto. Tambi\u00e9n se\u00f1al\u00f3 que las cuotas equivalen al 25% del ingreso econ\u00f3mico de cada familia, y que luego se van a reunir con el equipo econ\u00f3mico.<\/p>\n<p>Julio Veglia, brind\u00f3 detalles sobre la entrega de las 50 viviendas de Invico. \u201cLos vecinos ya conocieron sus hogares que est\u00e1n casi terminados. Estamos en plena ejecuci\u00f3n de los cordones cunetas, los badenes, vamos a comenzar el ripio de las calles y nos est\u00e1 faltando colocar en transformador. Creo que para mediados de agosto vamos a estar entregando las viviendas, siempre que el tiempo acompa\u00f1e\u201d, dijo.<\/p>\n<p><img loading=\"lazy\" decoding=\"async\" class=\"alignnone size-medium wp-image-29774\" src=\"https:\/\/informateesquina.com\/wp-content\/uploads\/2019\/07\/4ae9573756ec86c521e01a380539f586_XL-300x211.jpg\" alt=\"\" width=\"300\" height=\"211\" \/><\/p>\n<p><strong>LAS CUOTAS<\/strong><\/p>\n<p>\u201cNosotros hacemos entrega de la carpeta con la chequera y a partir del primer mes se empieza a pagar. Antes por algunas cuestiones democr\u00e1ticas\u00a0 no se entregaba la chequera y por lo tanto no se pod\u00edan cobrar las cuotas, eso lo hemos cambiado.\u00a0 Una vez que se entrega la vivienda se comienza a pagar la cuota, no se paga antes\u201d.<\/p>\n<p>\u201cEl valor final es de 6.00 -6.500 contempla gastos administrativos, y un seguro contra incendios. Las personas que no registran ingresos igual entran en el sorteo y pueden ser adjudicatarios. Despu\u00e9s se ve el tema del cobro de la cuota, se establece un valor de cuota m\u00ednima. El ingreso de una familia nunca es cero lo que pasa es que algunos no tienen un ingreso en blanco, entonces seg\u00fan lo que manifiestan que cobran tratamos de sacar una cuota m\u00ednima. \u00a0Tenemos un tope m\u00e1ximo que es el 25 % del ingreso familiar, no podemos cobrar m\u00e1s de eso\u201d, explic\u00f3.<\/p>\n","protected":false},"excerpt":{"rendered":"<p>Julio Veglia interventor de Invico\u00a0 habl\u00f3 con el periodista\u00a0 Ger\u00f3nimo Vega, de FM Del R\u00edo, \u00a0y explic\u00f3 que cuando \u00a0terminen el cord\u00f3n cuneta y el ripio van a entregar las viviendas sorteadas a los adjudicatarios. Se cree que ser\u00e1 para los \u00faltimos d\u00edas del mes de agosto. Tambi\u00e9n se\u00f1al\u00f3 que las cuotas equivalen al 25% [&hellip;]<\/p>\n","protected":false},"author":1,"featured_media":29773,"comment_status":"closed","ping_status":"closed","sticky":false,"template":"","format":"standard","meta":{"footnotes":""},"categories":[6],"tags":[136],"class_list":["post-29772","post","type-post","status-publish","format-standard","has-post-thumbnail","hentry","category-locales","tag-destacados"],"_links":{"self":[{"href":"http:\/\/informateesquina.com\/index.php?rest_route=\/wp\/v2\/posts\/29772","targetHints":{"allow":["GET"]}}],"collection":[{"href":"http:\/\/informateesquina.com\/index.php?rest_route=\/wp\/v2\/posts"}],"about":[{"href":"http:\/\/informateesquina.com\/index.php?rest_route=\/wp\/v2\/types\/post"}],"author":[{"embeddable":true,"href":"http:\/\/informateesquina.com\/index.php?rest_route=\/wp\/v2\/users\/1"}],"replies":[{"embeddable":true,"href":"http:\/\/informateesquina.com\/index.php?rest_route=%2Fwp%2Fv2%2Fcomments&post=29772"}],"version-history":[{"count":0,"href":"http:\/\/informateesquina.com\/index.php?rest_route=\/wp\/v2\/posts\/29772\/revisions"}],"wp:featuredmedia":[{"embeddable":true,"href":"http:\/\/informateesquina.com\/index.php?rest_route=\/"}],"wp:attachment":[{"href":"http:\/\/informateesquina.com\/index.php?rest_route=%2Fwp%2Fv2%2Fmedia&parent=29772"}],"wp:term":[{"taxonomy":"category","embeddable":true,"href":"http:\/\/informateesquina.com\/index.php?rest_route=%2Fwp%2Fv2%2Fcategories&post=29772"},{"taxonomy":"post_tag","embeddable":true,"href":"http:\/\/informateesquina.com\/index.php?rest_route=%2Fwp%2Fv2%2Ftags&post=29772"}],"curies":[{"name":"wp","href":"https:\/\/api.w.org\/{rel}","templated":true}]}}