{"id":29777,"date":"2019-07-24T10:30:40","date_gmt":"2019-07-24T13:30:40","guid":{"rendered":"https:\/\/informateesquina.com\/?p=29777"},"modified":"2019-07-24T10:30:40","modified_gmt":"2019-07-24T13:30:40","slug":"itati-realizo-su-misa-de-15-anos-vestida-como-la-virgen-maria","status":"publish","type":"post","link":"http:\/\/informateesquina.com\/?p=29777","title":{"rendered":"\u00a0Itat\u00ed: realiz\u00f3 su Misa de 15 A\u00f1os vestida como la Virgen Mar\u00eda"},"content":{"rendered":"<div class=\"col-md-12\">\n<h2><span style=\"color: #666666; font-family: Roboto, sans-serif; font-size: 15px;\">La jovencita es santafesina y junto a toda su familia decidi\u00f3 celebrar sus 15 a\u00f1os con una Misa religiosa en Itat\u00ed. La quincea\u00f1era utiliz\u00f3 un atuendo poco usual, fue vestida como la Virgen Mar\u00eda y pos\u00f3 muy feliz para las fotos. \u00a1Felicidades!<\/span><\/h2>\n<div class=\"image_review_wrapper\">\n<div class=\"swiper-container swiper-container-horizontal swiper-container-android\">\n<div class=\"swiper-wrapper\">\n<div class=\"swiper-slide\"><a href=\"http:\/\/www.radiosudamericana.com\/notix\/multimedia\/imagenes\/fotos\/2019-07-24\/851839.jpg\"><img decoding=\"async\" class=\"img-responsive\" src=\"http:\/\/www.radiosudamericana.com\/notix\/multimedia\/imagenes\/fotos\/2019-07-24\/851839.jpg\" alt=\"Responsive image\" \/><\/a><\/div>\n<div class=\"swiper-slide swiper-slide-prev\"><a href=\"http:\/\/www.radiosudamericana.com\/notix\/multimedia\/imagenes\/fotos\/2019-07-24\/192169.jpg\"><img decoding=\"async\" class=\"img-responsive\" src=\"http:\/\/www.radiosudamericana.com\/notix\/multimedia\/imagenes\/fotos\/2019-07-24\/192169.jpg\" alt=\"Responsive image\" \/><\/a><\/div>\n<div class=\"swiper-slide swiper-slide-active\"><\/div>\n<\/div>\n<\/div>\n<\/div>\n<\/div>\n<p>El padre F\u00e9lix de los Mozos comparti\u00f3 las im\u00e1genes de la joven Mar\u00eda Itat\u00ed Main\u00e9, quien particip\u00f3 de la Misa\u00a0en la Bas\u00edlica de Itat\u00ed.<\/p>\n<p>Lleg\u00f3 desde San Javier, provincia de Santa Fe, junto a sus padres y hermano, para su misa de 15 a\u00f1os. \u00a1Mir\u00e1 todas las fotos!<\/p>\n<p><img decoding=\"async\" class=\"img-responsive\" src=\"http:\/\/www.radiosudamericana.com\/notix\/multimedia\/imagenes\/fotos\/2019-07-24\/192169.jpg\" \/><\/p>\n<p>&nbsp;<\/p>\n","protected":false},"excerpt":{"rendered":"<p>La jovencita es santafesina y junto a toda su familia decidi\u00f3 celebrar sus 15 a\u00f1os con una Misa religiosa en Itat\u00ed. La quincea\u00f1era utiliz\u00f3 un atuendo poco usual, fue vestida como la Virgen Mar\u00eda y pos\u00f3 muy feliz para las fotos. \u00a1Felicidades! El padre F\u00e9lix de los Mozos comparti\u00f3 las im\u00e1genes de la joven Mar\u00eda [&hellip;]<\/p>\n","protected":false},"author":1,"featured_media":29778,"comment_status":"closed","ping_status":"closed","sticky":false,"template":"","format":"standard","meta":{"footnotes":""},"categories":[11],"tags":[136],"class_list":["post-29777","post","type-post","status-publish","format-standard","has-post-thumbnail","hentry","category-sociedad","tag-destacados"],"_links":{"self":[{"href":"http:\/\/informateesquina.com\/index.php?rest_route=\/wp\/v2\/posts\/29777","targetHints":{"allow":["GET"]}}],"collection":[{"href":"http:\/\/informateesquina.com\/index.php?rest_route=\/wp\/v2\/posts"}],"about":[{"href":"http:\/\/informateesquina.com\/index.php?rest_route=\/wp\/v2\/types\/post"}],"author":[{"embeddable":true,"href":"http:\/\/informateesquina.com\/index.php?rest_route=\/wp\/v2\/users\/1"}],"replies":[{"embeddable":true,"href":"http:\/\/informateesquina.com\/index.php?rest_route=%2Fwp%2Fv2%2Fcomments&post=29777"}],"version-history":[{"count":0,"href":"http:\/\/informateesquina.com\/index.php?rest_route=\/wp\/v2\/posts\/29777\/revisions"}],"wp:featuredmedia":[{"embeddable":true,"href":"http:\/\/informateesquina.com\/index.php?rest_route=\/"}],"wp:attachment":[{"href":"http:\/\/informateesquina.com\/index.php?rest_route=%2Fwp%2Fv2%2Fmedia&parent=29777"}],"wp:term":[{"taxonomy":"category","embeddable":true,"href":"http:\/\/informateesquina.com\/index.php?rest_route=%2Fwp%2Fv2%2Fcategories&post=29777"},{"taxonomy":"post_tag","embeddable":true,"href":"http:\/\/informateesquina.com\/index.php?rest_route=%2Fwp%2Fv2%2Ftags&post=29777"}],"curies":[{"name":"wp","href":"https:\/\/api.w.org\/{rel}","templated":true}]}}