{"id":29792,"date":"2019-07-24T19:16:06","date_gmt":"2019-07-24T22:16:06","guid":{"rendered":"https:\/\/informateesquina.com\/?p=29792"},"modified":"2019-07-24T19:16:06","modified_gmt":"2019-07-24T22:16:06","slug":"volvio-valdes-hablo-sobre-profundizar-la-infraestructura-provincial-y-preservar-el-salario-de-los-trabajadores","status":"publish","type":"post","link":"http:\/\/informateesquina.com\/?p=29792","title":{"rendered":"Volvi\u00f3 Vald\u00e9s: Habl\u00f3 sobre profundizar la infraestructura provincial y preservar el salario de los trabajadores"},"content":{"rendered":"<p class=\"x_MsoNormal\" style=\"text-align: center;\"><strong><em>El gobernador Gustavo Vald\u00e9s realiz\u00f3 este mi\u00e9rcoles declaraciones a la prensa sobre diversas tem\u00e1ticas, entre ellas destacan la inversi\u00f3n en infraestructura y la preservaci\u00f3n del salario que lleva adelante el Estado provincial. &#8220;Sabemos que son tiempos dif\u00edciles, pero siempre estamos tratando de cuidar el poder adquisitivo de los trabajadores&#8221; dijo.<\/em><\/strong><\/p>\n<p>&nbsp;<\/p>\n<p class=\"x_MsoNormal\">Para ello, Vald\u00e9s remarc\u00f3 la importancia de la recaudaci\u00f3n a nivel provincial y nacional: &#8220;En el primer semestre ambas fueron buenas, superamos el 40% lo que permite que se derrame en todos los municipios, lo cuales obtienen m\u00e1s recursos y apoyo ya que realizamos mayores obras en conjunto&#8221;.<\/p>\n<p class=\"x_MsoNormal\">Tambi\u00e9n se refiri\u00f3 al sector productivo, argumentando que es necesaria una comuni\u00f3n entre el sector p\u00fablico y el privado. &#8220;Por ejemplo, estamos por presentar algunos instrumentos financieros para que el sector arrocero sea mucho m\u00e1s competitivo&#8221; adelant\u00f3.<\/p>\n<p class=\"x_MsoNormal\">Consultado sobre las oportunidades comerciales que ofrece China, pa\u00eds donde estuvo recientemente, el Gobernador remarc\u00f3 que &#8220;se trata de nada menos que 400 mil millones de consumidores y la posibilidad de ingresar con productos de calidad como tenemos en Corrientes&#8221;. &#8220;Nosotros fijamos dos sectores claves, la ganader\u00eda y la forestaci\u00f3n, en los cuales debemos invertir para que la producci\u00f3n vaya con valor agregado a China, incluso hay productos que se est\u00e1n comercializando al pa\u00eds asi\u00e1tico&#8221;, resalt\u00f3 y agreg\u00f3 que &#8220;adem\u00e1s, existen otros mercados similares que se pueden abrir pero sabemos que nuestro camino es la producci\u00f3n y exportaci\u00f3n&#8221;.<\/p>\n<p class=\"x_MsoNormal\">Sobre la Autov\u00eda de la Ruta Nacional (RN) N\u00b012, el Mandatario declar\u00f3 que &#8220;es una obra nacional, por lo que no tenemos el control de la misma, pero vemos permanentemente su avance que se encuentra aproximadamente en el 20% y tiene un valor cercano a los 3 mil millones de pesos&#8221;.<\/p>\n<p class=\"x_MsoNormal\">En cuanto a la posibilidad de una reuni\u00f3n de Gabinete, indic\u00f3 que &#8220;ahora nos encontramos de feria, tendremos una reuni\u00f3n el primer lunes despu\u00e9s de la misma donde estar\u00e1n todos los funcionarios y podremos trabajar sobre los temas que quedaron pendientes&#8221;. Con respecto al reemplazo de los ministros que ocupar\u00e1n cargos legislativos, coment\u00f3 que &#8220;ya tenemos los nombres, pero los daremos a conocer m\u00e1s adelante&#8221;.<\/p>\n<p>&nbsp;<\/p>\n<p class=\"x_MsoNormal\"><b>Las PASO<\/b><\/p>\n<p>&nbsp;<\/p>\n<p class=\"x_MsoNormal\">Sobre las elecciones primarias, abiertas, simultaneas y obligatorias (PASO), el gobernador manifest\u00f3: \u201cSe definir\u00e1 qui\u00e9nes van a ser nuestros candidatos a diputados nacionales, sabemos que tenemos que competir a trav\u00e9s de tres listas que est\u00e1n dentro de Eco + Cambiemos y comenzaremos a trabajar fuerte\u201d.<\/p>\n<p class=\"x_MsoNormal\">\u201cTodos est\u00e1n ansiosos por conocer los resultados de la primaria, pero la elecci\u00f3n a presidente esta despu\u00e9s. Estamos al tanto de que se toman los resultados de las PASO como una encuesta abierta donde se pueden saber los n\u00fameros, pero que seguramente ir\u00e1n cambiando\u201d.<\/p>\n<p class=\"x_MsoNormal\">\u201cTrabajaremos para que tenga mayor fuerza y nitidez nuestra postura a nivel provincial, porque sabemos c\u00f3mo tiene que ser Argentina\u201d, recalc\u00f3 Vald\u00e9s y agreg\u00f3 que \u201ctuvimos el primer cap\u00edtulo, que es el dise\u00f1o de la pol\u00edtica de Corrientes hac\u00eda adelante y trabajaremos en lo que necesita el pa\u00eds a futuro\u201d.<\/p>\n<p>&nbsp;<\/p>\n<p class=\"x_MsoNormal\"><b>Adjudicaci\u00f3n de obras de la Central A\u00f1a Cu\u00e1<\/b><\/p>\n<p>&nbsp;<\/p>\n<p class=\"x_MsoNormal\">Vald\u00e9s se explay\u00f3 sobre la adjudicaci\u00f3n de las obras de la central de A\u00f1a Cu\u00e1, cuyos trabajos empezar\u00edan en el mes de octubre, con la instalaci\u00f3n de turbinas que se instalar\u00e1n a efectos de aprovechar el caudal de dicho brazo para la generaci\u00f3n de energ\u00eda. Se trata de un paso significativo para avanzar en un proyecto previsto en el plan original de Yacyret\u00e1 pero largamente postergado.<\/p>\n<p>\u201cDeb\u00edamos ponernos de acuerdo con Paraguay, sobre todo en la deuda que ten\u00eda la Rep\u00fablica Argentina con ese pa\u00eds y lo que ellos nos deb\u00edan y la conciliaci\u00f3n de deudas que fue un logro hist\u00f3rico de la gesti\u00f3n del presidente Mauricio Macri\u201d, dijo en primer t\u00e9rmino, para agregar que \u201cposteriormente avanzamos a pasos agigantados para poder concretar una obra fundamental en la represa Yacyret\u00e1, con el brazo A\u00f1\u00e1 Cu\u00e1\u201d.<\/p>\n<p>El mandatario precis\u00f3 que es un salto de agua \u201cimportante que no generaba energ\u00eda\u201d y que con las obras que se pondr\u00e1n en marcha va a permitirle\u00a0a la represa \u201cgenerar un 20% m\u00e1s de energ\u00eda y a los correntinos nos va a otorgar un 20% m\u00e1s de regal\u00edas\u201d.<\/p>\n<p>\u201cYa se abrieron los sobres, siendo una obra esperada por Corrientes que la hicimos posible y que ser\u00e1 una realidad\u201d, enfatiz\u00f3 Vald\u00e9s.<\/p>\n<p>&nbsp;<\/p>\n<p><b>Paso Ituzaing\u00f3 \u2013 Ayolas<\/b><\/p>\n<p>&nbsp;<\/p>\n<p>El titular del Ejecutivo provincial tambi\u00e9n fue consultado sobre la inauguraci\u00f3n del paso fronterizo entre Ayolas e Ituzaing\u00f3 sobre la represa Yacyret\u00e1, que en principio estaba prevista para el 26 de julio y se pospuso para el 23 de agosto por decisi\u00f3n de las canciller\u00edas de ambos pa\u00edses<\/p>\n<p>\u201cEst\u00e1 todo listo para la apertura. Todas las obras est\u00e1n pr\u00e1cticamente terminadas del lado argentino y est\u00e1 finalizado lo que le correspond\u00eda a Corrientes con el ensanchamiento de las calzadas en ambos lados del pavimento y luego prosigui\u00f3 con la obra civil\u201d, coment\u00f3 Vald\u00e9s, se\u00f1alando a su vez que la misma va a posibilitar tener una conexi\u00f3n f\u00edsica con el Paraguay.<\/p>\n<p>\u201cEn\u00a0principio ser\u00e1 para veh\u00edculos livianos, lo que\u00a0va a descomprimir sustancialmente otros pasos, como el de Posadas \u2013 Encarnaci\u00f3n\u201d, manifest\u00f3 y puso de relieve Vald\u00e9s que va a \u201crepresentar un movimiento tur\u00edstico y econ\u00f3mico significativo entre Argentina y Paraguay\u201d.<\/p>\n<p>&nbsp;<\/p>\n<p><b>Instalaci\u00f3n de pastera en Ituzaing\u00f3<\/b><\/p>\n<p>&nbsp;<\/p>\n<p>Otro de los temas abordados por Vald\u00e9s tuvo que ver con la posible instalaci\u00f3n de una pastera en la localidad de Ituzaing\u00f3. En ese sentido, expres\u00f3 que la zona \u201ctiene una de las tasas m\u00e1s altas de crecimiento en cuanto a forestaci\u00f3n por el clima, la humedad y su calidad de tierra\u201d.<\/p>\n<p>Y subray\u00f3 que se potencia con el hecho que Ituzaing\u00f3 va a contar con un moderno puerto que se lleva adelante con recursos propios de la provincia, para lo cual se adquirieron 500 hect\u00e1reas destinadas al predio.<\/p>\n<p>Vald\u00e9s consider\u00f3 que se enmarca en la l\u00ednea de gesti\u00f3n de dar un fuerte impulso a los Parques Industriales, para lo cual se cuenta con el inter\u00e9s de empresas en radicarse en la zona, \u201cno tenemos dudas que es un lugar apto para instalar una procesadora de madera para poder industrializar nuestra materia prima\u00a0y darle a la producci\u00f3n valor agregado a la madera de Corrientes\u201d.<\/p>\n<p>\u201cEs una inversi\u00f3n importante de alrededor de tres mil millones de d\u00f3lares y como gobernador mi compromiso es lograr que podamos industrializar la madera correntina para abrirnos a los mercados internacionales\u201d, concluy\u00f3 Vald\u00e9s.<\/p>\n","protected":false},"excerpt":{"rendered":"<p>El gobernador Gustavo Vald\u00e9s realiz\u00f3 este mi\u00e9rcoles declaraciones a la prensa sobre diversas tem\u00e1ticas, entre ellas destacan la inversi\u00f3n en infraestructura y la preservaci\u00f3n del salario que lleva adelante el Estado provincial. &#8220;Sabemos que son tiempos dif\u00edciles, pero siempre estamos tratando de cuidar el poder adquisitivo de los trabajadores&#8221; dijo. &nbsp; Para ello, Vald\u00e9s remarc\u00f3 [&hellip;]<\/p>\n","protected":false},"author":1,"featured_media":29793,"comment_status":"closed","ping_status":"closed","sticky":false,"template":"","format":"standard","meta":{"footnotes":""},"categories":[10],"tags":[136],"class_list":["post-29792","post","type-post","status-publish","format-standard","has-post-thumbnail","hentry","category-provinciales","tag-destacados"],"_links":{"self":[{"href":"http:\/\/informateesquina.com\/index.php?rest_route=\/wp\/v2\/posts\/29792","targetHints":{"allow":["GET"]}}],"collection":[{"href":"http:\/\/informateesquina.com\/index.php?rest_route=\/wp\/v2\/posts"}],"about":[{"href":"http:\/\/informateesquina.com\/index.php?rest_route=\/wp\/v2\/types\/post"}],"author":[{"embeddable":true,"href":"http:\/\/informateesquina.com\/index.php?rest_route=\/wp\/v2\/users\/1"}],"replies":[{"embeddable":true,"href":"http:\/\/informateesquina.com\/index.php?rest_route=%2Fwp%2Fv2%2Fcomments&post=29792"}],"version-history":[{"count":0,"href":"http:\/\/informateesquina.com\/index.php?rest_route=\/wp\/v2\/posts\/29792\/revisions"}],"wp:featuredmedia":[{"embeddable":true,"href":"http:\/\/informateesquina.com\/index.php?rest_route=\/"}],"wp:attachment":[{"href":"http:\/\/informateesquina.com\/index.php?rest_route=%2Fwp%2Fv2%2Fmedia&parent=29792"}],"wp:term":[{"taxonomy":"category","embeddable":true,"href":"http:\/\/informateesquina.com\/index.php?rest_route=%2Fwp%2Fv2%2Fcategories&post=29792"},{"taxonomy":"post_tag","embeddable":true,"href":"http:\/\/informateesquina.com\/index.php?rest_route=%2Fwp%2Fv2%2Ftags&post=29792"}],"curies":[{"name":"wp","href":"https:\/\/api.w.org\/{rel}","templated":true}]}}