{"id":29798,"date":"2019-07-25T17:36:28","date_gmt":"2019-07-25T20:36:28","guid":{"rendered":"https:\/\/informateesquina.com\/?p=29798"},"modified":"2019-07-25T17:36:28","modified_gmt":"2019-07-25T20:36:28","slug":"capital-apunalo-a-su-hermano-en-medio-de-una-pelea","status":"publish","type":"post","link":"http:\/\/informateesquina.com\/?p=29798","title":{"rendered":"Capital: Apu\u00f1al\u00f3 a su hermano en medio de una pelea"},"content":{"rendered":"<p>El hecho se registr\u00f3 ayer por la tarde en el barrio Jard\u00edn. Dos hermanos de apellido Troche iniciaron una tensa discusi\u00f3n que termin\u00f3 con uno de ellos con heridas graves. La v\u00edctima se encuentra en grave estado en el Hospital Llano.<\/p>\n<p>El hecho ocurri\u00f3 alrededor de las 18.45, en una vivienda del barrio Jard\u00edn. Dos hermanos de apellido Troche, uno de 23 a\u00f1os y otro de 37 iniciaron una tensa discusi\u00f3n que termin\u00f3 con uno de ellos con graves heridas.<\/p>\n<p>Seg\u00fan informaron fuentes policiales, el de 23 tom\u00f3 un cuchillo y apu\u00f1al\u00f3 dos veces al de 37, quien comenz\u00f3 a desangrarse y fue r\u00e1pidamente socorrido por efectivos policiales que le hicieron los primeros auxilios.<\/p>\n<p>El agresor, luego de lo ocurrido, se dio a la fuga y fue atrapado minutos despu\u00e9s en un galp\u00f3n abandonado en cercan\u00edas al Campus UNNE. El mismo fue trasladado a la Comisar\u00eda Novena donde ya se encuentra a disposici\u00f3n de la justicia imputado por supuesto homicidio en grado de tentativa<\/p>\n<p>Con respecto a la v\u00edctima, indicaron que se encuentra en grave estado internado en el Hospital Llano.<\/p>\n<p>FUENTE: RADIO SUDAMERICANA<\/p>\n","protected":false},"excerpt":{"rendered":"<p>El hecho se registr\u00f3 ayer por la tarde en el barrio Jard\u00edn. Dos hermanos de apellido Troche iniciaron una tensa discusi\u00f3n que termin\u00f3 con uno de ellos con heridas graves. La v\u00edctima se encuentra en grave estado en el Hospital Llano. El hecho ocurri\u00f3 alrededor de las 18.45, en una vivienda del barrio Jard\u00edn. Dos [&hellip;]<\/p>\n","protected":false},"author":1,"featured_media":29799,"comment_status":"closed","ping_status":"closed","sticky":false,"template":"","format":"standard","meta":{"footnotes":""},"categories":[6,8],"tags":[136],"class_list":["post-29798","post","type-post","status-publish","format-standard","has-post-thumbnail","hentry","category-locales","category-policiales","tag-destacados"],"_links":{"self":[{"href":"http:\/\/informateesquina.com\/index.php?rest_route=\/wp\/v2\/posts\/29798","targetHints":{"allow":["GET"]}}],"collection":[{"href":"http:\/\/informateesquina.com\/index.php?rest_route=\/wp\/v2\/posts"}],"about":[{"href":"http:\/\/informateesquina.com\/index.php?rest_route=\/wp\/v2\/types\/post"}],"author":[{"embeddable":true,"href":"http:\/\/informateesquina.com\/index.php?rest_route=\/wp\/v2\/users\/1"}],"replies":[{"embeddable":true,"href":"http:\/\/informateesquina.com\/index.php?rest_route=%2Fwp%2Fv2%2Fcomments&post=29798"}],"version-history":[{"count":0,"href":"http:\/\/informateesquina.com\/index.php?rest_route=\/wp\/v2\/posts\/29798\/revisions"}],"wp:featuredmedia":[{"embeddable":true,"href":"http:\/\/informateesquina.com\/index.php?rest_route=\/"}],"wp:attachment":[{"href":"http:\/\/informateesquina.com\/index.php?rest_route=%2Fwp%2Fv2%2Fmedia&parent=29798"}],"wp:term":[{"taxonomy":"category","embeddable":true,"href":"http:\/\/informateesquina.com\/index.php?rest_route=%2Fwp%2Fv2%2Fcategories&post=29798"},{"taxonomy":"post_tag","embeddable":true,"href":"http:\/\/informateesquina.com\/index.php?rest_route=%2Fwp%2Fv2%2Ftags&post=29798"}],"curies":[{"name":"wp","href":"https:\/\/api.w.org\/{rel}","templated":true}]}}