{"id":29801,"date":"2019-07-25T17:38:16","date_gmt":"2019-07-25T20:38:16","guid":{"rendered":"https:\/\/informateesquina.com\/?p=29801"},"modified":"2019-07-25T17:38:16","modified_gmt":"2019-07-25T20:38:16","slug":"murio-el-boxeador-que-se-desmayo-cuando-escuchaba-un-fallo","status":"publish","type":"post","link":"http:\/\/informateesquina.com\/?p=29801","title":{"rendered":"Muri\u00f3 el boxeador que se desmay\u00f3 cuando escuchaba un fallo"},"content":{"rendered":"<p class=\"copete\">Despu\u00e9s de estar cuatro d\u00edas en terapia intensiva, Hugo &#8220;Dinamita&#8221; Santill\u00e1n muri\u00f3 esta madrugada como consecuencia del traumatismo de cr\u00e1neo severo que sufri\u00f3 durante el combate.<\/p>\n<p>La noticia conmueve al mundo del boxeo argentino.\u00a0Hugo Santill\u00e1n, el boxeador santafesino que el s\u00e1bado pasado se hab\u00eda desmayado al escuchar el fallo de la pelea ante el uruguayo Eduardo Abreu, por el t\u00edtulo Latino Plata de categor\u00eda Ligero del Consejo Mundial de Boxeo (CMB) en el Club Atl\u00e9tico San Nicol\u00e1s,\u00a0muri\u00f3 esta madrugada el hospital de Agudos San Felipe, de San Nicol\u00e1s.<\/p>\n<p><img loading=\"lazy\" decoding=\"async\" class=\"alignnone size-medium wp-image-29742\" src=\"https:\/\/informateesquina.com\/wp-content\/uploads\/2019\/07\/yhyhtyhyt-300x150.jpg\" alt=\"\" width=\"300\" height=\"150\" \/><\/p>\n<p>&#8220;Su deceso se produjo esta ma\u00f1ana a las 0,35 x una falla card\u00edaca. El s\u00e1bado hab\u00eda ingresado en coma&#8221;, confirm\u00f3 la\u00a0Dra. Graciela Olocco, m\u00e9dica que atendi\u00f3 a\u00a0&#8220;Dinamita&#8221;cuando arrib\u00f3 al nosocomio, en di\u00e1logo con la radio LT9 de Santa Fe.<\/p>\n<p>&#8220;Tras ingresar al hospital fue teniendo fallas sucesivas en los ri\u00f1ones, sin que haya podido salir del coma. Una falla de bomba determin\u00f3 su deceso&#8221;, agreg\u00f3 la profesional sobre la situaci\u00f3n del deceso del pugilista que estuvo internado desde que fue retirado del cuadril\u00e1tero.<\/p>\n<p>El s\u00e1bado pasado,\u00a0la imagen del desmayo de Santill\u00e1n fue impactante. Una vez finalizado el combate, levant\u00f3 los brazos en se\u00f1al de victoria y salud\u00f3 al p\u00fablico, pero luego comenz\u00f3 a evidenciar molestias f\u00edsicas, incluso desde antes de la lectura de las tarjetas.<\/p>\n<p>Mientras se lo ve a\u00a0&#8220;Dinamita&#8221;\u00a0confundido, perdiendo el sentido del lugar y el espacio, uno de sus asistentes lo sosten\u00eda por la espalda. Una vez que se escucha el fallo del combate -los jueces decidieron que hubo empate y por ende que el uruguayo retuvo el t\u00edtulo-\u00a0el boxeador se desvaneci\u00f3 en la lona y tuvo que ser asistido por un equipo m\u00e9dico con ayuda respiratoria. Luego de cinco minutos de atenci\u00f3n sobre el cuadril\u00e1tero, el boxeador argentino fue trasladado al hospital.<\/p>\n<p>Durante el combate que igual\u00f3 ante el uruguayo Eduardo Abreu en la localidad santafesina,\u00a0Santill\u00e1n hab\u00eda sufri\u00f3 un traumatismo de cr\u00e1neo severo.<\/p>\n<p>La historia de Hugo Santill\u00e1n como pugilista profesional comenz\u00f3 hace cuatro a\u00f1os. Nacido en la localidad de Ceres, el boxeador de 23 a\u00f1os fue campe\u00f3n sudamericano y latino superpluma de la Organizaci\u00f3n Mundial de Boxeo (OMB). Su r\u00e9cord fue de 19 victorias (8 por nocaut), siete derrotas y un empate.<\/p>\n<p>A pesar que el boxeador ten\u00eda suspendida la licencia hasta el pr\u00f3ximo martes 30 del corriente, por decisi\u00f3n de la Federaci\u00f3n Alemana, tras la derrota que sufri\u00f3 en junio pasado con el armenio-germano Artem Harutyunyan, en Hamburgo, esta decisi\u00f3n no inclu\u00eda a combates en Argentina.<\/p>\n","protected":false},"excerpt":{"rendered":"<p>Despu\u00e9s de estar cuatro d\u00edas en terapia intensiva, Hugo &#8220;Dinamita&#8221; Santill\u00e1n muri\u00f3 esta madrugada como consecuencia del traumatismo de cr\u00e1neo severo que sufri\u00f3 durante el combate. La noticia conmueve al mundo del boxeo argentino.\u00a0Hugo Santill\u00e1n, el boxeador santafesino que el s\u00e1bado pasado se hab\u00eda desmayado al escuchar el fallo de la pelea ante el uruguayo [&hellip;]<\/p>\n","protected":false},"author":1,"featured_media":29802,"comment_status":"closed","ping_status":"closed","sticky":false,"template":"","format":"standard","meta":{"footnotes":""},"categories":[3],"tags":[136],"class_list":["post-29801","post","type-post","status-publish","format-standard","has-post-thumbnail","hentry","category-deportes","tag-destacados"],"_links":{"self":[{"href":"http:\/\/informateesquina.com\/index.php?rest_route=\/wp\/v2\/posts\/29801","targetHints":{"allow":["GET"]}}],"collection":[{"href":"http:\/\/informateesquina.com\/index.php?rest_route=\/wp\/v2\/posts"}],"about":[{"href":"http:\/\/informateesquina.com\/index.php?rest_route=\/wp\/v2\/types\/post"}],"author":[{"embeddable":true,"href":"http:\/\/informateesquina.com\/index.php?rest_route=\/wp\/v2\/users\/1"}],"replies":[{"embeddable":true,"href":"http:\/\/informateesquina.com\/index.php?rest_route=%2Fwp%2Fv2%2Fcomments&post=29801"}],"version-history":[{"count":0,"href":"http:\/\/informateesquina.com\/index.php?rest_route=\/wp\/v2\/posts\/29801\/revisions"}],"wp:featuredmedia":[{"embeddable":true,"href":"http:\/\/informateesquina.com\/index.php?rest_route=\/"}],"wp:attachment":[{"href":"http:\/\/informateesquina.com\/index.php?rest_route=%2Fwp%2Fv2%2Fmedia&parent=29801"}],"wp:term":[{"taxonomy":"category","embeddable":true,"href":"http:\/\/informateesquina.com\/index.php?rest_route=%2Fwp%2Fv2%2Fcategories&post=29801"},{"taxonomy":"post_tag","embeddable":true,"href":"http:\/\/informateesquina.com\/index.php?rest_route=%2Fwp%2Fv2%2Ftags&post=29801"}],"curies":[{"name":"wp","href":"https:\/\/api.w.org\/{rel}","templated":true}]}}