{"id":29849,"date":"2019-07-26T19:28:36","date_gmt":"2019-07-26T22:28:36","guid":{"rendered":"https:\/\/informateesquina.com\/?p=29849"},"modified":"2019-07-26T19:28:36","modified_gmt":"2019-07-26T22:28:36","slug":"eco-juntos-por-el-cambio-vara-y-benitez-recorren-el-interior-con-el-mensaje-del-desarrollo-provincial","status":"publish","type":"post","link":"http:\/\/informateesquina.com\/?p=29849","title":{"rendered":"ECO + Juntos por el Cambio: Vara y Ben\u00edtez recorren el interior con el mensaje del desarrollo provincial"},"content":{"rendered":"<p style=\"font-weight: 400;\">Los precandidatos a diputados nacionales Jorge Vara y \u201cSusanita\u201d Ben\u00edtez recorren el interior con el mensaje de impulsar el desarrollo provincial que promueve el gobernador Gustavo Vald\u00e9s, pidiendo el voto a la lista Verde 502 A de ECO + Juntos por el Cambio.\u00a0\u00a0\u201cSomos hombres y mujeres de gesti\u00f3n\u201d, remarcan los ministros de Producci\u00f3n y de Educaci\u00f3n, respectivamente, y prometen llevar al Congreso los proyectos que se necesitan para concretar los planes de industrializaci\u00f3n que est\u00e1n en marcha en Corrientes con apoyo de la Naci\u00f3n.<\/p>\n<p style=\"font-weight: 400;\">\n<p style=\"font-weight: 400;\">\u201cQueremos pedirles que acompa\u00f1en la lista Verde 502 A de ECO + Juntos por el Cambio, la lista que est\u00e1 formada por hombres y mujeres de gesti\u00f3n del actual gobernador Gustavo Vald\u00e9s, porque queremos seguir vinculando el ejercicio del trabajo conjunto entre Naci\u00f3n, Provincia y Municipio\u201d, expres\u00f3 Ben\u00edtez ante los medios de Ituzaing\u00f3.<\/p>\n<p style=\"font-weight: 400;\">\n<p style=\"font-weight: 400;\">La ministra de Educaci\u00f3n y aspirante al Congreso inici\u00f3 este jueves una gira por el interior provincial que comenz\u00f3 en esa ciudad, continuando el viernes en San Carlos, Colonia Liebig, Garruchos, Garab\u00ed y Virasoro, mientras que el s\u00e1bado la esperan en Santo Tom\u00e9, Alvear y La Cruz.<\/p>\n<p style=\"font-weight: 400;\">\n<p style=\"font-weight: 400;\">\u201cSiempre que nuestro gobierno necesite del apoyo para poder promulgar leyes que lleven al desarrollo de mi provincia, ah\u00ed estaremos para luchar por el bienestar de los correntinos\u201d, agreg\u00f3 la funcionaria y precandidata a diputada nacional que este domingo estar\u00e1 en Curuzu Cuati\u00e1, donde se encontrar\u00e1 con el resto de los candidatos de la lista que integra en un acto que encabezar\u00e1 el gobernador Vald\u00e9s.<\/p>\n<p style=\"font-weight: 400;\">\n<p style=\"font-weight: 400;\">Por su parte, Vara recorri\u00f3 el mi\u00e9rcoles Juan Pujol, la Planta de Jugos \u201cSan Francisco\u201d, Colonia Libertad y Curuz\u00fa Cuati\u00e1, continuando el jueves en Mocoret\u00e1, donde tambi\u00e9n visit\u00f3 la Cooperativa Citr\u00edcola de esa localidad. En oportunidad, afirm\u00f3 que apelar\u00e1 a la \u201cexperiencia y conocimiento\u201d que acumul\u00f3 durante una d\u00e9cada como ministro de Producci\u00f3n, para \u201cgenerar cambios, siempre pensando en nuestra realidad local, estando permanentemente al servicio del Gobernador, m\u00e1s all\u00e1 de la excelente llegada que el Gobierno provincial tiene ahora con Buenos Aires, pero independientemente de eso, voy a estar siempre trabajando para Corrientes\u201d.<\/p>\n<p style=\"font-weight: 400;\">\n<p style=\"font-weight: 400;\">Ambos precandidatos se\u00f1alaron as\u00ed la necesidad de profundizar la pol\u00edtica llevada adelante por el gobernador Vald\u00e9s para industrializar la materia prima que genera la provincia. En este sentido se refirieron a los parques industriales, la generaci\u00f3n de energ\u00eda a partir de biomasa, la producci\u00f3n de celulosa, la reactivaci\u00f3n de frigor\u00edficos y la construcci\u00f3n de infraestructura para mejorar la competitividad de la producci\u00f3n, entre diversos temas.<\/p>\n","protected":false},"excerpt":{"rendered":"<p>Los precandidatos a diputados nacionales Jorge Vara y \u201cSusanita\u201d Ben\u00edtez recorren el interior con el mensaje de impulsar el desarrollo provincial que promueve el gobernador Gustavo Vald\u00e9s, pidiendo el voto a la lista Verde 502 A de ECO + Juntos por el Cambio.\u00a0\u00a0\u201cSomos hombres y mujeres de gesti\u00f3n\u201d, remarcan los ministros de Producci\u00f3n y de [&hellip;]<\/p>\n","protected":false},"author":1,"featured_media":29853,"comment_status":"closed","ping_status":"closed","sticky":false,"template":"","format":"standard","meta":{"footnotes":""},"categories":[9],"tags":[],"class_list":["post-29849","post","type-post","status-publish","format-standard","has-post-thumbnail","hentry","category-politica"],"_links":{"self":[{"href":"http:\/\/informateesquina.com\/index.php?rest_route=\/wp\/v2\/posts\/29849","targetHints":{"allow":["GET"]}}],"collection":[{"href":"http:\/\/informateesquina.com\/index.php?rest_route=\/wp\/v2\/posts"}],"about":[{"href":"http:\/\/informateesquina.com\/index.php?rest_route=\/wp\/v2\/types\/post"}],"author":[{"embeddable":true,"href":"http:\/\/informateesquina.com\/index.php?rest_route=\/wp\/v2\/users\/1"}],"replies":[{"embeddable":true,"href":"http:\/\/informateesquina.com\/index.php?rest_route=%2Fwp%2Fv2%2Fcomments&post=29849"}],"version-history":[{"count":0,"href":"http:\/\/informateesquina.com\/index.php?rest_route=\/wp\/v2\/posts\/29849\/revisions"}],"wp:featuredmedia":[{"embeddable":true,"href":"http:\/\/informateesquina.com\/index.php?rest_route=\/"}],"wp:attachment":[{"href":"http:\/\/informateesquina.com\/index.php?rest_route=%2Fwp%2Fv2%2Fmedia&parent=29849"}],"wp:term":[{"taxonomy":"category","embeddable":true,"href":"http:\/\/informateesquina.com\/index.php?rest_route=%2Fwp%2Fv2%2Fcategories&post=29849"},{"taxonomy":"post_tag","embeddable":true,"href":"http:\/\/informateesquina.com\/index.php?rest_route=%2Fwp%2Fv2%2Ftags&post=29849"}],"curies":[{"name":"wp","href":"https:\/\/api.w.org\/{rel}","templated":true}]}}