{"id":29855,"date":"2019-07-26T20:02:47","date_gmt":"2019-07-26T23:02:47","guid":{"rendered":"https:\/\/informateesquina.com\/?p=29855"},"modified":"2019-07-26T20:02:47","modified_gmt":"2019-07-26T23:02:47","slug":"toyota-anuncio-que-trasladara-a-la-argentina-la-sede-de-su-division-regional-y-generara-mas-empleo","status":"publish","type":"post","link":"http:\/\/informateesquina.com\/?p=29855","title":{"rendered":"Toyota anunci\u00f3 que trasladar\u00e1 a la Argentina la sede de su divisi\u00f3n regional y generar\u00e1 m\u00e1s empleo"},"content":{"rendered":"<div class=\"row pb-content-type-text\">\n<div class=\"col-xs-12 col-print-12\">\n<p class=\"element element-paragraph\">El presidente\u00a0<strong>Mauricio Macri<\/strong>\u00a0recibi\u00f3 este viernes al titular de la automotriz\u00a0<strong>Toyota<\/strong>\u00a0Motor Corporation,\u00a0<strong>Takeshi Uchiyamada<\/strong>, quien le anunci\u00f3 que la firma\u00a0<strong>trasladar\u00e1 desde Jap\u00f3n a la Argentina las operaciones<\/strong>\u00a0de su Divisi\u00f3n para Latinoam\u00e9rica y el Caribe (LACD) y generar\u00e1\u00a0<strong>nuevos puestos de trabajo<\/strong>\u00a0en el pa\u00eds.<\/p>\n<\/div>\n<\/div>\n<div class=\"row pb-content-type-text\">\n<div class=\"col-xs-12 col-print-12\">\n<p class=\"element element-paragraph\">La audiencia tuvo lugar en la residencia presidencial de Olivos, donde el jefe de Estado estuvo acompa\u00f1ado por el ministro de Producci\u00f3n y Trabajo,\u00a0<strong>Dante Sica<\/strong>. Participaron tambi\u00e9n el CEO de la firma para Latinoam\u00e9rica y el Caribe,\u00a0<strong>Masahiro Inoue<\/strong>, y el titular de Toyota Argentina,\u00a0<strong>Daniel Herrero<\/strong>.<\/p>\n<\/div>\n<\/div>\n<div class=\"row pb-content-type-text\">\n<div class=\"col-xs-12 col-print-12\">\n<p class=\"element element-paragraph\">La nueva oficina que Toyota radicar\u00e1 en la<strong>\u00a0Argentina coordinar\u00e1<\/strong>\u00a0la operaci\u00f3n de 37 distribuidores independientes que la compa\u00f1\u00eda posee en\u00a0<strong>36 pa\u00edses de la regi\u00f3n<\/strong>.<\/p>\n<div class=\"row pb-content-type-text\">\n<div class=\"col-xs-12 col-print-12\">\n<p class=\"element element-paragraph\">La decisi\u00f3n de transferir algunas funciones desde Tokio a su planta de Z\u00e1rate, en la provincia de Buenos Aires, permitir\u00e1\u00a0<strong>incorporar m\u00e1s personal<\/strong>\u00a0y fomentar\u00e1 el desarrollo de profesionales argentinos.<\/p>\n<\/div>\n<\/div>\n<div class=\"row pb-content-type-text\">\n<div class=\"col-xs-12 col-print-12\">\n<p class=\"element element-paragraph\">Uchiyamada destac\u00f3 el\u00a0<strong>&#8220;fuerte liderazgo&#8221;<\/strong>\u00a0del presidente Macri por las medidas que viene tomando el Gobierno en favor de una apertura comercial de mayor alcance y le agradeci\u00f3 las pol\u00edticas de incentivos aplicadas al desarrollo de veh\u00edculos con nuevas tecnolog\u00edas.<\/p>\n<div class=\"row pb-content-type-text\">\n<div class=\"col-xs-12 col-print-12\">\n<p class=\"element element-paragraph\">El presidente de Toyota, tambi\u00e9n miembro del Hydrogen Council, agreg\u00f3 que la iniciativa\u00a0 &#8220;fomentar\u00e1 el trabajo en conjunto entre Argentina y Jap\u00f3n en la b\u00fasqueda de nuevas oportunidades de negocio para la producci\u00f3n y exportaci\u00f3n de hidr\u00f3geno&#8221;.<\/p>\n<\/div>\n<\/div>\n<div class=\"row pb-content-type-text\">\n<div class=\"col-xs-12 col-print-12\">\n<p class=\"element element-paragraph\">El emprendimiento busca acompa\u00f1ar el crecimiento de la marca y desarrollar profesionales argentinos con el objetivo de fortalecer toda su operaci\u00f3n.<\/p>\n<\/div>\n<\/div>\n<div class=\"row pb-content-type-text\">\n<div class=\"col-xs-12 col-print-12\">\n<p class=\"element element-paragraph\">Toyota opera en la regi\u00f3n de Latinoam\u00e9rica y el Caribe desde hace 66 a\u00f1os, con presencia en\u00a0<strong>39 pa\u00edses<\/strong>. Cuenta con cuatro plantas de producci\u00f3n de veh\u00edculos, dos plantas de autopartes y un Centro de Entrenamiento.<\/p>\n<\/div>\n<\/div>\n<div class=\"row pb-content-type-text\">\n<div class=\"col-xs-12 col-print-12\">\n<p class=\"element element-paragraph\">Las<strong>\u00a0ventas a concesionarios<\/strong>\u00a0de las terminales automotrices en Argentina<strong>\u00a0se dispararon en junio un 30,6%<\/strong>\u00a0frente al mes previo, la primer alza desde marzo, gracias al\u00a0<strong>programa de descuentos<\/strong>\u00a0impulsado por el Gobierno para incentivar al sector, inform\u00f3 la Asociaci\u00f3n de F\u00e1bricas de Automotores (<strong>ADEFA<\/strong>).<\/p>\n<\/div>\n<\/div>\n<\/div>\n<\/div>\n<\/div>\n<\/div>\n","protected":false},"excerpt":{"rendered":"<p>El presidente\u00a0Mauricio Macri\u00a0recibi\u00f3 este viernes al titular de la automotriz\u00a0Toyota\u00a0Motor Corporation,\u00a0Takeshi Uchiyamada, quien le anunci\u00f3 que la firma\u00a0trasladar\u00e1 desde Jap\u00f3n a la Argentina las operaciones\u00a0de su Divisi\u00f3n para Latinoam\u00e9rica y el Caribe (LACD) y generar\u00e1\u00a0nuevos puestos de trabajo\u00a0en el pa\u00eds. La audiencia tuvo lugar en la residencia presidencial de Olivos, donde el jefe de Estado [&hellip;]<\/p>\n","protected":false},"author":1,"featured_media":29856,"comment_status":"closed","ping_status":"closed","sticky":false,"template":"","format":"standard","meta":{"footnotes":""},"categories":[7],"tags":[136],"class_list":["post-29855","post","type-post","status-publish","format-standard","has-post-thumbnail","hentry","category-nacionales","tag-destacados"],"_links":{"self":[{"href":"http:\/\/informateesquina.com\/index.php?rest_route=\/wp\/v2\/posts\/29855","targetHints":{"allow":["GET"]}}],"collection":[{"href":"http:\/\/informateesquina.com\/index.php?rest_route=\/wp\/v2\/posts"}],"about":[{"href":"http:\/\/informateesquina.com\/index.php?rest_route=\/wp\/v2\/types\/post"}],"author":[{"embeddable":true,"href":"http:\/\/informateesquina.com\/index.php?rest_route=\/wp\/v2\/users\/1"}],"replies":[{"embeddable":true,"href":"http:\/\/informateesquina.com\/index.php?rest_route=%2Fwp%2Fv2%2Fcomments&post=29855"}],"version-history":[{"count":0,"href":"http:\/\/informateesquina.com\/index.php?rest_route=\/wp\/v2\/posts\/29855\/revisions"}],"wp:featuredmedia":[{"embeddable":true,"href":"http:\/\/informateesquina.com\/index.php?rest_route=\/"}],"wp:attachment":[{"href":"http:\/\/informateesquina.com\/index.php?rest_route=%2Fwp%2Fv2%2Fmedia&parent=29855"}],"wp:term":[{"taxonomy":"category","embeddable":true,"href":"http:\/\/informateesquina.com\/index.php?rest_route=%2Fwp%2Fv2%2Fcategories&post=29855"},{"taxonomy":"post_tag","embeddable":true,"href":"http:\/\/informateesquina.com\/index.php?rest_route=%2Fwp%2Fv2%2Ftags&post=29855"}],"curies":[{"name":"wp","href":"https:\/\/api.w.org\/{rel}","templated":true}]}}