{"id":29865,"date":"2019-07-27T11:58:29","date_gmt":"2019-07-27T14:58:29","guid":{"rendered":"https:\/\/informateesquina.com\/?p=29865"},"modified":"2019-07-27T11:58:29","modified_gmt":"2019-07-27T14:58:29","slug":"puente-paso-san-juan-empresa-que-construyo-el-puente-ahora-tendra-que-reparar-accesos","status":"publish","type":"post","link":"http:\/\/informateesquina.com\/?p=29865","title":{"rendered":"Puente Paso San Juan: empresa que construy\u00f3 el puente ahora tendr\u00e1 que reparar accesos"},"content":{"rendered":"<div id=\"modalTitle\"><\/div>\n<div id=\"modalIntrotext\">\n<div>Se detectaron baches de tama\u00f1o considerable en ambas cabeceras del viaducto que atraviesa el arroyo Batelito, cuya nueva infraestructura fue puesta en funcionamiento en noviembre de 2017 y, por encontrarse en garant\u00eda, la firma a cargo deber\u00e1 arreglar la zona averiada.<\/div>\n<\/div>\n<div>\n<div><\/div>\n<div>Tras detectarse deterioros en los accesos del puente Paso San Juan, en la Ruta Nacional 12, en el departamento Goya, desde Vialidad expresaron que la obra inaugurada en enero del a\u00f1o pasado est\u00e1 en garant\u00eda, por lo que la empresa a cargo deber\u00e1 iniciar los arreglos a la brevedad.<\/div>\n<div><\/div>\n<div>En los \u00faltimos dos meses comenzaron a viralizarse fotos del estado del camino pr\u00f3ximo al viaducto que se ubica en cercan\u00edas del kil\u00f3metro 735 de la carretera citada.<\/div>\n<div><\/div>\n<div>Consultado al respecto, el jefe del Distrito 10 Corrientes de Vialidad Nacional, Carlos Londra, explic\u00f3 a El Litoral que \u201caparecieron unos deterioros en los accesos al puente y ya est\u00e1 intimada la empresa, porque la obra est\u00e1 en garant\u00eda, para que repare la calzada\u201d. Seguidamente, indic\u00f3 que la firma \u201cya present\u00f3 un plan de reparaci\u00f3n, que est\u00e1 llegando a su plazo, as\u00ed que en los pr\u00f3ximos d\u00edas deber\u00eda estar comenzando con los arreglos\u201d.<\/div>\n<div><\/div>\n<div>Cabe recordar, tal como inform\u00f3 este diario en ediciones anteriores, que tras la construcci\u00f3n del nuevo viaducto que atraviesa el arroyo Batelito -durante la obra se utiliz\u00f3 un desv\u00edo con un puente Bailey-, se habilit\u00f3 el tr\u00e1nsito en noviembre de 2017. Mientras que el acto para formalizar el estreno se llev\u00f3 a cabo en enero de 2018, con presencia de autoridades nacionales y provinciales. Dicha obra tuvo un presupuesto de $32 millones, con el que se reemplaz\u00f3 el antiguo y obsoleto puente que fue construido en 1927 y se hab\u00eda averiado en 2013.<\/div>\n<div><\/div>\n<div>Respecto a las fallas sobre la cinta asf\u00e1ltica, Londra dijo que \u201ccarteler\u00eda indicando dicho estado simpre estuvo, ahora lo que estamos haciendo es reforzar las se\u00f1ales, sobre todo por cuestiones meteorol\u00f3gicas, ya que pueden presentarse d\u00edas con neblina\u201d. En tanto que resalt\u00f3: \u201cEl lugar est\u00e1 transitable, s\u00ed hay que hacerlo con precauci\u00f3n\u201d.<\/div>\n<div><\/div>\n<div>A la vez, aclar\u00f3: \u201cEl puente est\u00e1 en perfectas condiciones, los baches se dan en un tramo de 100 metros, en las cabeceras, de ambos lados\u201d. Por tal motivo, manifest\u00f3 Londra que \u201cse tiene que hacer bacheo y reparar la cinta asf\u00e1ltica\u201d.<\/div>\n<div><\/div>\n<\/div>\n","protected":false},"excerpt":{"rendered":"<p>Se detectaron baches de tama\u00f1o considerable en ambas cabeceras del viaducto que atraviesa el arroyo Batelito, cuya nueva infraestructura fue puesta en funcionamiento en noviembre de 2017 y, por encontrarse en garant\u00eda, la firma a cargo deber\u00e1 arreglar la zona averiada. Tras detectarse deterioros en los accesos del puente Paso San Juan, en la Ruta [&hellip;]<\/p>\n","protected":false},"author":1,"featured_media":29866,"comment_status":"closed","ping_status":"closed","sticky":false,"template":"","format":"standard","meta":{"footnotes":""},"categories":[10],"tags":[136],"class_list":["post-29865","post","type-post","status-publish","format-standard","has-post-thumbnail","hentry","category-provinciales","tag-destacados"],"_links":{"self":[{"href":"http:\/\/informateesquina.com\/index.php?rest_route=\/wp\/v2\/posts\/29865","targetHints":{"allow":["GET"]}}],"collection":[{"href":"http:\/\/informateesquina.com\/index.php?rest_route=\/wp\/v2\/posts"}],"about":[{"href":"http:\/\/informateesquina.com\/index.php?rest_route=\/wp\/v2\/types\/post"}],"author":[{"embeddable":true,"href":"http:\/\/informateesquina.com\/index.php?rest_route=\/wp\/v2\/users\/1"}],"replies":[{"embeddable":true,"href":"http:\/\/informateesquina.com\/index.php?rest_route=%2Fwp%2Fv2%2Fcomments&post=29865"}],"version-history":[{"count":0,"href":"http:\/\/informateesquina.com\/index.php?rest_route=\/wp\/v2\/posts\/29865\/revisions"}],"wp:featuredmedia":[{"embeddable":true,"href":"http:\/\/informateesquina.com\/index.php?rest_route=\/"}],"wp:attachment":[{"href":"http:\/\/informateesquina.com\/index.php?rest_route=%2Fwp%2Fv2%2Fmedia&parent=29865"}],"wp:term":[{"taxonomy":"category","embeddable":true,"href":"http:\/\/informateesquina.com\/index.php?rest_route=%2Fwp%2Fv2%2Fcategories&post=29865"},{"taxonomy":"post_tag","embeddable":true,"href":"http:\/\/informateesquina.com\/index.php?rest_route=%2Fwp%2Fv2%2Ftags&post=29865"}],"curies":[{"name":"wp","href":"https:\/\/api.w.org\/{rel}","templated":true}]}}