{"id":29871,"date":"2019-07-29T08:45:55","date_gmt":"2019-07-29T11:45:55","guid":{"rendered":"https:\/\/informateesquina.com\/?p=29871"},"modified":"2019-07-29T08:45:55","modified_gmt":"2019-07-29T11:45:55","slug":"35-aniversario-del-fallecimiento-del-obispo-devoto","status":"publish","type":"post","link":"http:\/\/informateesquina.com\/?p=29871","title":{"rendered":"35 aniversario del fallecimiento del Obispo Devoto"},"content":{"rendered":"<p>Con una misa se conmemor\u00f3 este domingo el 35\u00ba aniversario del tr\u00e1gico fallecimiento del primer Obispo de Goya, monse\u00f1or Alberto Pascual Devoto, la misa fue presidida por monse\u00f1or Adolfo Ram\u00f3n Canec\u00edn, en paraje \u201cEl Carmen\u201d,(Departamento de Esquina) donde ocurri\u00f3 el accidente.<\/p>\n<p>Falleci\u00f3 en la madrugada del 28 de julio de 1984, en la ruta 12 a la altura del Paraje \u201cEl Carmen\u201d, cuando el veh\u00edculo en el que viajaba choc\u00f3 frontalmente con un \u00f3mnibus de larga distancia. Junto a \u00e9l murieron un joven de la Pastoral Juvenil que se llamaba Argentino Ojeda y Mari Romero, delegada de las comunidades eclesiales de la ciudad de Esquina, lugar desde donde regresaba hacia Goya.<\/p>\n<p>Hace 35 a\u00f1os de su partida sigue tan vigente su lema episcopal que lo identific\u00f3 \u201cYo siempre estar\u00e9 contigo\u201d<\/p>\n","protected":false},"excerpt":{"rendered":"<p>Con una misa se conmemor\u00f3 este domingo el 35\u00ba aniversario del tr\u00e1gico fallecimiento del primer Obispo de Goya, monse\u00f1or Alberto Pascual Devoto, la misa fue presidida por monse\u00f1or Adolfo Ram\u00f3n Canec\u00edn, en paraje \u201cEl Carmen\u201d,(Departamento de Esquina) donde ocurri\u00f3 el accidente. Falleci\u00f3 en la madrugada del 28 de julio de 1984, en la ruta 12 [&hellip;]<\/p>\n","protected":false},"author":1,"featured_media":29872,"comment_status":"closed","ping_status":"closed","sticky":false,"template":"","format":"standard","meta":{"footnotes":""},"categories":[6],"tags":[136],"class_list":["post-29871","post","type-post","status-publish","format-standard","has-post-thumbnail","hentry","category-locales","tag-destacados"],"_links":{"self":[{"href":"http:\/\/informateesquina.com\/index.php?rest_route=\/wp\/v2\/posts\/29871","targetHints":{"allow":["GET"]}}],"collection":[{"href":"http:\/\/informateesquina.com\/index.php?rest_route=\/wp\/v2\/posts"}],"about":[{"href":"http:\/\/informateesquina.com\/index.php?rest_route=\/wp\/v2\/types\/post"}],"author":[{"embeddable":true,"href":"http:\/\/informateesquina.com\/index.php?rest_route=\/wp\/v2\/users\/1"}],"replies":[{"embeddable":true,"href":"http:\/\/informateesquina.com\/index.php?rest_route=%2Fwp%2Fv2%2Fcomments&post=29871"}],"version-history":[{"count":0,"href":"http:\/\/informateesquina.com\/index.php?rest_route=\/wp\/v2\/posts\/29871\/revisions"}],"wp:featuredmedia":[{"embeddable":true,"href":"http:\/\/informateesquina.com\/index.php?rest_route=\/"}],"wp:attachment":[{"href":"http:\/\/informateesquina.com\/index.php?rest_route=%2Fwp%2Fv2%2Fmedia&parent=29871"}],"wp:term":[{"taxonomy":"category","embeddable":true,"href":"http:\/\/informateesquina.com\/index.php?rest_route=%2Fwp%2Fv2%2Fcategories&post=29871"},{"taxonomy":"post_tag","embeddable":true,"href":"http:\/\/informateesquina.com\/index.php?rest_route=%2Fwp%2Fv2%2Ftags&post=29871"}],"curies":[{"name":"wp","href":"https:\/\/api.w.org\/{rel}","templated":true}]}}