{"id":29874,"date":"2019-07-29T09:09:08","date_gmt":"2019-07-29T12:09:08","guid":{"rendered":"https:\/\/informateesquina.com\/?p=29874"},"modified":"2019-07-29T09:09:08","modified_gmt":"2019-07-29T12:09:08","slug":"abrieron-la-inscripcion-online-para-el-servicio-civico-voluntario","status":"publish","type":"post","link":"http:\/\/informateesquina.com\/?p=29874","title":{"rendered":"Abrieron la inscripci\u00f3n online para el Servicio C\u00edvico Voluntario"},"content":{"rendered":"<p class=\"copete\">El programa est\u00e1 dirigido &#8220;a la capacitaci\u00f3n y formaci\u00f3n de j\u00f3venes que se inscriban voluntariamente&#8221; y en una primera etapa &#8220;se desarrollar\u00e1 hasta diciembre de este a\u00f1o&#8221;, indic\u00f3 el Ministerio de Seguridad en un comunicado.<\/p>\n<p>&nbsp;<\/p>\n<p>La inscripci\u00f3n para j\u00f3venes de entre 16 y 20 a\u00f1os que quieran participar del Servicio C\u00edvico Voluntario en Valores, a cargo de la Gendarmer\u00eda Nacional, ya est\u00e1 abierta on line en el sitio https:\/\/www.argentina.gob.ar\/servicio-civico-voluntario-en-valores, inform\u00f3 este domingo el Ministerio de Seguridad de la Naci\u00f3n<\/p>\n<p>A trav\u00e9s de la Resoluci\u00f3n 598\/19 publicada en el Bolet\u00edn Oficial el 16 de julio pasado, el Ministerio present\u00f3 la creaci\u00f3n de este programa, cuya implementaci\u00f3n estar\u00e1 a cargo de la Gendarmer\u00eda.<\/p>\n<p>El prop\u00f3sito de la iniciativa ser\u00e1 &#8220;brindar oportunidades de formaci\u00f3n a los j\u00f3venes a trav\u00e9s de los valores democr\u00e1ticos y republicanos, adem\u00e1s del fomento del compromiso personal y para con la comunidad&#8221;.<\/p>\n","protected":false},"excerpt":{"rendered":"<p>El programa est\u00e1 dirigido &#8220;a la capacitaci\u00f3n y formaci\u00f3n de j\u00f3venes que se inscriban voluntariamente&#8221; y en una primera etapa &#8220;se desarrollar\u00e1 hasta diciembre de este a\u00f1o&#8221;, indic\u00f3 el Ministerio de Seguridad en un comunicado. &nbsp; La inscripci\u00f3n para j\u00f3venes de entre 16 y 20 a\u00f1os que quieran participar del Servicio C\u00edvico Voluntario en Valores, [&hellip;]<\/p>\n","protected":false},"author":1,"featured_media":29875,"comment_status":"closed","ping_status":"closed","sticky":false,"template":"","format":"standard","meta":{"footnotes":""},"categories":[7],"tags":[],"class_list":["post-29874","post","type-post","status-publish","format-standard","has-post-thumbnail","hentry","category-nacionales"],"_links":{"self":[{"href":"http:\/\/informateesquina.com\/index.php?rest_route=\/wp\/v2\/posts\/29874","targetHints":{"allow":["GET"]}}],"collection":[{"href":"http:\/\/informateesquina.com\/index.php?rest_route=\/wp\/v2\/posts"}],"about":[{"href":"http:\/\/informateesquina.com\/index.php?rest_route=\/wp\/v2\/types\/post"}],"author":[{"embeddable":true,"href":"http:\/\/informateesquina.com\/index.php?rest_route=\/wp\/v2\/users\/1"}],"replies":[{"embeddable":true,"href":"http:\/\/informateesquina.com\/index.php?rest_route=%2Fwp%2Fv2%2Fcomments&post=29874"}],"version-history":[{"count":0,"href":"http:\/\/informateesquina.com\/index.php?rest_route=\/wp\/v2\/posts\/29874\/revisions"}],"wp:featuredmedia":[{"embeddable":true,"href":"http:\/\/informateesquina.com\/index.php?rest_route=\/"}],"wp:attachment":[{"href":"http:\/\/informateesquina.com\/index.php?rest_route=%2Fwp%2Fv2%2Fmedia&parent=29874"}],"wp:term":[{"taxonomy":"category","embeddable":true,"href":"http:\/\/informateesquina.com\/index.php?rest_route=%2Fwp%2Fv2%2Fcategories&post=29874"},{"taxonomy":"post_tag","embeddable":true,"href":"http:\/\/informateesquina.com\/index.php?rest_route=%2Fwp%2Fv2%2Ftags&post=29874"}],"curies":[{"name":"wp","href":"https:\/\/api.w.org\/{rel}","templated":true}]}}