{"id":29880,"date":"2019-07-29T13:54:40","date_gmt":"2019-07-29T16:54:40","guid":{"rendered":"https:\/\/informateesquina.com\/?p=29880"},"modified":"2019-07-29T13:54:40","modified_gmt":"2019-07-29T16:54:40","slug":"valdes-sostuvo-que-macri-garantiza-el-modelo-de-pais-que-corrientes-necesita","status":"publish","type":"post","link":"http:\/\/informateesquina.com\/?p=29880","title":{"rendered":"Vald\u00e9s sostuvo que Macri garantiza \u201cel modelo de pa\u00eds que Corrientes necesita\u201d"},"content":{"rendered":"<p style=\"font-weight: 400;\">El gobernador Gustavo Vald\u00e9s encabez\u00f3 este domingo un acto de campa\u00f1a en Curuz\u00fa Cuati\u00e1, donde pidi\u00f3 que \u201csalgamos a pelear por este modelo de pa\u00eds que Corrientes necesita para llevar adelante las transformaciones que buscamos\u201d. Inst\u00f3 as\u00ed a defender el federalismo del actual Gobierno nacional que \u201cnos permite proyectar la infraestructura para crecer, mediante la producci\u00f3n y su industrializaci\u00f3n\u201d. Estuvieron en la ocasi\u00f3n los precandidatos a diputados nacionales de la lista Verde 502 A para las PASO de este 11 de agosto, quienes \u201cson los defensores de los correntinos y no de otra cosa\u201d, seg\u00fan afirm\u00f3 el Mandatario.<\/p>\n<p style=\"font-weight: 400;\">\n<p style=\"font-weight: 400;\">El acto tuvo lugar este domingo al mediod\u00eda, fue un almuerzo para m\u00e1s de 500 personas en el club San Mart\u00edn de la ciudad de Curuz\u00fa Cuati\u00e1, con el intendente local, Jos\u00e9 Irigoyen como anfitri\u00f3n. Fue destacada la presencia de los titulares partidarios: el senador provincial, Ricardo Colombi (UCR); el presidente de la C\u00e1mara de Diputados, Pedro Cassani (ELI); y el senador nacional, Pedro Braillard Poccard (Partido Popular).<\/p>\n<p style=\"font-weight: 400;\">\n<p style=\"font-weight: 400;\">\u201cLos diputados que estamos proponiendo en esta lista son los defensores de los correntinos y no de otra cosa, por eso tenemos que votar a Jorge Vara, \u2018Susanita\u2019 Ben\u00edtez, \u2018Pepe\u2019 Fern\u00e1ndez Affur y Carla Vallone\u201d, expres\u00f3 con contundencia Vald\u00e9s, apenas inici\u00f3 su alocuci\u00f3n que fue el cierre del encuentro.<\/p>\n<p style=\"font-weight: 400;\">\n<p style=\"font-weight: 400;\">Rodeados de dirigentes, militantes y diversos representantes de instituciones civiles y empresariales, el Gobernador y los precandidatos expresaron sus discursos desde un escenario 360\u00b0 que les demand\u00f3 virar la mirada constantemente para instar por la f\u00f3rmula Macri \u2013 Pichetto.<\/p>\n<p style=\"font-weight: 400;\">\n<p style=\"font-weight: 400;\">\u201cEl cambio lo tenemos que defender y esta no es una elecci\u00f3n cualquiera, es una primaria, pero nos va a marcar hacia d\u00f3nde vamos a ir. Y es posible la construcci\u00f3n de una Argentina distinta, por eso salgamos a pelear por este modelo de pa\u00eds que Corrientes necesita para llevar adelante las transformaciones que buscamos\u201d, areng\u00f3 Vald\u00e9s.<\/p>\n<p style=\"font-weight: 400;\">\n<p style=\"font-weight: 400;\">As\u00ed fue que el mandatario provincial advirti\u00f3: \u201cLos Fern\u00e1ndez son los mismo, si nos menospreciaron antes, lo van a volver hacer en el futuro, porque ninguno de ellos cambi\u00f3\u201d. Y plante\u00f3 que \u201cel debate es si queremos un presidente populista que nos lleve a ser Venezuela o un presidente que haga lo que tenga que hacer para poner de una buena vez a la Argentina de pie y en el camino del progreso\u201d.<\/p>\n<p style=\"font-weight: 400;\">\n<p style=\"font-weight: 400;\">Sobre el federalismo, Vald\u00e9s sostuvo que \u201clos gobernadores y las provincias tienen que ser realmente aut\u00f3nomos, porque el kirchnerismo en aquel tiempo repart\u00eda s\u00f3lo el 27 por ciento de los recursos y nosotros dec\u00edamos que ten\u00edamos que cambiar para volver al federalismo econ\u00f3mico que nos permita proyectar la infraestructura para crecer, porque eso es dignidad\u201d. Luego asegur\u00f3 que \u201choy recibimos el 42 por ciento de la coparticipaci\u00f3n y antes para conseguir algo hab\u00eda que ir a Buenos Aires a aplaudir cuanta pavada dec\u00edan\u201d.<\/p>\n<p style=\"font-weight: 400;\">\n<p style=\"font-weight: 400;\"><strong>La lista del Gobierno provincial<\/strong><\/p>\n<p style=\"font-weight: 400;\">Al destacar a los precandidatos de la lista que avala el Gobierno provincial, Vald\u00e9s afirm\u00f3 que \u201cVara es un hombre con un profundo conocimiento t\u00e9cnico de lo que Corrientes necesita para su desarrollo mediante la producci\u00f3n y su industrializaci\u00f3n; \u2018Susanita\u2019 es una mujer de una enorme experiencia que sabe de inclusi\u00f3n a partir de la igualdad de oportunidades, mediante la educaci\u00f3n p\u00fablica y de calidad; \u2018Pepe\u2019 fue diputado provincial durante 8 a\u00f1os y esa experiencia es saber cu\u00e1les son las mejores leyes para los correntinos\u201d.<\/p>\n<p style=\"font-weight: 400;\">\n<p style=\"font-weight: 400;\">El Gobernador asegur\u00f3 as\u00ed que \u201cen esta lista estamos conjugando partidos pol\u00edticos que realmente trabajar\u00e1n para que Corrientes sea en el futuro una potencia econ\u00f3mica, cumpliendo el desaf\u00edo de industrializar nuestra materia prima\u201d.<\/p>\n<p style=\"font-weight: 400;\">\n<p style=\"font-weight: 400;\">En este sentido, al hablar Vara, el ministro de Producci\u00f3n y aspirante al Congreso plante\u00f3 la oportunidad de instalar en Corrientes la industria celul\u00f3sica al analizar el contexto pol\u00edtico-econ\u00f3mico en los pa\u00edses del Mercosur. \u201cAc\u00e1 tiene que hacerse y eso va a generar mucho trabajo\u201d, afirm\u00f3. Tambi\u00e9n habl\u00f3 de la recuperaci\u00f3n de la industria c\u00e1rnica a partir de la apertura de mercados en el mundo para la Argentina. A su vez, plante\u00f3 la importancia del impulso a la generaci\u00f3n de energ\u00eda a partir de la biomasa desde la articulaci\u00f3n p\u00fablico \u2013 privada y que permitieron la instalaci\u00f3n de plantas de este tipo en Santa Rosa, Virasoro y Santo Tom\u00e9, aprovechando el desecho de la madera. \u201cSi en octubre gana el kirchnerismo, olv\u00eddense de estos avances que se lograron, porque la f\u00f3rmula Macri \u2013 Pichetto es la \u00fanica que garantiza la continuidad de estas pol\u00edticas\u201d, fustig\u00f3.<\/p>\n<p style=\"font-weight: 400;\">\n<p style=\"font-weight: 400;\">Por su parte, Ben\u00edtez sostuvo que \u201cel 11 de agosto se debaten dos modelos de pa\u00eds: el actual del desarrollo, construcci\u00f3n en conjunto y crecimiento con inclusi\u00f3n, dignidad y federalismo; o el anterior de la exclusi\u00f3n para los correntinos. Y en Corrientes vamos a demostrar que esos 12 a\u00f1os quedar\u00e1n en el pasado y que vamos a seguir apostando a este modelo de construcci\u00f3n en conjunto, porque hoy los correntinos estamos trabajando fuerte junto a Mauricio Macri y no vamos a permitir que esos \u2018cuchuflitos\u2019 que hoy est\u00e1n rindiendo cuentas en la Justicia nos vengan a decir c\u00f3mo tenemos que gobernar\u201d.<\/p>\n<p style=\"font-weight: 400;\">\n<p style=\"font-weight: 400;\">En tanto, Fern\u00e1ndez Affur cit\u00f3 como ejemplo del cambio generado desde la llegada de Macri a la Presidencia, la repavimentaci\u00f3n de la Ruta Nacional 119 que pasa por Curuz\u00fa Cuati\u00e1 y conecta varias localidades del centro provincial, como as\u00ed tambi\u00e9n las inversiones tur\u00edsticas en el Iber\u00e1. Luego advirti\u00f3 que \u201csi el kirchnerismo vuelve al poder, intentar\u00e1n de nuevo ponernos de rodilla como ya lo hicieron antes\u201d.<\/p>\n<p style=\"font-weight: 400;\">\n<p style=\"font-weight: 400;\">Irigoyen fue el primero en hablar y tras dar la bienvenida, consider\u00f3 que \u201catravesamos un momento muy importante en la vida institucional de la Argentina\u201d, entendiendo que \u201ccomo dirigentes de Encuentro por Corrientes (ECO) tenemos la misi\u00f3n de llevar adelante el mensaje de nuestro presidente Mauricio Macri para defender este cambio que se inici\u00f3 en 2015 y que como correntinos fuimos art\u00edfices del mismo\u201d. El jefe comunal sostuvo as\u00ed que \u201cla paz, la uni\u00f3n, el respeto y la libertad son los valores que deben prevalecer en estos tiempos de cambio\u201d.<\/p>\n","protected":false},"excerpt":{"rendered":"<p>El gobernador Gustavo Vald\u00e9s encabez\u00f3 este domingo un acto de campa\u00f1a en Curuz\u00fa Cuati\u00e1, donde pidi\u00f3 que \u201csalgamos a pelear por este modelo de pa\u00eds que Corrientes necesita para llevar adelante las transformaciones que buscamos\u201d. Inst\u00f3 as\u00ed a defender el federalismo del actual Gobierno nacional que \u201cnos permite proyectar la infraestructura para crecer, mediante la [&hellip;]<\/p>\n","protected":false},"author":1,"featured_media":29881,"comment_status":"closed","ping_status":"closed","sticky":false,"template":"","format":"standard","meta":{"footnotes":""},"categories":[9],"tags":[],"class_list":["post-29880","post","type-post","status-publish","format-standard","has-post-thumbnail","hentry","category-politica"],"_links":{"self":[{"href":"http:\/\/informateesquina.com\/index.php?rest_route=\/wp\/v2\/posts\/29880","targetHints":{"allow":["GET"]}}],"collection":[{"href":"http:\/\/informateesquina.com\/index.php?rest_route=\/wp\/v2\/posts"}],"about":[{"href":"http:\/\/informateesquina.com\/index.php?rest_route=\/wp\/v2\/types\/post"}],"author":[{"embeddable":true,"href":"http:\/\/informateesquina.com\/index.php?rest_route=\/wp\/v2\/users\/1"}],"replies":[{"embeddable":true,"href":"http:\/\/informateesquina.com\/index.php?rest_route=%2Fwp%2Fv2%2Fcomments&post=29880"}],"version-history":[{"count":0,"href":"http:\/\/informateesquina.com\/index.php?rest_route=\/wp\/v2\/posts\/29880\/revisions"}],"wp:featuredmedia":[{"embeddable":true,"href":"http:\/\/informateesquina.com\/index.php?rest_route=\/"}],"wp:attachment":[{"href":"http:\/\/informateesquina.com\/index.php?rest_route=%2Fwp%2Fv2%2Fmedia&parent=29880"}],"wp:term":[{"taxonomy":"category","embeddable":true,"href":"http:\/\/informateesquina.com\/index.php?rest_route=%2Fwp%2Fv2%2Fcategories&post=29880"},{"taxonomy":"post_tag","embeddable":true,"href":"http:\/\/informateesquina.com\/index.php?rest_route=%2Fwp%2Fv2%2Ftags&post=29880"}],"curies":[{"name":"wp","href":"https:\/\/api.w.org\/{rel}","templated":true}]}}