{"id":29882,"date":"2019-07-29T13:27:37","date_gmt":"2019-07-29T16:27:37","guid":{"rendered":"https:\/\/informateesquina.com\/?p=29882"},"modified":"2019-07-29T13:27:37","modified_gmt":"2019-07-29T16:27:37","slug":"avanza-la-pavimentacion-en-el-ingreso-al-barrio-bicentenario","status":"publish","type":"post","link":"http:\/\/informateesquina.com\/?p=29882","title":{"rendered":"Avanza la pavimentaci\u00f3n en el ingreso al barrio Bicentenario"},"content":{"rendered":"<p style=\"text-align: center;\"><strong><em>La ejecuci\u00f3n del proyecto de obra que incluy\u00f3 cambios de suelo, nivelado, compactado y adem\u00e1s desag\u00fce cubierto de 270 metros, con 4 registros de limpieza, demand\u00f3 una inversi\u00f3n de la Provincia de $17.119.757.<\/em><\/strong><\/p>\n<p>&nbsp;<\/p>\n<p>El Gobierno provincial, a trav\u00e9s del Ministerio de Coordinaci\u00f3n y Planificaci\u00f3n, contin\u00faa ejecutando las obras de asfaltado en el barrio Bicentenario de la ciudad de Esquina, donde los trabajos se iniciaron con un tramo desde calle Aureliano Bord\u00f3n hasta el final de la barriada; y actualmente se avanza sobre la arteria Emilio Hansen.<\/p>\n<p>Se trata de una primera etapa del proyecto que demand\u00f3 una inversi\u00f3n provincial de 17.119.757 pesos y que cuenta con un plazo de 240 d\u00edas para la finalizaci\u00f3n de los trabajos, que incluyen adem\u00e1s la intervenci\u00f3n desde la calle Bord\u00f3n hasta Los Aromos, hacia el centro de la localidad. Desde la Municipalidad detallaron a un medio local que los trabajos incluyen cambios de suelo, nivelado, compactado y adem\u00e1s desag\u00fce cubierto de 270 metros (con 4 registros de limpieza).<\/p>\n<p>En tanto que las calles asfaltadas contar\u00e1n con un volcado de hormig\u00f3n de 18 cent\u00edmetros de altura. Cabe destacar que esta inversi\u00f3n se concret\u00f3 en respuesta a un reclamo de anta\u00f1o que ven\u00edan realizando los vecinos de la zona, a fin de mejorar su calidad de vida.<\/p>\n<p>&nbsp;<\/p>\n<p><em>FUENTE: www.diarioellibertador.com.ar\u00a0<\/em><\/p>\n<p>&nbsp;<\/p>\n","protected":false},"excerpt":{"rendered":"<p>La ejecuci\u00f3n del proyecto de obra que incluy\u00f3 cambios de suelo, nivelado, compactado y adem\u00e1s desag\u00fce cubierto de 270 metros, con 4 registros de limpieza, demand\u00f3 una inversi\u00f3n de la Provincia de $17.119.757. &nbsp; El Gobierno provincial, a trav\u00e9s del Ministerio de Coordinaci\u00f3n y Planificaci\u00f3n, contin\u00faa ejecutando las obras de asfaltado en el barrio Bicentenario [&hellip;]<\/p>\n","protected":false},"author":1,"featured_media":29883,"comment_status":"closed","ping_status":"closed","sticky":false,"template":"","format":"standard","meta":{"footnotes":""},"categories":[6],"tags":[136],"class_list":["post-29882","post","type-post","status-publish","format-standard","has-post-thumbnail","hentry","category-locales","tag-destacados"],"_links":{"self":[{"href":"http:\/\/informateesquina.com\/index.php?rest_route=\/wp\/v2\/posts\/29882","targetHints":{"allow":["GET"]}}],"collection":[{"href":"http:\/\/informateesquina.com\/index.php?rest_route=\/wp\/v2\/posts"}],"about":[{"href":"http:\/\/informateesquina.com\/index.php?rest_route=\/wp\/v2\/types\/post"}],"author":[{"embeddable":true,"href":"http:\/\/informateesquina.com\/index.php?rest_route=\/wp\/v2\/users\/1"}],"replies":[{"embeddable":true,"href":"http:\/\/informateesquina.com\/index.php?rest_route=%2Fwp%2Fv2%2Fcomments&post=29882"}],"version-history":[{"count":0,"href":"http:\/\/informateesquina.com\/index.php?rest_route=\/wp\/v2\/posts\/29882\/revisions"}],"wp:featuredmedia":[{"embeddable":true,"href":"http:\/\/informateesquina.com\/index.php?rest_route=\/"}],"wp:attachment":[{"href":"http:\/\/informateesquina.com\/index.php?rest_route=%2Fwp%2Fv2%2Fmedia&parent=29882"}],"wp:term":[{"taxonomy":"category","embeddable":true,"href":"http:\/\/informateesquina.com\/index.php?rest_route=%2Fwp%2Fv2%2Fcategories&post=29882"},{"taxonomy":"post_tag","embeddable":true,"href":"http:\/\/informateesquina.com\/index.php?rest_route=%2Fwp%2Fv2%2Ftags&post=29882"}],"curies":[{"name":"wp","href":"https:\/\/api.w.org\/{rel}","templated":true}]}}