{"id":29885,"date":"2019-07-29T13:47:39","date_gmt":"2019-07-29T16:47:39","guid":{"rendered":"https:\/\/informateesquina.com\/?p=29885"},"modified":"2019-07-29T13:47:39","modified_gmt":"2019-07-29T16:47:39","slug":"esquina-sera-sede-de-las-olimpiadas-nacionales-de-biologia","status":"publish","type":"post","link":"http:\/\/informateesquina.com\/?p=29885","title":{"rendered":"Esquina ser\u00e1 sede de las Olimpiadas Nacionales de Biolog\u00eda"},"content":{"rendered":"<p>La rectora del Colegio Secundario en Esquina, Yanina Antenucci, dialog\u00f3 con el periodista Gen\u00f3nimo Vega para hablar de las Olimpiadas Argentinas en Biolog\u00eda que se realizar\u00e1n en Esquina.<\/p>\n<p>\u201cEste a\u00f1o Esquina es la sede de las Olimpiadas que se realizar\u00e1n el jueves 8 de agosto. Participar\u00e1n alumnos de primer y segundo nivel de instituciones locales, Sauce, Pueblo Libertador y parajes de Esquina\u201d, coment\u00f3.<br \/>\n\u201cLos sobres con las evaluaciones vienen de la Universidad de C\u00f3rdoba en el d\u00eda de la fecha, y junto con las autoridades presentes verificamos que est\u00e9 todo en orden y luego se hace la apertura a las Olimpiadas Argentinas en Biolog\u00eda 2019\u201d, explic\u00f3.<\/p>\n","protected":false},"excerpt":{"rendered":"<p>La rectora del Colegio Secundario en Esquina, Yanina Antenucci, dialog\u00f3 con el periodista Gen\u00f3nimo Vega para hablar de las Olimpiadas Argentinas en Biolog\u00eda que se realizar\u00e1n en Esquina. \u201cEste a\u00f1o Esquina es la sede de las Olimpiadas que se realizar\u00e1n el jueves 8 de agosto. Participar\u00e1n alumnos de primer y segundo nivel de instituciones locales, [&hellip;]<\/p>\n","protected":false},"author":1,"featured_media":29886,"comment_status":"closed","ping_status":"closed","sticky":false,"template":"","format":"standard","meta":{"footnotes":""},"categories":[6],"tags":[136],"class_list":["post-29885","post","type-post","status-publish","format-standard","has-post-thumbnail","hentry","category-locales","tag-destacados"],"_links":{"self":[{"href":"http:\/\/informateesquina.com\/index.php?rest_route=\/wp\/v2\/posts\/29885","targetHints":{"allow":["GET"]}}],"collection":[{"href":"http:\/\/informateesquina.com\/index.php?rest_route=\/wp\/v2\/posts"}],"about":[{"href":"http:\/\/informateesquina.com\/index.php?rest_route=\/wp\/v2\/types\/post"}],"author":[{"embeddable":true,"href":"http:\/\/informateesquina.com\/index.php?rest_route=\/wp\/v2\/users\/1"}],"replies":[{"embeddable":true,"href":"http:\/\/informateesquina.com\/index.php?rest_route=%2Fwp%2Fv2%2Fcomments&post=29885"}],"version-history":[{"count":0,"href":"http:\/\/informateesquina.com\/index.php?rest_route=\/wp\/v2\/posts\/29885\/revisions"}],"wp:featuredmedia":[{"embeddable":true,"href":"http:\/\/informateesquina.com\/index.php?rest_route=\/"}],"wp:attachment":[{"href":"http:\/\/informateesquina.com\/index.php?rest_route=%2Fwp%2Fv2%2Fmedia&parent=29885"}],"wp:term":[{"taxonomy":"category","embeddable":true,"href":"http:\/\/informateesquina.com\/index.php?rest_route=%2Fwp%2Fv2%2Fcategories&post=29885"},{"taxonomy":"post_tag","embeddable":true,"href":"http:\/\/informateesquina.com\/index.php?rest_route=%2Fwp%2Fv2%2Ftags&post=29885"}],"curies":[{"name":"wp","href":"https:\/\/api.w.org\/{rel}","templated":true}]}}