{"id":29894,"date":"2019-07-29T14:00:52","date_gmt":"2019-07-29T17:00:52","guid":{"rendered":"https:\/\/informateesquina.com\/?p=29894"},"modified":"2019-07-29T14:00:52","modified_gmt":"2019-07-29T17:00:52","slug":"un-nene-disparo-por-accidente-una-carabina-y-mato-a-su-papa","status":"publish","type":"post","link":"http:\/\/informateesquina.com\/?p=29894","title":{"rendered":"Un nene dispar\u00f3 por accidente una carabina y mat\u00f3 a su pap\u00e1"},"content":{"rendered":"<div class=\"col-md-12\">\n<h2><span style=\"color: #666666; font-family: Roboto, sans-serif; font-size: 15px;\">El hombre fue trasladado de urgencia al Hospital de General Madariaga y muri\u00f3 mientras lo operaban.<\/span><\/h2>\n<div class=\"image_review_wrapper\">\n<div class=\"swiper-container swiper-container-horizontal swiper-container-android\">\n<div class=\"swiper-wrapper\">\n<div class=\"swiper-slide swiper-slide-active\"><a href=\"http:\/\/www.radiosudamericana.com\/notix\/multimedia\/imagenes\/fotos\/2019-07-29\/599827.jpg\"><img decoding=\"async\" class=\"img-responsive\" src=\"http:\/\/www.radiosudamericana.com\/notix\/multimedia\/imagenes\/fotos\/2019-07-29\/599827.jpg\" alt=\"Responsive image\" \/><\/a><\/div>\n<\/div>\n<\/div>\n<\/div>\n<ul id=\"social_nota3\">\n<li><\/li>\n<\/ul>\n<\/div>\n<p>Un nene de cuatro a\u00f1os\u00a0dispar\u00f3 accidentalmente\u00a0una carabina y\u00a0mat\u00f3 a su pap\u00e1.\u00a0El dram\u00e1tico hecho se produjo en una casa de la localidad de\u00a0General Madariaga,\u00a0en la provincia de Buenos Aires. El hombre sufri\u00f3 una grave herida en un gl\u00fateo y fue trasladado al hospital local, donde muri\u00f3 mientras lo operaban.<\/p>\n<p>La v\u00edctima fue identificada como Ismael Ra\u00fal Montenegro, de 36 a\u00f1os. Recibi\u00f3 un balazo de una\u00a0carabina calibre 22\u00a0por un disparo que hizo su hijo, que accion\u00f3 accidentalmente el arma de su t\u00edo.<\/p>\n<p>El hecho se produjo en una casa ubicada en Avenida del Tuy\u00fa y Belgrano en la zona norte de Madariaga, ubicada a 30 kil\u00f3metros de Pinamar. Montenegro sufri\u00f3 el impacto en el gl\u00fateo izquierdo y fue trasladado de urgencia por sus familiares al hospital municipal local. Presentaba una\u00a0&#8220;lesi\u00f3n vascular doble,\u00a0con una vena y una arteria completamente seccionadas&#8221; y muri\u00f3 mientras lo operaban.<\/p>\n<p>La Justicia le tom\u00f3 declaraci\u00f3n testimonial al hermano, a la cu\u00f1ada y a la esposa de la v\u00edctima y orden\u00f3 que a los tres les hagan las pruebas necesarias para determinar si alguno de ellos hab\u00eda activado un arma de fuego. La misma prueba fue realizada con el nene, despu\u00e9s de que los tres testigos se\u00f1alaran que\u00a0el chico hab\u00eda manipulado\u00a0la carabina.<\/p>\n<p>La causa fue caratulada como &#8220;homicidio culposo&#8221; y\u00a0hasta el momento no se dispuso ninguna imputaci\u00f3n.\u00a0Personal de Polic\u00eda Cient\u00edfica perit\u00f3 el lugar del hecho, donde encontraron una vaina servida. Resta todav\u00eda que le hagan la autopsia al cuerpo de la v\u00edctima.<\/p>\n<p>En el caso intervino inicialmente el fiscal Juan Pablo Calder\u00f3n, titular de la Unidad Funcional de Instrucci\u00f3n Descentralizada 4 de Pinamar, y luego fue derivada a la Fiscal\u00eda de Responsabilidad Penal Juvenil 2 del Departamento Judicial de Dolores, a cargo de M\u00f3nica Ferr\u00e9.<\/p>\n","protected":false},"excerpt":{"rendered":"<p>El hombre fue trasladado de urgencia al Hospital de General Madariaga y muri\u00f3 mientras lo operaban. Un nene de cuatro a\u00f1os\u00a0dispar\u00f3 accidentalmente\u00a0una carabina y\u00a0mat\u00f3 a su pap\u00e1.\u00a0El dram\u00e1tico hecho se produjo en una casa de la localidad de\u00a0General Madariaga,\u00a0en la provincia de Buenos Aires. El hombre sufri\u00f3 una grave herida en un gl\u00fateo y fue [&hellip;]<\/p>\n","protected":false},"author":1,"featured_media":29895,"comment_status":"closed","ping_status":"closed","sticky":false,"template":"","format":"standard","meta":{"footnotes":""},"categories":[8],"tags":[],"class_list":["post-29894","post","type-post","status-publish","format-standard","has-post-thumbnail","hentry","category-policiales"],"_links":{"self":[{"href":"http:\/\/informateesquina.com\/index.php?rest_route=\/wp\/v2\/posts\/29894","targetHints":{"allow":["GET"]}}],"collection":[{"href":"http:\/\/informateesquina.com\/index.php?rest_route=\/wp\/v2\/posts"}],"about":[{"href":"http:\/\/informateesquina.com\/index.php?rest_route=\/wp\/v2\/types\/post"}],"author":[{"embeddable":true,"href":"http:\/\/informateesquina.com\/index.php?rest_route=\/wp\/v2\/users\/1"}],"replies":[{"embeddable":true,"href":"http:\/\/informateesquina.com\/index.php?rest_route=%2Fwp%2Fv2%2Fcomments&post=29894"}],"version-history":[{"count":0,"href":"http:\/\/informateesquina.com\/index.php?rest_route=\/wp\/v2\/posts\/29894\/revisions"}],"wp:featuredmedia":[{"embeddable":true,"href":"http:\/\/informateesquina.com\/index.php?rest_route=\/"}],"wp:attachment":[{"href":"http:\/\/informateesquina.com\/index.php?rest_route=%2Fwp%2Fv2%2Fmedia&parent=29894"}],"wp:term":[{"taxonomy":"category","embeddable":true,"href":"http:\/\/informateesquina.com\/index.php?rest_route=%2Fwp%2Fv2%2Fcategories&post=29894"},{"taxonomy":"post_tag","embeddable":true,"href":"http:\/\/informateesquina.com\/index.php?rest_route=%2Fwp%2Fv2%2Ftags&post=29894"}],"curies":[{"name":"wp","href":"https:\/\/api.w.org\/{rel}","templated":true}]}}