{"id":29897,"date":"2019-07-29T14:04:43","date_gmt":"2019-07-29T17:04:43","guid":{"rendered":"https:\/\/informateesquina.com\/?p=29897"},"modified":"2019-07-29T14:04:43","modified_gmt":"2019-07-29T17:04:43","slug":"una-nina-correntina-de-tres-anos-recibira-un-implante-coclear","status":"publish","type":"post","link":"http:\/\/informateesquina.com\/?p=29897","title":{"rendered":"Una ni\u00f1a correntina de tres a\u00f1os recibir\u00e1 un implante coclear"},"content":{"rendered":"<div class=\"col-md-12\">\n<h2><span style=\"color: #666666; font-family: Roboto, sans-serif; font-size: 15px;\">El Ministerio de Salud P\u00fablica, a trav\u00e9s del Programa Provincial de Detecci\u00f3n Precoz de la Hipoacusia, llevar\u00e1 a cabo este lunes la cirug\u00eda que permitir\u00e1 la audici\u00f3n a una ni\u00f1a de tres a\u00f1os.<\/span><\/h2>\n<div class=\"image_review_wrapper\">\n<div class=\"swiper-container swiper-container-horizontal swiper-container-android\">\n<div class=\"swiper-wrapper\">\n<div class=\"swiper-slide swiper-slide-active\"><a href=\"http:\/\/www.radiosudamericana.com\/notix\/multimedia\/imagenes\/fotos\/2019-07-29\/372489.jpg\"><img decoding=\"async\" class=\"img-responsive\" src=\"http:\/\/www.radiosudamericana.com\/notix\/multimedia\/imagenes\/fotos\/2019-07-29\/372489.jpg\" alt=\"Responsive image\" \/><\/a><\/div>\n<\/div>\n<\/div>\n<\/div>\n<\/div>\n<div class=\"col-md-12\">\n<div><\/div>\n<\/div>\n<p>El equipo del Programa Provincial de Detecci\u00f3n Precoz de la Hipoacusia, dependiente de la cartera sanitaria provincial, a cargo de Ricardo Cardozo colocar\u00e1 este lunes un implante\u00a0 bilateral a una ni\u00f1a correntina. La intervenci\u00f3n se realizar\u00e1 en el Hospital Pedi\u00e1trico Juan Pablo II.<\/p>\n<p>Al respecto, el jefe del Programa Provincial, Jorge Iglesias, indic\u00f3: \u201ceste lunes colocaremos un implante coclear bilateral a una ni\u00f1a correntina de tres a\u00f1os, con Hipoacusia de nacimiento, a quien se le hizo estimulaci\u00f3n con aud\u00edfonos y no respondi\u00f3, por lo que ingresa a protocolo de implante\u201d.<\/p>\n<p>\u201cLa intervenci\u00f3n estar\u00e1 a cargo del \u201cequipo m\u00e9dico del Servicio de Otorrinolaringolog\u00eda del Hospital Pedi\u00e1trico y del \u00e1rea fonoaudiol\u00f3gica a cargo de Zulema Soria, con el apoyo log\u00edstico del hospital de Cl\u00ednicas, con el doctor Eduardo Hocsman\u201d, precis\u00f3 Iglesias.<\/p>\n<p>Para finalizar manifest\u00f3 que \u201ces destacable que en Corrientes estas intervenciones puedan concretarse en un hospital p\u00fablico, contando con el apoyo del Ministro Ricardo Cardozo y la directora general de Protecci\u00f3n y Promoci\u00f3n de la Salud, Adella Saade, \u00e1rea de donde depende el programa\u201d.<\/p>\n","protected":false},"excerpt":{"rendered":"<p>El Ministerio de Salud P\u00fablica, a trav\u00e9s del Programa Provincial de Detecci\u00f3n Precoz de la Hipoacusia, llevar\u00e1 a cabo este lunes la cirug\u00eda que permitir\u00e1 la audici\u00f3n a una ni\u00f1a de tres a\u00f1os. El equipo del Programa Provincial de Detecci\u00f3n Precoz de la Hipoacusia, dependiente de la cartera sanitaria provincial, a cargo de Ricardo Cardozo [&hellip;]<\/p>\n","protected":false},"author":1,"featured_media":29898,"comment_status":"closed","ping_status":"closed","sticky":false,"template":"","format":"standard","meta":{"footnotes":""},"categories":[11],"tags":[],"class_list":["post-29897","post","type-post","status-publish","format-standard","has-post-thumbnail","hentry","category-sociedad"],"_links":{"self":[{"href":"http:\/\/informateesquina.com\/index.php?rest_route=\/wp\/v2\/posts\/29897","targetHints":{"allow":["GET"]}}],"collection":[{"href":"http:\/\/informateesquina.com\/index.php?rest_route=\/wp\/v2\/posts"}],"about":[{"href":"http:\/\/informateesquina.com\/index.php?rest_route=\/wp\/v2\/types\/post"}],"author":[{"embeddable":true,"href":"http:\/\/informateesquina.com\/index.php?rest_route=\/wp\/v2\/users\/1"}],"replies":[{"embeddable":true,"href":"http:\/\/informateesquina.com\/index.php?rest_route=%2Fwp%2Fv2%2Fcomments&post=29897"}],"version-history":[{"count":0,"href":"http:\/\/informateesquina.com\/index.php?rest_route=\/wp\/v2\/posts\/29897\/revisions"}],"wp:featuredmedia":[{"embeddable":true,"href":"http:\/\/informateesquina.com\/index.php?rest_route=\/"}],"wp:attachment":[{"href":"http:\/\/informateesquina.com\/index.php?rest_route=%2Fwp%2Fv2%2Fmedia&parent=29897"}],"wp:term":[{"taxonomy":"category","embeddable":true,"href":"http:\/\/informateesquina.com\/index.php?rest_route=%2Fwp%2Fv2%2Fcategories&post=29897"},{"taxonomy":"post_tag","embeddable":true,"href":"http:\/\/informateesquina.com\/index.php?rest_route=%2Fwp%2Fv2%2Ftags&post=29897"}],"curies":[{"name":"wp","href":"https:\/\/api.w.org\/{rel}","templated":true}]}}