{"id":31815,"date":"2019-09-25T11:38:27","date_gmt":"2019-09-25T14:38:27","guid":{"rendered":"https:\/\/informateesquina.com\/?p=31815"},"modified":"2019-09-25T11:38:27","modified_gmt":"2019-09-25T14:38:27","slug":"una-mujer-fue-internada-tras-ser-embestida-por-un-tractor","status":"publish","type":"post","link":"http:\/\/informateesquina.com\/?p=31815","title":{"rendered":"Una mujer fue internada tras ser embestida por un tractor"},"content":{"rendered":"<p>El informe policial aportado al cronista de Sudamericana indica que una mujer fue atendida en el Hospital de Bella Vista y posteriormente trasladada a la Capital provincial. La misma presentaba lesiones en la zona del t\u00f3rax y abdomen despu\u00e9s de que aparentemente fue embestida por un tractor cuando trabajaba en un campo.<\/p>\n<div class=\"col-md-12\">\n<p>&nbsp;<\/p>\n<div class=\"image_review_wrapper\">\n<div class=\"swiper-container swiper-container-horizontal swiper-container-android\">\n<div class=\"swiper-wrapper\">\n<div class=\"swiper-slide swiper-slide-active\"><a href=\"https:\/\/www.radiosudamericana.com\/notix\/multimedia\/imagenes\/fotos\/2019-09-25\/772639.jpg\"><img decoding=\"async\" class=\"img-responsive\" src=\"https:\/\/www.radiosudamericana.com\/notix\/multimedia\/imagenes\/fotos\/2019-09-25\/772639.jpg\" alt=\"Responsive image\" \/><\/a><\/div>\n<\/div>\n<\/div>\n<\/div>\n<\/div>\n<p>En la localidad de Bella Vista, una mujer identificada como Mirta Ant\u00fanez fue ingresada al Hospital local, donde los m\u00e9dicos la estabilizaron. La misma sufri\u00f3 lesiones en el t\u00f3rax y abdomen, por lo que fue estabilizada y derivada al Hospital Escuela.<\/p>\n<p>Las primeras informaciones aportadas a la investigaci\u00f3n se\u00f1alaron que Ant\u00fanez trabajaba en un campo y fue embestida por un tractor, pero por el momento se desconocen m\u00e1s detalles del hecho.<\/p>\n<p>Fuente: Radio Sudamericana<\/p>\n","protected":false},"excerpt":{"rendered":"<p>El informe policial aportado al cronista de Sudamericana indica que una mujer fue atendida en el Hospital de Bella Vista y posteriormente trasladada a la Capital provincial. La misma presentaba lesiones en la zona del t\u00f3rax y abdomen despu\u00e9s de que aparentemente fue embestida por un tractor cuando trabajaba en un campo. &nbsp; En la [&hellip;]<\/p>\n","protected":false},"author":1,"featured_media":0,"comment_status":"closed","ping_status":"closed","sticky":false,"template":"","format":"standard","meta":{"footnotes":""},"categories":[8],"tags":[],"class_list":["post-31815","post","type-post","status-publish","format-standard","hentry","category-policiales"],"_links":{"self":[{"href":"http:\/\/informateesquina.com\/index.php?rest_route=\/wp\/v2\/posts\/31815","targetHints":{"allow":["GET"]}}],"collection":[{"href":"http:\/\/informateesquina.com\/index.php?rest_route=\/wp\/v2\/posts"}],"about":[{"href":"http:\/\/informateesquina.com\/index.php?rest_route=\/wp\/v2\/types\/post"}],"author":[{"embeddable":true,"href":"http:\/\/informateesquina.com\/index.php?rest_route=\/wp\/v2\/users\/1"}],"replies":[{"embeddable":true,"href":"http:\/\/informateesquina.com\/index.php?rest_route=%2Fwp%2Fv2%2Fcomments&post=31815"}],"version-history":[{"count":0,"href":"http:\/\/informateesquina.com\/index.php?rest_route=\/wp\/v2\/posts\/31815\/revisions"}],"wp:attachment":[{"href":"http:\/\/informateesquina.com\/index.php?rest_route=%2Fwp%2Fv2%2Fmedia&parent=31815"}],"wp:term":[{"taxonomy":"category","embeddable":true,"href":"http:\/\/informateesquina.com\/index.php?rest_route=%2Fwp%2Fv2%2Fcategories&post=31815"},{"taxonomy":"post_tag","embeddable":true,"href":"http:\/\/informateesquina.com\/index.php?rest_route=%2Fwp%2Fv2%2Ftags&post=31815"}],"curies":[{"name":"wp","href":"https:\/\/api.w.org\/{rel}","templated":true}]}}