{"id":31819,"date":"2019-09-25T13:21:35","date_gmt":"2019-09-25T16:21:35","guid":{"rendered":"https:\/\/informateesquina.com\/?p=31819"},"modified":"2019-09-25T13:21:35","modified_gmt":"2019-09-25T16:21:35","slug":"jornada-abierta-al-publico-navegando-seguro-por-internet","status":"publish","type":"post","link":"http:\/\/informateesquina.com\/?p=31819","title":{"rendered":"Jornada abierta al p\u00fablico: &#8220;Navegando seguro por internet&#8221;"},"content":{"rendered":"<p>Hugo Mancini, presidente de la Uni\u00f3n de Padres del Colegio \u201cDivino Salvador\u201d, habl\u00f3 con Informate Esquina sobre la jornada de concientizaci\u00f3n y prevenci\u00f3n \u201cNavegar seguro por Internet\u201d, la cu\u00e1l se desarrollar\u00e1 en la instituci\u00f3n.<\/p>\n<p>El jueves, a las 16 horas, se realizar\u00e1 el taller para los alumnos de 1ro,2do y 3ro, de secundaria. A partir de las 17 la jornada ser\u00e1 abierta a tutores y al p\u00fablico en general. Y finalmente el viernes, estar\u00e1 destinada a los alumnos de 4to, 5to y 6to de secundaria.<br \/>\n\u201cLa jornada estar\u00e1 a cargo de especialistas en la materia que abordar\u00e1n temas como el grooming, las fake new (falsas noticias) y otro tipo de estafas por medio de las tecnolog\u00edas por eso creo que es importante la participaci\u00f3n del p\u00fablico\u201d , expres\u00f3 Mancini.<\/p>\n","protected":false},"excerpt":{"rendered":"<p>Hugo Mancini, presidente de la Uni\u00f3n de Padres del Colegio \u201cDivino Salvador\u201d, habl\u00f3 con Informate Esquina sobre la jornada de concientizaci\u00f3n y prevenci\u00f3n \u201cNavegar seguro por Internet\u201d, la cu\u00e1l se desarrollar\u00e1 en la instituci\u00f3n. El jueves, a las 16 horas, se realizar\u00e1 el taller para los alumnos de 1ro,2do y 3ro, de secundaria. A partir [&hellip;]<\/p>\n","protected":false},"author":1,"featured_media":31820,"comment_status":"closed","ping_status":"closed","sticky":false,"template":"","format":"standard","meta":{"footnotes":""},"categories":[6,11],"tags":[136],"class_list":["post-31819","post","type-post","status-publish","format-standard","has-post-thumbnail","hentry","category-locales","category-sociedad","tag-destacados"],"_links":{"self":[{"href":"http:\/\/informateesquina.com\/index.php?rest_route=\/wp\/v2\/posts\/31819","targetHints":{"allow":["GET"]}}],"collection":[{"href":"http:\/\/informateesquina.com\/index.php?rest_route=\/wp\/v2\/posts"}],"about":[{"href":"http:\/\/informateesquina.com\/index.php?rest_route=\/wp\/v2\/types\/post"}],"author":[{"embeddable":true,"href":"http:\/\/informateesquina.com\/index.php?rest_route=\/wp\/v2\/users\/1"}],"replies":[{"embeddable":true,"href":"http:\/\/informateesquina.com\/index.php?rest_route=%2Fwp%2Fv2%2Fcomments&post=31819"}],"version-history":[{"count":0,"href":"http:\/\/informateesquina.com\/index.php?rest_route=\/wp\/v2\/posts\/31819\/revisions"}],"wp:featuredmedia":[{"embeddable":true,"href":"http:\/\/informateesquina.com\/index.php?rest_route=\/"}],"wp:attachment":[{"href":"http:\/\/informateesquina.com\/index.php?rest_route=%2Fwp%2Fv2%2Fmedia&parent=31819"}],"wp:term":[{"taxonomy":"category","embeddable":true,"href":"http:\/\/informateesquina.com\/index.php?rest_route=%2Fwp%2Fv2%2Fcategories&post=31819"},{"taxonomy":"post_tag","embeddable":true,"href":"http:\/\/informateesquina.com\/index.php?rest_route=%2Fwp%2Fv2%2Ftags&post=31819"}],"curies":[{"name":"wp","href":"https:\/\/api.w.org\/{rel}","templated":true}]}}