{"id":31874,"date":"2019-09-26T16:29:44","date_gmt":"2019-09-26T19:29:44","guid":{"rendered":"https:\/\/informateesquina.com\/?p=31874"},"modified":"2019-09-26T16:29:44","modified_gmt":"2019-09-26T19:29:44","slug":"prostibulo-en-esquina-se-volvera-a-enjuiciar-a-un-policia-por-el-delito-de-trata","status":"publish","type":"post","link":"http:\/\/informateesquina.com\/?p=31874","title":{"rendered":"Prost\u00edbulo en Esquina: se volver\u00e1 a enjuiciar a un polic\u00eda por el delito de trata"},"content":{"rendered":"<p><strong><span class=\"dropcap small square\">L<\/span><\/strong>os imputados hab\u00edan sido sobrese\u00eddos, pero luego de un fallo de la C\u00e1mara de Casaci\u00f3n Penal de la Naci\u00f3n se resolvi\u00f3 a que el expediente vuelva a debate con una nueva composici\u00f3n del Tribunal de juzgamiento.<\/p>\n<p>La banda habr\u00eda trasladado y explotado al menos a ocho v\u00edctimas en situaci\u00f3n de vulnerabilidad en un prost\u00edbulo ubicado en la ciudad de Esquina, pero tras haber sido juzgados se resolvi\u00f3 absolverlos, pero luego el Ministerio P\u00fablico apel\u00f3 el fallo y ahora se volver\u00e1 a realizar un juicio.<\/p>\n<p><img loading=\"lazy\" decoding=\"async\" class=\"aligncenter size-large wp-image-1003118\" src=\"http:\/\/cdn5.diarioepoca.com\/wp-content\/uploads\/2019\/09\/WhatsApp-Image-2019-09-26-at-13.41.40-1024x768.jpeg\" alt=\"WhatsApp Image 2019-09-26 at 13.41.40\" width=\"960\" height=\"720\" \/><\/p>\n<p>&#8211;<\/p>\n<p>El fallo de la Sala III de la C\u00e1mara Federal de Casaci\u00f3n Penal, integrada por Eduardo Rafael Riggi, Liliana Elena Catucci y Juan Carlos Gemignani, anul\u00f3 un fallo y orden\u00f3 la realizaci\u00f3n de un nuevo juicio por parte de un nuevo Tribunal contra cuatro personas acusadas de integrar una red de trata de personas con fines de explotaci\u00f3n sexual que funcionaba en la ciudad de Esquina, provincia de Corrientes. Entre los acusados, se encuentra un polic\u00eda.<\/p>\n<p>La decisi\u00f3n fue en l\u00ednea con lo solicitado por el fiscal Carlos Schaefer, quien hab\u00eda apelado la sentencia dictada en agosto de 2015 por la cual el Tribunal Oral Criminal de Corrientes hab\u00eda absuelto a Irma Celina Ben\u00edtez, Miguel \u00c1ngel Obaid, Fabian Leandro Quintana y Andr\u00e9s Javier Quintana.<\/p>\n<p>Los imputados est\u00e1n acusados de haber captado al menos a ocho v\u00edctimas, oriundas de diferentes provincias y pa\u00edses, facilitado el traslado para luego explotarlas sexualmente y quedarse con un 30% del valor de los denominados \u201cpases\u201d, que se habr\u00edan realizado en unas caba\u00f1as ubicadas cerca del prost\u00edbulo y que ser\u00edan propiedad de uno de los acusados.<\/p>\n<p><strong>Los roles dentro de la banda<\/strong><\/p>\n<p>Para el fiscal, se encuentra probado que Ben\u00edtez era la persona encargada de regentear el prost\u00edbulo as\u00ed como quien se ocupaba de recibir a las v\u00edctimas y arreglar la custodia policial en el local nocturno. Su pareja, Miguel \u00c1ngel Obaid, es due\u00f1o del complejo Yemanj\u00e1, ubicado a ocho cuadras del prost\u00edbulo, donde las mujeres eran trasladadas si contaban citas concertadas previamente. De esta manera, se habr\u00eda favorecido econ\u00f3micamente a trav\u00e9s de la generaci\u00f3n de turismo y pesca que prove\u00eda anexando un \u201cservicio de diversiones sexuales\u201d que brindaba en la whisker\u00eda. Adem\u00e1s, proporcionaba el traslado de un lugar a otro.<\/p>\n<p>Por otro lado, contrariamente a lo que consider\u00f3 el Tribunal, el representante del MPF consider\u00f3 que Leandro Fabi\u00e1n Quintana cumpl\u00eda funciones de barman, cajero y encargado del lugar cuando no se encontraban los due\u00f1os. A su vez, suministraba drogas utilizadas para tratar la disfunci\u00f3n er\u00e9ctil, controlaba a las v\u00edctimas y las intimidaba con un arma de fuego y seleccionaba a los \u201cclientes\u201d que las mujeres deb\u00edan \u201catender\u201d.<\/p>\n<p><img loading=\"lazy\" decoding=\"async\" class=\"aligncenter size-large wp-image-1003117\" src=\"http:\/\/cdn5.diarioepoca.com\/wp-content\/uploads\/2019\/09\/WhatsApp-Image-2019-09-26-at-13.41.40-1-1024x768.jpeg\" alt=\"WhatsApp Image 2019-09-26 at 13.41.40 (1)\" width=\"960\" height=\"720\" \/><\/p>\n<p>&#8211;<\/p>\n<p>Finalmente, Andr\u00e9s Javier Quintana, tambi\u00e9n habr\u00eda cumplido un rol clave en la banda ya que pertenec\u00eda a la Polic\u00eda de Corrientes y se ocupaba de \u201ccustodiar\u201d el lugar proveyendo seguridad. De esta manera, \u201cintimidaba a las v\u00edctimas por el solo hecho de revestir el car\u00e1cter de autoridad con que lo enviste el propio poder estatal\u201d.<\/p>\n<p>\u201cLa gravedad de su participaci\u00f3n reside en que la autoridad policial, que es la encargada de velar por la seguridad y el bienestar de las personas que conforman la sociedad, debiendo prevenir y reprimir hechos delictivos, se encontraba formando parte del delito, que deber\u00eda ser reprimido por el mismo\u201d, detall\u00f3 el fiscal en su dictamen.<\/p>\n<p>Y agreg\u00f3: \u201cTodas las circunstancias descriptas precedentemente descalifican por completo el argumento utilizado por el Tribunal para absolver de culpa y cargo a los acusados, raz\u00f3n por la que debe decretarse la nulidad absoluta del resolutorio en crisis, y dictarse un fallo conforme a derecho. En definitiva el fallo impugnado incurre en graves y serias violaciones a las reglas de la sana cr\u00edtica racional\u201d, concluy\u00f3 el fiscal en su dictamen.<\/p>\n<p><strong>El caso<\/strong><\/p>\n<p>El hecho fue denunciado a trav\u00e9s de una llamada an\u00f3nima al Ministerio de Seguridad de la Naci\u00f3n, el 3 de mayo de 2013, en la que se daba cuenta que en la Ciudad de Esquina, provincia de Corrientes, exist\u00eda un prost\u00edbulo en el que habr\u00eda varias chicas que podr\u00edan estar siendo explotadas sexualmente. El denunciante agreg\u00f3 que el due\u00f1o de dicho lugar ser\u00eda una persona de nombre Miguel Obaid del cual se dieron algunas caracter\u00edsticas para su individualizaci\u00f3n y ubicaci\u00f3n.<\/p>\n<p>De esta manera, el Ministerio P\u00fablico Fiscal inici\u00f3 la investigaci\u00f3n que deriv\u00f3 en un allanamiento que se llev\u00f3 a cabo ese mismo mes en que se realiz\u00f3 la denuncia. En esa oportunidad, ocho mujeres en situaci\u00f3n de vulnerabilidad fueron rescatadas y tres personas, Ben\u00edtez, Leandro Fabian y Andr\u00e9s Javier Quintana resultaron detenidas.<\/p>\n<p>FUENTE: DIARIO \u00c9POCA<\/p>\n","protected":false},"excerpt":{"rendered":"<p>Los imputados hab\u00edan sido sobrese\u00eddos, pero luego de un fallo de la C\u00e1mara de Casaci\u00f3n Penal de la Naci\u00f3n se resolvi\u00f3 a que el expediente vuelva a debate con una nueva composici\u00f3n del Tribunal de juzgamiento. La banda habr\u00eda trasladado y explotado al menos a ocho v\u00edctimas en situaci\u00f3n de vulnerabilidad en un prost\u00edbulo ubicado [&hellip;]<\/p>\n","protected":false},"author":1,"featured_media":31875,"comment_status":"closed","ping_status":"closed","sticky":false,"template":"","format":"standard","meta":{"footnotes":""},"categories":[8],"tags":[136],"class_list":["post-31874","post","type-post","status-publish","format-standard","has-post-thumbnail","hentry","category-policiales","tag-destacados"],"_links":{"self":[{"href":"http:\/\/informateesquina.com\/index.php?rest_route=\/wp\/v2\/posts\/31874","targetHints":{"allow":["GET"]}}],"collection":[{"href":"http:\/\/informateesquina.com\/index.php?rest_route=\/wp\/v2\/posts"}],"about":[{"href":"http:\/\/informateesquina.com\/index.php?rest_route=\/wp\/v2\/types\/post"}],"author":[{"embeddable":true,"href":"http:\/\/informateesquina.com\/index.php?rest_route=\/wp\/v2\/users\/1"}],"replies":[{"embeddable":true,"href":"http:\/\/informateesquina.com\/index.php?rest_route=%2Fwp%2Fv2%2Fcomments&post=31874"}],"version-history":[{"count":0,"href":"http:\/\/informateesquina.com\/index.php?rest_route=\/wp\/v2\/posts\/31874\/revisions"}],"wp:featuredmedia":[{"embeddable":true,"href":"http:\/\/informateesquina.com\/index.php?rest_route=\/"}],"wp:attachment":[{"href":"http:\/\/informateesquina.com\/index.php?rest_route=%2Fwp%2Fv2%2Fmedia&parent=31874"}],"wp:term":[{"taxonomy":"category","embeddable":true,"href":"http:\/\/informateesquina.com\/index.php?rest_route=%2Fwp%2Fv2%2Fcategories&post=31874"},{"taxonomy":"post_tag","embeddable":true,"href":"http:\/\/informateesquina.com\/index.php?rest_route=%2Fwp%2Fv2%2Ftags&post=31874"}],"curies":[{"name":"wp","href":"https:\/\/api.w.org\/{rel}","templated":true}]}}