{"id":31877,"date":"2019-09-26T16:31:08","date_gmt":"2019-09-26T19:31:08","guid":{"rendered":"https:\/\/informateesquina.com\/?p=31877"},"modified":"2019-09-26T16:31:08","modified_gmt":"2019-09-26T19:31:08","slug":"los-esteros-del-ibera-triplicaron-sus-visitas","status":"publish","type":"post","link":"http:\/\/informateesquina.com\/?p=31877","title":{"rendered":"Los Esteros del Iber\u00e1 triplicaron sus visitas"},"content":{"rendered":"<p class=\"hzzd-italic\">La Administraci\u00f3n de Parques Nacionales dio a conocer datos que muestran el incremento de turistas que pasaron por el principal atractivo natural de Corrientes.<\/p>\n<p><strong><span class=\"dropcap small square\">M<\/span><\/strong>ediante un informe brindado por la Administraci\u00f3n de Parques Nacionales se pudo ver el incremento de turistas que visitaron el Parque Nacional Iber\u00e1 durante este a\u00f1o.<\/p>\n<p>Teniendo en cuenta los registros de 2017, a\u00f1o de su creaci\u00f3n y donde 2808 turistas tuvieron la suerte de disfrutarlo, se habr\u00eda triplicado ese n\u00famero en lo que va del presente 2019. Es as\u00ed como los registros marcan que durante todo 2018 se recibi\u00f3 a 8754 turistas, mientras que en 2019 ya son 4074 turistas.<\/p>\n<p>FUENTE: DIARIO \u00c9POCA<\/p>\n","protected":false},"excerpt":{"rendered":"<p>La Administraci\u00f3n de Parques Nacionales dio a conocer datos que muestran el incremento de turistas que pasaron por el principal atractivo natural de Corrientes. Mediante un informe brindado por la Administraci\u00f3n de Parques Nacionales se pudo ver el incremento de turistas que visitaron el Parque Nacional Iber\u00e1 durante este a\u00f1o. Teniendo en cuenta los registros [&hellip;]<\/p>\n","protected":false},"author":1,"featured_media":31878,"comment_status":"closed","ping_status":"closed","sticky":false,"template":"","format":"standard","meta":{"footnotes":""},"categories":[10],"tags":[],"class_list":["post-31877","post","type-post","status-publish","format-standard","has-post-thumbnail","hentry","category-provinciales"],"_links":{"self":[{"href":"http:\/\/informateesquina.com\/index.php?rest_route=\/wp\/v2\/posts\/31877","targetHints":{"allow":["GET"]}}],"collection":[{"href":"http:\/\/informateesquina.com\/index.php?rest_route=\/wp\/v2\/posts"}],"about":[{"href":"http:\/\/informateesquina.com\/index.php?rest_route=\/wp\/v2\/types\/post"}],"author":[{"embeddable":true,"href":"http:\/\/informateesquina.com\/index.php?rest_route=\/wp\/v2\/users\/1"}],"replies":[{"embeddable":true,"href":"http:\/\/informateesquina.com\/index.php?rest_route=%2Fwp%2Fv2%2Fcomments&post=31877"}],"version-history":[{"count":0,"href":"http:\/\/informateesquina.com\/index.php?rest_route=\/wp\/v2\/posts\/31877\/revisions"}],"wp:featuredmedia":[{"embeddable":true,"href":"http:\/\/informateesquina.com\/index.php?rest_route=\/"}],"wp:attachment":[{"href":"http:\/\/informateesquina.com\/index.php?rest_route=%2Fwp%2Fv2%2Fmedia&parent=31877"}],"wp:term":[{"taxonomy":"category","embeddable":true,"href":"http:\/\/informateesquina.com\/index.php?rest_route=%2Fwp%2Fv2%2Fcategories&post=31877"},{"taxonomy":"post_tag","embeddable":true,"href":"http:\/\/informateesquina.com\/index.php?rest_route=%2Fwp%2Fv2%2Ftags&post=31877"}],"curies":[{"name":"wp","href":"https:\/\/api.w.org\/{rel}","templated":true}]}}