{"id":31883,"date":"2019-09-26T16:38:06","date_gmt":"2019-09-26T19:38:06","guid":{"rendered":"https:\/\/informateesquina.com\/?p=31883"},"modified":"2019-09-26T16:38:06","modified_gmt":"2019-09-26T19:38:06","slug":"murio-el-expresidente-frances-jacques-chirac","status":"publish","type":"post","link":"http:\/\/informateesquina.com\/?p=31883","title":{"rendered":"Muri\u00f3 el expresidente franc\u00e9s Jacques Chirac"},"content":{"rendered":"<p class=\"hzzd-italic\">El expresidente, exprimer ministro de Francia y exalcalde de Par\u00eds, falleci\u00f3 este jueves a los 86 a\u00f1os. Jacques Chirac tuvo una larga carrera pol\u00edtica de m\u00e1s de cuarenta a\u00f1os.<\/p>\n<div class=\"clearfix\"><\/div>\n<div class=\"share-post\">\n<div id=\"fb-root\" class=\" fb_reset\">\n<div>\n<p><strong><span class=\"dropcap small square\">J<\/span><\/strong>acques Chirac, quien gobern\u00f3 Francia entre 1995 y el 2007, falleci\u00f3 este jueves a sus 86 a\u00f1os, seg\u00fan inform\u00f3 su familia. La salud del expresidente franc\u00e9s se hab\u00eda deteriorado desde su salida del El\u00edseo, a causa sobre todo de un accidente vascular cerebral que sufri\u00f3 en 2005, durante su segundo mandato.<\/p>\n<p>Chirac fue presidente de la Rep\u00fablica francesa entre 1995 y 2007, en una \u00e9poca en la que Francia vivi\u00f3 el paso del franco franc\u00e9s al euro, y los desaf\u00edos del nuevo orden mundial tras la ca\u00edda del muro de Berl\u00edn.<\/p>\n<\/div>\n<\/div>\n<\/div>\n","protected":false},"excerpt":{"rendered":"<p>El expresidente, exprimer ministro de Francia y exalcalde de Par\u00eds, falleci\u00f3 este jueves a los 86 a\u00f1os. Jacques Chirac tuvo una larga carrera pol\u00edtica de m\u00e1s de cuarenta a\u00f1os. Jacques Chirac, quien gobern\u00f3 Francia entre 1995 y el 2007, falleci\u00f3 este jueves a sus 86 a\u00f1os, seg\u00fan inform\u00f3 su familia. La salud del expresidente franc\u00e9s [&hellip;]<\/p>\n","protected":false},"author":1,"featured_media":31884,"comment_status":"closed","ping_status":"closed","sticky":false,"template":"","format":"standard","meta":{"footnotes":""},"categories":[5],"tags":[],"class_list":["post-31883","post","type-post","status-publish","format-standard","has-post-thumbnail","hentry","category-internacionales"],"_links":{"self":[{"href":"http:\/\/informateesquina.com\/index.php?rest_route=\/wp\/v2\/posts\/31883","targetHints":{"allow":["GET"]}}],"collection":[{"href":"http:\/\/informateesquina.com\/index.php?rest_route=\/wp\/v2\/posts"}],"about":[{"href":"http:\/\/informateesquina.com\/index.php?rest_route=\/wp\/v2\/types\/post"}],"author":[{"embeddable":true,"href":"http:\/\/informateesquina.com\/index.php?rest_route=\/wp\/v2\/users\/1"}],"replies":[{"embeddable":true,"href":"http:\/\/informateesquina.com\/index.php?rest_route=%2Fwp%2Fv2%2Fcomments&post=31883"}],"version-history":[{"count":0,"href":"http:\/\/informateesquina.com\/index.php?rest_route=\/wp\/v2\/posts\/31883\/revisions"}],"wp:featuredmedia":[{"embeddable":true,"href":"http:\/\/informateesquina.com\/index.php?rest_route=\/"}],"wp:attachment":[{"href":"http:\/\/informateesquina.com\/index.php?rest_route=%2Fwp%2Fv2%2Fmedia&parent=31883"}],"wp:term":[{"taxonomy":"category","embeddable":true,"href":"http:\/\/informateesquina.com\/index.php?rest_route=%2Fwp%2Fv2%2Fcategories&post=31883"},{"taxonomy":"post_tag","embeddable":true,"href":"http:\/\/informateesquina.com\/index.php?rest_route=%2Fwp%2Fv2%2Ftags&post=31883"}],"curies":[{"name":"wp","href":"https:\/\/api.w.org\/{rel}","templated":true}]}}