{"id":31886,"date":"2019-09-26T16:42:45","date_gmt":"2019-09-26T19:42:45","guid":{"rendered":"https:\/\/informateesquina.com\/?p=31886"},"modified":"2019-09-26T16:42:45","modified_gmt":"2019-09-26T19:42:45","slug":"capital-12-anos-de-prision-al-hombre-que-golpeo-acuchillo-y-quiso-asfixiar-a-su-ex","status":"publish","type":"post","link":"http:\/\/informateesquina.com\/?p=31886","title":{"rendered":"Capital: 12 a\u00f1os de prisi\u00f3n al hombre que golpe\u00f3, acuchill\u00f3 y quiso asfixiar a su ex"},"content":{"rendered":"<p class=\"copete\">Finalmente, fue condenado Jorge Horacio Jaureguiberry, quien estuvo pr\u00f3fugo por m\u00e1s de cuatro a\u00f1os, hasta que lo atraparon en Paraguay. El hombre, de 29 a\u00f1os, hab\u00eda cometido el tremendo intento de femicidio, del cual la v\u00edctima logr\u00f3 sobrevivir de milagro.<\/p>\n<div class=\"cuerpo\">\n<p>En 2014, Jor\u00adge Ho\u00adra\u00adcio Jau\u00adre\u00adgui\u00adberry por po\u00adco ase\u00adsi\u00adn\u00f3 a su ex\u00adpa\u00adre\u00adja en un tre\u00admen\u00addo ca\u00adso de vio\u00adlen\u00adcia de g\u00e9\u00adne\u00adro que, a pe\u00adsar de su gra\u00adve\u00addad, tu\u00advo pri\u00adme\u00adro un tra\u00adta\u00admien\u00adto muy le\u00adve por par\u00adte de la Jus\u00adti\u00adcia co\u00adrren\u00adti\u00adna, lo que le per\u00admi\u00adti\u00f3 al su\u00adje\u00adto huir de la pro\u00advin\u00adcia y es\u00adtar pr\u00f3\u00adfu\u00adgo por va\u00adrios a\u00f1os, sien\u00addo atra\u00adpa\u00addo fi\u00adnal\u00admen\u00adte en Pa\u00adra\u00adguay. A pe\u00adsar de es\u00adto, la his\u00adto\u00adria tu\u00advo un fi\u00adnal po\u00adsi\u00adti\u00advo, ya que el su\u00adje\u00adto fue con\u00adde\u00adna\u00addo ayer a 12 a\u00f1os de pri\u00adsi\u00f3n, por el tre\u00admen\u00addo in\u00adten\u00adto de fe\u00admi\u00adci\u00addio, del cual la mu\u00adjer v\u00edc\u00adti\u00adma so\u00adbre\u00advi\u00advi\u00f3 de mi\u00adla\u00adgro.<\/p>\n<p>Es as\u00ed que el su\u00adje\u00adto fue sen\u00adten\u00adcia\u00addo a la c\u00e1r\u00adcel por el \u201cho\u00admi\u00adci\u00addio agra\u00adva\u00addo por el v\u00edn\u00adcu\u00adlo y por ha\u00adber si\u00addo co\u00adme\u00adti\u00addo con\u00adtra una mu\u00adjer, me\u00addian\u00addo vio\u00adlen\u00adcia de g\u00e9\u00adne\u00adro\u201d. Asi\u00admis\u00admo, se de\u00adfi\u00adni\u00f3 que por los tre\u00admen\u00addos da\u00ad\u00f1os mo\u00adra\u00adles y de\u00adm\u00e1s per\u00adjui\u00adcios, el su\u00adje\u00adto de\u00adbe\u00adr\u00e1 pa\u00adgar una in\u00addem\u00adni\u00adza\u00adci\u00f3n de 300 mil pe\u00adsos.<\/p>\n<p>El he\u00adcho en cues\u00adti\u00f3n ocu\u00adrri\u00f3 du\u00adran\u00adte el 28 de mar\u00adzo de 2014, aun\u00adque co\u00admo an\u00adte\u00adsa\u00adla, hu\u00adbo seis a\u00f1os en los que la dam\u00adni\u00adfi\u00adca\u00adda fue v\u00edc\u00adti\u00adma de ce\u00adlos, en una re\u00adla\u00adci\u00f3n su\u00adma\u00admen\u00adte en\u00adfer\u00admi\u00adza.<\/p>\n<p>\u201cU\u00adna vez que de\u00adci\u00add\u00ed ha\u00adcer un cor\u00adte de\u00adfi\u00adni\u00adti\u00advo a la re\u00adla\u00adci\u00f3n, co\u00admen\u00adc\u00e9 a ser aco\u00adsa\u00adda\u201d, di\u00adjo en su mo\u00admen\u00adto la v\u00edc\u00adti\u00adma, quien fue en\u00adtre\u00advis\u00adta\u00adda por la pren\u00adsa en va\u00adrias opor\u00adtu\u00adni\u00adda\u00addes, cuan\u00addo el su\u00adje\u00adto es\u00adtu\u00advo pr\u00f3\u00adfu\u00adgo.<\/p>\n<p>Se\u00adg\u00fan cons\u00adta en el ex\u00adpe\u00addien\u00adte, du\u00adran\u00adte la no\u00adche del 28 de mar\u00adzo, la mu\u00adjer ac\u00adce\u00addi\u00f3 a ha\u00adblar con Jau\u00adre\u00adgui\u00adberry, con la in\u00adten\u00adci\u00f3n de que la re\u00adla\u00adci\u00f3n ter\u00admi\u00adne en bue\u00adnos t\u00e9r\u00admi\u00adnos.<\/p>\n<p>\u201cUn d\u00ed\u00ada, nos en\u00adcon\u00adtra\u00admos en una fies\u00adta y \u00e9l me pi\u00addi\u00f3 pa\u00adra ha\u00adblar, por\u00adque de\u00adc\u00eda que es\u00adta\u00adba muy mal. En esa char\u00adla, fui bru\u00adtal\u00admen\u00adte ata\u00adca\u00adda. Me gol\u00adpe\u00f3 por to\u00addo el cuer\u00adpo y me apu\u00ad\u00f1a\u00adl\u00f3. Es\u00adtu\u00adve va\u00adrios d\u00ed\u00adas in\u00adter\u00adna\u00adda, en gra\u00adve es\u00adta\u00addo, pe\u00adro pu\u00adde sa\u00adlir de eso\u201d, in\u00addi\u00adc\u00f3 la mu\u00adjer en las men\u00adcio\u00adna\u00addas en\u00adtre\u00advis\u00adtas.<\/p>\n<p>El ata\u00adque se pro\u00addu\u00adjo en mo\u00admen\u00adtos en los que am\u00adbos es\u00adta\u00adban so\u00adlos en una vi\u00advien\u00adda. Se\u00adg\u00fan cons\u00adta en el ex\u00adpe\u00addien\u00adte, el su\u00adje\u00adto es\u00adpe\u00adr\u00f3 a que su ex\u00adpa\u00adre\u00adja in\u00adgre\u00adse al in\u00admue\u00adble, tras lo cual en un mo\u00admen\u00adto da\u00addo, co\u00admen\u00adz\u00f3 a gol\u00adpe\u00adar\u00adla con los pu\u00ad\u00f1os. Lue\u00adgo, se aba\u00adlan\u00adz\u00f3 so\u00adbre ella y, con sus ma\u00adnos, co\u00admen\u00adz\u00f3 a apre\u00adtar\u00adle el cue\u00adllo pa\u00adra as\u00adfi\u00adxiar\u00adla, tras lo cual aga\u00adrr\u00f3 una al\u00admo\u00adha\u00adda con la que pre\u00adten\u00addi\u00f3 ta\u00adpar\u00adle la na\u00adriz y la bo\u00adca pa\u00adra im\u00adpe\u00addir\u00adle res\u00adpi\u00adrar, pos\u00adte\u00adrior\u00admen\u00adte, Jau\u00adre\u00adgui\u00adberry to\u00adm\u00f3 a la mu\u00adjer de la ca\u00adbe\u00adza y la gol\u00adpe\u00f3 con\u00adtra la pa\u00adred pa\u00adra pro\u00advo\u00adcar que que\u00adde in\u00adcon\u00adcien\u00adte mien\u00adtras bus\u00adca\u00adba un cu\u00adchi\u00adllo de co\u00adci\u00adna, con el cual le cor\u00adt\u00f3 la pier\u00adna iz\u00adquier\u00adda y le pro\u00advo\u00adc\u00f3 una he\u00adri\u00adda pun\u00adzan\u00adte cer\u00adca del ojo iz\u00adquier\u00addo.<\/p>\n<p>No obs\u00adtan\u00adte, la dam\u00adni\u00adfi\u00adca\u00adda lo\u00adgr\u00f3 lle\u00adgar a la puer\u00adta de la ca\u00adlle, abrien\u00addo\u00adla y hu\u00adyen\u00addo co\u00admo pu\u00addo pa\u00adra bus\u00adcar ayu\u00adda.<\/p>\n<p>Al\u00adgu\u00adnos tran\u00adse\u00ad\u00fan\u00adtes que vie\u00adron mal\u00adhe\u00adri\u00adda a la jo\u00adven, la asis\u00adtie\u00adron y lla\u00adma\u00adron a la Po\u00adli\u00adc\u00ed\u00ada. Lue\u00adgo de es\u00adto, el hom\u00adbre fue de\u00adte\u00adni\u00addo y es\u00adtu\u00advo un a\u00f1o ba\u00adjo pri\u00adsi\u00f3n pre\u00adven\u00adti\u00adva. Lo in\u00ads\u00f3\u00adli\u00adto es que, por al\u00adgu\u00adna ra\u00adz\u00f3n, a pe\u00adsar de la gra\u00adve\u00addad de las he\u00adri\u00addas y del ata\u00adque, el ca\u00adso fue ca\u00adra\u00adtu\u00adla\u00addo co\u00admo \u201cle\u00adsio\u00adnes le\u00adves\u201d, lo que de\u00adri\u00adv\u00f3 en una me\u00addi\u00adda de ex\u00adcar\u00adce\u00adla\u00adci\u00f3n con la que fue be\u00adne\u00adfi\u00adcia\u00addo el agre\u00adsor.<\/p>\n<p>Es\u00adto, ob\u00advia\u00admen\u00adte fue ape\u00adla\u00addo por quien re\u00adpre\u00adsen\u00adta\u00adba le\u00adgal\u00admen\u00adte a la mu\u00adjer, tras lo cual la ca\u00adr\u00e1\u00adtu\u00adla cam\u00adbi\u00f3 a in\u00adten\u00adto de fe\u00admi\u00adci\u00addio, por lo que la Jus\u00adti\u00adcia or\u00adde\u00adn\u00f3 nue\u00adva\u00admen\u00adte su de\u00adten\u00adci\u00f3n.<br \/>\nNo obs\u00adtan\u00adte, ya era de\u00adma\u00adsia\u00addo tar\u00adde, ya que el hom\u00adbre se ha\u00adb\u00eda ido de Co\u00adrrien\u00adtes.<\/p>\n<p>Es as\u00ed que, lue\u00adgo de un tiem\u00adpo, y an\u00adte el mie\u00addo de vol\u00adver a ser ata\u00adca\u00adda por su ex\u00adpa\u00adre\u00adja, la mu\u00adjer co\u00admen\u00adz\u00f3 a re\u00adco\u00adrrer dis\u00adtin\u00adtos me\u00addios de co\u00admu\u00adni\u00adca\u00adci\u00f3n, pa\u00adra pe\u00addir que sea de\u00adte\u00adni\u00addo el su\u00adje\u00adto. A la par, se la\u00adbr\u00f3 un pe\u00addi\u00addo de cap\u00adtu\u00adra a ni\u00advel in\u00adter\u00adna\u00adcio\u00adnal.<\/p>\n<p>Es\u00adto, fi\u00adnal\u00admen\u00adte se con\u00adcre\u00adt\u00f3 en ma\u00adyo del a\u00f1o pa\u00adsa\u00addo, cuan\u00addo agen\u00adtes de IN\u00adTER\u00adPOL lo arres\u00adta\u00adron mien\u00adtras se en\u00adcon\u00adtra\u00adba por ave\u00adni\u00adda Ge\u00adne\u00adral San\u00adtos y Te\u00ado\u00addo\u00adro S. Mon\u00adge\u00adl\u00f3s, en Asun\u00adci\u00f3n.<\/p>\n<p>FUENTE: Diario \u00c9poca<\/p>\n<\/div>\n<div align=\"center\"><\/div>\n","protected":false},"excerpt":{"rendered":"<p>Finalmente, fue condenado Jorge Horacio Jaureguiberry, quien estuvo pr\u00f3fugo por m\u00e1s de cuatro a\u00f1os, hasta que lo atraparon en Paraguay. El hombre, de 29 a\u00f1os, hab\u00eda cometido el tremendo intento de femicidio, del cual la v\u00edctima logr\u00f3 sobrevivir de milagro. En 2014, Jor\u00adge Ho\u00adra\u00adcio Jau\u00adre\u00adgui\u00adberry por po\u00adco ase\u00adsi\u00adn\u00f3 a su ex\u00adpa\u00adre\u00adja en un tre\u00admen\u00addo ca\u00adso [&hellip;]<\/p>\n","protected":false},"author":1,"featured_media":31887,"comment_status":"closed","ping_status":"closed","sticky":false,"template":"","format":"standard","meta":{"footnotes":""},"categories":[8],"tags":[],"class_list":["post-31886","post","type-post","status-publish","format-standard","has-post-thumbnail","hentry","category-policiales"],"_links":{"self":[{"href":"http:\/\/informateesquina.com\/index.php?rest_route=\/wp\/v2\/posts\/31886","targetHints":{"allow":["GET"]}}],"collection":[{"href":"http:\/\/informateesquina.com\/index.php?rest_route=\/wp\/v2\/posts"}],"about":[{"href":"http:\/\/informateesquina.com\/index.php?rest_route=\/wp\/v2\/types\/post"}],"author":[{"embeddable":true,"href":"http:\/\/informateesquina.com\/index.php?rest_route=\/wp\/v2\/users\/1"}],"replies":[{"embeddable":true,"href":"http:\/\/informateesquina.com\/index.php?rest_route=%2Fwp%2Fv2%2Fcomments&post=31886"}],"version-history":[{"count":0,"href":"http:\/\/informateesquina.com\/index.php?rest_route=\/wp\/v2\/posts\/31886\/revisions"}],"wp:featuredmedia":[{"embeddable":true,"href":"http:\/\/informateesquina.com\/index.php?rest_route=\/"}],"wp:attachment":[{"href":"http:\/\/informateesquina.com\/index.php?rest_route=%2Fwp%2Fv2%2Fmedia&parent=31886"}],"wp:term":[{"taxonomy":"category","embeddable":true,"href":"http:\/\/informateesquina.com\/index.php?rest_route=%2Fwp%2Fv2%2Fcategories&post=31886"},{"taxonomy":"post_tag","embeddable":true,"href":"http:\/\/informateesquina.com\/index.php?rest_route=%2Fwp%2Fv2%2Ftags&post=31886"}],"curies":[{"name":"wp","href":"https:\/\/api.w.org\/{rel}","templated":true}]}}