{"id":31893,"date":"2019-09-26T17:39:50","date_gmt":"2019-09-26T20:39:50","guid":{"rendered":"https:\/\/informateesquina.com\/?p=31893"},"modified":"2019-09-26T17:39:50","modified_gmt":"2019-09-26T20:39:50","slug":"colombi-se-empresarios-de-diferentes-sectores-en-esquina","status":"publish","type":"post","link":"http:\/\/informateesquina.com\/?p=31893","title":{"rendered":"Colombi se reuni\u00f3 con empresarios de diferentes sectores en Esquina"},"content":{"rendered":"<p>El presidente de la Uni\u00f3n C\u00edvica Radical y\u00a0<em><strong>senador<\/strong><\/em>\u00a0provincial\u00a0<em><strong>Ricardo Colombi<\/strong><\/em>,\u00a0pas\u00f3 por \u00a0Esquina este jueves y se reuni\u00f3 con empresarios de diferentes sectores.<\/p>\n<p>\u201cFueron charlas de lo que estamos viviendo a nivel pa\u00eds, haciendo un an\u00e1lisis de las elecciones que se viene, de cu\u00e1l es el futuro de acuerdo a lo que pensamos, cu\u00e1les son las dificultades que podemos tener de acuerdo al modelo de pa\u00eds que queramos, de lo que se logr\u00f3, de lo que falta y lo que se hizo mal, pero en definitiva este es el \u00fanico camino que tenemos los argentinos para seguir transitando en paz y en armon\u00eda\u201d, expres\u00f3 en contacto con un medio local.<\/p>\n<p><img loading=\"lazy\" decoding=\"async\" class=\"alignnone size-medium wp-image-31897\" src=\"https:\/\/informateesquina.com\/wp-content\/uploads\/2019\/09\/21242daa-923c-4760-841c-f397537fdcad-300x225.jpg\" alt=\"\" width=\"300\" height=\"225\" \/><\/p>\n","protected":false},"excerpt":{"rendered":"<p>El presidente de la Uni\u00f3n C\u00edvica Radical y\u00a0senador\u00a0provincial\u00a0Ricardo Colombi,\u00a0pas\u00f3 por \u00a0Esquina este jueves y se reuni\u00f3 con empresarios de diferentes sectores. \u201cFueron charlas de lo que estamos viviendo a nivel pa\u00eds, haciendo un an\u00e1lisis de las elecciones que se viene, de cu\u00e1l es el futuro de acuerdo a lo que pensamos, cu\u00e1les son las dificultades [&hellip;]<\/p>\n","protected":false},"author":1,"featured_media":31895,"comment_status":"closed","ping_status":"closed","sticky":false,"template":"","format":"gallery","meta":{"footnotes":""},"categories":[9],"tags":[],"class_list":["post-31893","post","type-post","status-publish","format-gallery","has-post-thumbnail","hentry","category-politica","post_format-post-format-gallery"],"_links":{"self":[{"href":"http:\/\/informateesquina.com\/index.php?rest_route=\/wp\/v2\/posts\/31893","targetHints":{"allow":["GET"]}}],"collection":[{"href":"http:\/\/informateesquina.com\/index.php?rest_route=\/wp\/v2\/posts"}],"about":[{"href":"http:\/\/informateesquina.com\/index.php?rest_route=\/wp\/v2\/types\/post"}],"author":[{"embeddable":true,"href":"http:\/\/informateesquina.com\/index.php?rest_route=\/wp\/v2\/users\/1"}],"replies":[{"embeddable":true,"href":"http:\/\/informateesquina.com\/index.php?rest_route=%2Fwp%2Fv2%2Fcomments&post=31893"}],"version-history":[{"count":0,"href":"http:\/\/informateesquina.com\/index.php?rest_route=\/wp\/v2\/posts\/31893\/revisions"}],"wp:featuredmedia":[{"embeddable":true,"href":"http:\/\/informateesquina.com\/index.php?rest_route=\/"}],"wp:attachment":[{"href":"http:\/\/informateesquina.com\/index.php?rest_route=%2Fwp%2Fv2%2Fmedia&parent=31893"}],"wp:term":[{"taxonomy":"category","embeddable":true,"href":"http:\/\/informateesquina.com\/index.php?rest_route=%2Fwp%2Fv2%2Fcategories&post=31893"},{"taxonomy":"post_tag","embeddable":true,"href":"http:\/\/informateesquina.com\/index.php?rest_route=%2Fwp%2Fv2%2Ftags&post=31893"}],"curies":[{"name":"wp","href":"https:\/\/api.w.org\/{rel}","templated":true}]}}