{"id":31901,"date":"2019-09-26T19:00:43","date_gmt":"2019-09-26T22:00:43","guid":{"rendered":"https:\/\/informateesquina.com\/?p=31901"},"modified":"2019-09-26T19:00:43","modified_gmt":"2019-09-26T22:00:43","slug":"instagram-el-modo-oscuro-llegara-pronto-a-la-popular-red-social","status":"publish","type":"post","link":"http:\/\/informateesquina.com\/?p=31901","title":{"rendered":"Instagram: el modo oscuro llegar\u00e1 pronto a la popular red social"},"content":{"rendered":"<div class=\"row pb-content-type-text\">\n<div class=\"col-xs-12 col-print-12\">\n<p class=\"element element-paragraph\">El\u00a0<b>modo oscuro<\/b>\u00a0ha sido una de las principales modas de los \u00faltimos meses en los dispositivos m\u00f3viles. Esto se ha hecho evidente a partir de la llegada de los nuevos sistemas operativos de\u00a0<b>Android y Apple,<\/b>\u00a0por lo que varias aplicaciones no se quieren quedar atr\u00e1s y tambi\u00e9n est\u00e1n integrando est\u00e1 opci\u00f3n a sus plataformas.\u00a0<b>Instagram<\/b>, la popular red social de\u00a0<b>fotograf\u00eda<\/b>, ha comenzado a probar este modo.<\/p>\n<\/div>\n<\/div>\n<div class=\"row pb-content-type-text\">\n<div class=\"col-xs-12 col-print-12\">\n<p class=\"element element-paragraph\">De acuerdo con un reporte del sitio\u00a0<i>9to5google<\/i>, la exitosa app agreg\u00f3 recientemente un nuevo\u00a0<b>soporte oficial<\/b>\u00a0para el\u00a0<b>modo oscuro<\/b>\u00a0en su \u00faltima\u00a0<b>actualizaci\u00f3n beta<\/b>, la cual ha sido lanzada para algunos usuarios. Al inicio, se hab\u00eda cre\u00eddo que la integraci\u00f3n de esta opci\u00f3n \u00fanicamente se encontraba para el sistema operativo\u00a0<b>Android 10<\/b>, pero otros reportes han confirmado que tambi\u00e9n est\u00e1 activo para los tel\u00e9fonos que cuenten con\u00a0<b>Android Pie<\/b>.<\/p>\n<\/div>\n<\/div>\n<div class=\"row pb-content-type-text\">\n<div class=\"col-xs-12 col-print-12\">\n<p class=\"element element-paragraph\">En el caso de\u00a0<b>Android 10<\/b>, es importante mencionar que al cambiar a un tema oscuro a partir del\u00a0<b>bot\u00f3n\u00a0<\/b>que el sistema operativo tiene para esa acci\u00f3n har\u00e1 que el tema tambi\u00e9n se modifique en la aplicaci\u00f3n de\u00a0<b>manera autom\u00e1tica<\/b>. Para los dispositivos que\u00a0<b>no cuenten con esta opci\u00f3n<\/b>, el proceso ser\u00e1 un poco m\u00e1s elaborado.<\/p>\n<\/div>\n<\/div>\n<div class=\"row pb-content-type-text\">\n<div class=\"col-xs-12 col-print-12\">\n<p class=\"element element-paragraph\">El primer paso consiste en ser parte del\u00a0<b>programa beta de Instagram<\/b>\u00a0para obtener la\u00a0<b>\u00faltima actualizaci\u00f3n<\/b>. Si no se recibi\u00f3 una\u00a0<b>invitaci\u00f3n\u00a0<\/b>para obtener las actualizaciones beta de la app ser\u00e1 necesario entrar al siguiente\u00a0<a href=\"https:\/\/play.google.com\/apps\/testing\/com.instagram.android\" target=\"_blank\" rel=\"noopener noreferrer\">enlace<\/a>. El siguiente paso ser\u00e1 instalar el\u00a0<b>archivo APK<\/b>\u00a0de la\u00a0<b>versi\u00f3n 114.0.0.24<\/b>, el cual se puede obtener en este otro\u00a0<a href=\"https:\/\/www.apkmirror.com\/apk\/instagram\/instagram-instagram\/instagram-instagram-114-0-0-0-24-release\/\" target=\"_blank\" rel=\"noopener noreferrer\">enlace<\/a>.<\/p>\n<\/div>\n<\/div>\n<div class=\"row pb-content-type-image\">\n<div id=\"\" class=\"wrapper clearfix pb-feature pb-layout-item pb-f-ads-dfp left-align\">\n<div id=\"inline\" class=\"ad-slot\"><\/div>\n<\/div>\n<figure class=\"element element-image col-xs-12\">\n<div class=\"single-image\">\n<div class=\"shares\">\n<div class=\"share-button facebook\" data-url=\"https:\/\/www.infobae.com\/america\/tecno\/2019\/09\/26\/instagram-el-modo-oscuro-llegara-pronto-a-la-popular-red-social\/%23ESCDQRWKXVCLVMAMACAR2PZ73I\" data-original=\"https:\/\/arc-anglerfish-arc2-prod-infobae.s3.amazonaws.com\/public\/ESCDQRWKXVCLVMAMACAR2PZ73I.jpg\"><\/div>\n<\/div>\n<p><img decoding=\"async\" id=\"ESCDQRWKXVCLVMAMACAR2PZ73I\" class=\"image-lazy\" src=\"https:\/\/www.infobae.com\/new-resizer\/IL8jvgVLo5GIV8ULKTJBiw_AoMA=\/750x0\/filters:quality(100)\/arc-anglerfish-arc2-prod-infobae.s3.amazonaws.com\/public\/ESCDQRWKXVCLVMAMACAR2PZ73I.jpg\" alt=\"Algunos usuarios ya la han podido probar y han encontrado algunos errores como que no es posible ver la barra de estado del tel\u00e9fono. (Foto: Especial)\" width=\"750\" height=\"421.875\" data-url=\"https:\/\/www.infobae.com\/america\/tecno\/2019\/09\/26\/instagram-el-modo-oscuro-llegara-pronto-a-la-popular-red-social\/%23ESCDQRWKXVCLVMAMACAR2PZ73I\" data-original=\"https:\/\/www.infobae.com\/new-resizer\/IL8jvgVLo5GIV8ULKTJBiw_AoMA=\/750x0\/filters:quality(100)\/arc-anglerfish-arc2-prod-infobae.s3.amazonaws.com\/public\/ESCDQRWKXVCLVMAMACAR2PZ73I.jpg\" \/><\/p>\n<\/div><figcaption class=\"\"><span class=\"credit\">Algunos usuarios ya la han podido probar y han encontrado algunos errores como que no es posible ver la barra de estado del tel\u00e9fono. (Foto: Especial)<\/span><\/figcaption><\/figure>\n<\/div>\n<div class=\"row pb-content-type-text\">\n<div class=\"col-xs-12 col-print-12\">\n<p class=\"element element-paragraph\">Las\u00a0<b>nuevas caracter\u00edsticas<\/b>\u00a0de la aplicaci\u00f3n presentan una interfaz totalmente negra, aunque con\u00a0<b>vivos blancos<\/b>\u00a0para tener mayor\u00a0<b>contraste\u00a0<\/b>de las opciones y de los logotipos para acceder a cada una de las funciones. Adem\u00e1s, esta nueva forma de ver la app tambi\u00e9n se aplica a las diferentes\u00a0<b>p\u00e1ginas de mensajes directos e incluso a IGTV.<\/b><\/p>\n<\/div>\n<\/div>\n<div class=\"row pb-content-type-text\">\n<div class=\"col-xs-12 col-print-12\">\n<p class=\"element element-paragraph\">Si bien se trata de una\u00a0<b>versi\u00f3n preliminar<\/b>, los especialistas han rese\u00f1ado que se trata deun modo oscuro \u201cbastante pulido\u201d; sin embargo,\u00a0<b>todav\u00eda tiene errores<\/b>, uno de ellos es que\u00a0<b>oculta la barra de estado del dispositivo<\/b>, por lo que no es posible observar el\u00a0<b>tiempo, la bater\u00eda<\/b>\u00a0y varios iconos de notificaci\u00f3n esenciales hasta salir de la app.<\/p>\n<\/div>\n<\/div>\n<div class=\"row pb-content-type-text\">\n<div class=\"col-xs-12 col-print-12\">\n<p class=\"element element-paragraph\">Esta es una m\u00e1s de las aplicaciones de uso diario que se est\u00e1n integrando a la tendencia del\u00a0<b>modo oscuro<\/b>. Otro ejemplo de ello es\u00a0<b>Gmail<\/b>, la cual hace unos d\u00edas present\u00f3 de manera oficial esta opci\u00f3n para los dispositivos m\u00f3viles de las personas que utilicen\u00a0<b>Android\u00a0<\/b>o el sistema operativo de\u00a0<b>Apple<\/b>.<\/p>\n<\/div>\n<\/div>\n<div class=\"row pb-content-type-text\">\n<div class=\"col-xs-12 col-print-12\">\n<p class=\"element element-paragraph\">En el caso del sistema de\u00a0<b>Google<\/b>, la habilitaci\u00f3n de este tema se dar\u00e1 a partir de la versi\u00f3n\u00a0<b>10 de Android<\/b>, pero para\u00a0<b>Apple<\/b>, la nueva interfaz puede utilizarse a partir de las\u00a0<b>versiones 11 y 12<\/b>, lo cual resulta conveniente si se toma en cuenta que muchos dispositivos ya\u00a0<b>no se pudieron actualizar<\/b>.<\/p>\n<\/div>\n<\/div>\n<div class=\"row pb-content-type-image\">\n<figure class=\"element element-image col-xs-12\">\n<div class=\"single-image\">\n<div class=\"shares\">\n<div class=\"share-button facebook\" data-url=\"https:\/\/www.infobae.com\/america\/tecno\/2019\/09\/26\/instagram-el-modo-oscuro-llegara-pronto-a-la-popular-red-social\/%235QJRON5H2ZDQRP3SBNBJJV3B5U\" data-original=\"https:\/\/arc-anglerfish-arc2-prod-infobae.s3.amazonaws.com\/public\/5QJRON5H2ZDQRP3SBNBJJV3B5U.jpg\"><\/div>\n<\/div>\n<p><img decoding=\"async\" id=\"5QJRON5H2ZDQRP3SBNBJJV3B5U\" class=\"image-lazy\" src=\"https:\/\/www.infobae.com\/new-resizer\/1uxykMrBQtCkKTgy_ke5CkI0fPo=\/750x0\/filters:quality(100)\/arc-anglerfish-arc2-prod-infobae.s3.amazonaws.com\/public\/5QJRON5H2ZDQRP3SBNBJJV3B5U.jpg\" alt=\"El modo oscuro en Instagram dar\u00e1 un aspecto m\u00e1s elegante y ayudar\u00e1 a ahorrar bater\u00eda. (Foto: Pixabay)\" width=\"750\" height=\"421.875\" data-url=\"https:\/\/www.infobae.com\/america\/tecno\/2019\/09\/26\/instagram-el-modo-oscuro-llegara-pronto-a-la-popular-red-social\/%235QJRON5H2ZDQRP3SBNBJJV3B5U\" data-original=\"https:\/\/www.infobae.com\/new-resizer\/1uxykMrBQtCkKTgy_ke5CkI0fPo=\/750x0\/filters:quality(100)\/arc-anglerfish-arc2-prod-infobae.s3.amazonaws.com\/public\/5QJRON5H2ZDQRP3SBNBJJV3B5U.jpg\" \/><\/p>\n<\/div><figcaption class=\"\"><span class=\"credit\">El modo oscuro en Instagram dar\u00e1 un aspecto m\u00e1s elegante y ayudar\u00e1 a ahorrar bater\u00eda. (Foto: Pixabay)<\/span><\/figcaption><\/figure>\n<\/div>\n<div class=\"row pb-content-type-text\">\n<div class=\"col-xs-12 col-print-12\">\n<p class=\"element element-paragraph\">Las interfaces oscuras se han convertido una\u00a0<b>constante\u00a0<\/b>en el panorama de los fabricantes de dispositivos m\u00f3viles y es que adem\u00e1s de tener un\u00a0<b>aspecto sumamente elegante<\/b>, tambi\u00e9n representa otros\u00a0<b>beneficios\u00a0<\/b>importantes para los usuarios que prefieren hacer uso de \u00e9l.<\/p>\n<\/div>\n<\/div>\n<div class=\"row pb-content-type-text\">\n<div class=\"col-xs-12 col-print-12\">\n<p class=\"element element-paragraph\">Uno de los m\u00e1s relevantes es el\u00a0<b>ahorro de la bater\u00eda<\/b>, pues este tipo de temas requieren menos energ\u00eda. Por ejemplo,\u00a0<b>YouTube\u00a0<\/b>asegura que al usar su modo oscuro se puede ahorrar entre el\u00a0<b>15 y el 60% de la bater\u00eda<\/b>, aunque tambi\u00e9n depende del brillo. Adem\u00e1s, esta ganancia se nota m\u00e1s si el dispositivo cuenta con una\u00a0<b>pantalla OLED<\/b>, pues estas\u00a0<b>consumen menos cuando la interfaz se oscurece<\/b>.<\/p>\n<\/div>\n<\/div>\n<div class=\"row pb-content-type-text\">\n<div class=\"col-xs-12 col-print-12\">\n<p class=\"element element-paragraph\">Tambi\u00e9n para la\u00a0<b>vista\u00a0<\/b>de las personas representa una ayuda, ya que, seg\u00fan las propias empresas fabricantes,\u00a0<b>causa menos desgaste<\/b>. Si bien no hay estudios que confirmen eso, es importante mencionar que este tipo de interfaces son convenientes en\u00a0<b>entornos oscuros<\/b>\u00a0en donde no se quiere molestar con el\u00a0<b>deslumbrante destello de la pantalla blanca<\/b>.<\/p>\n<\/div>\n<\/div>\n","protected":false},"excerpt":{"rendered":"<p>El\u00a0modo oscuro\u00a0ha sido una de las principales modas de los \u00faltimos meses en los dispositivos m\u00f3viles. Esto se ha hecho evidente a partir de la llegada de los nuevos sistemas operativos de\u00a0Android y Apple,\u00a0por lo que varias aplicaciones no se quieren quedar atr\u00e1s y tambi\u00e9n est\u00e1n integrando est\u00e1 opci\u00f3n a sus plataformas.\u00a0Instagram, la popular red [&hellip;]<\/p>\n","protected":false},"author":1,"featured_media":31902,"comment_status":"closed","ping_status":"closed","sticky":false,"template":"","format":"standard","meta":{"footnotes":""},"categories":[7],"tags":[],"class_list":["post-31901","post","type-post","status-publish","format-standard","has-post-thumbnail","hentry","category-nacionales"],"_links":{"self":[{"href":"http:\/\/informateesquina.com\/index.php?rest_route=\/wp\/v2\/posts\/31901","targetHints":{"allow":["GET"]}}],"collection":[{"href":"http:\/\/informateesquina.com\/index.php?rest_route=\/wp\/v2\/posts"}],"about":[{"href":"http:\/\/informateesquina.com\/index.php?rest_route=\/wp\/v2\/types\/post"}],"author":[{"embeddable":true,"href":"http:\/\/informateesquina.com\/index.php?rest_route=\/wp\/v2\/users\/1"}],"replies":[{"embeddable":true,"href":"http:\/\/informateesquina.com\/index.php?rest_route=%2Fwp%2Fv2%2Fcomments&post=31901"}],"version-history":[{"count":0,"href":"http:\/\/informateesquina.com\/index.php?rest_route=\/wp\/v2\/posts\/31901\/revisions"}],"wp:featuredmedia":[{"embeddable":true,"href":"http:\/\/informateesquina.com\/index.php?rest_route=\/"}],"wp:attachment":[{"href":"http:\/\/informateesquina.com\/index.php?rest_route=%2Fwp%2Fv2%2Fmedia&parent=31901"}],"wp:term":[{"taxonomy":"category","embeddable":true,"href":"http:\/\/informateesquina.com\/index.php?rest_route=%2Fwp%2Fv2%2Fcategories&post=31901"},{"taxonomy":"post_tag","embeddable":true,"href":"http:\/\/informateesquina.com\/index.php?rest_route=%2Fwp%2Fv2%2Ftags&post=31901"}],"curies":[{"name":"wp","href":"https:\/\/api.w.org\/{rel}","templated":true}]}}