{"id":31905,"date":"2019-09-26T19:05:22","date_gmt":"2019-09-26T22:05:22","guid":{"rendered":"https:\/\/informateesquina.com\/?p=31905"},"modified":"2019-09-26T19:05:22","modified_gmt":"2019-09-26T22:05:22","slug":"jimena-baron-indiganada-no-esta-bien-que-a-mi-me-presenten-como-a-un-cul","status":"publish","type":"post","link":"http:\/\/informateesquina.com\/?p=31905","title":{"rendered":"Jimena Bar\u00f3n indiganada: &#8220;No est\u00e1 bien que a m\u00ed me presenten c\u00f3mo a un cul&#8230;&#8221;"},"content":{"rendered":"<p class=\"copete\">Despu\u00e9s de que se viralizara, la artista sali\u00f3 a hablar y critic\u00f3 duramente a la presentaci\u00f3n machista que recibi\u00f3 en su show en Villa Carlos Paz.<\/p>\n<div class=\"cuerpo\">\n<p>El s\u00e1bado en C\u00f3rdoba a ra\u00edz de la presentaci\u00f3n de\u00a0Jimena Bar\u00f3n\u00a0en la ciudad de\u00a0Villa Carlos Paz\u00a0se gener\u00f3 una pol\u00e9mica. La artista que form\u00f3 parte del\u00a0Festival de Primavera, qued\u00f3 envuelta en un esc\u00e1ndalo con\u00a0la presentaci\u00f3n que realiz\u00f3 el cordob\u00e9s Andr\u00e9s Manzur\u00a0sobre su show.<\/p>\n<div id=\"embeds\" class=\"inser center-block\"><iframe id=\"instagram-embed-0\" class=\"instagram-media instagram-media-rendered\" src=\"https:\/\/www.instagram.com\/p\/B1MMer1ALTv\/embed\/captioned\/?cr=1&amp;v=12&amp;wp=382&amp;rd=https%3A%2F%2Fwww.radiosudamericana.com&amp;rp=%2Fnota%2F218860_no_est%25C3%25A1_bien_que_a_m%25C3%25AD_me_presenten_c%25C3%25B3mo_a_un_cul.htm#%7B%22ci%22%3A0%2C%22os%22%3A1455.5550000004587%7D\" height=\"769\" frameborder=\"0\" scrolling=\"no\" allowfullscreen=\"allowfullscreen\" data-instgrm-payload-id=\"instagram-media-payload-0\" data-mce-fragment=\"1\"><\/iframe><\/div>\n<div id=\"embeds\" class=\"inser center-block\"><iframe id=\"instagram-embed-1\" class=\"instagram-media instagram-media-rendered\" src=\"https:\/\/www.instagram.com\/p\/B2EjsXXAau8\/embed\/captioned\/?cr=1&amp;v=12&amp;wp=382&amp;rd=https%3A%2F%2Fwww.radiosudamericana.com&amp;rp=%2Fnota%2F218860_no_est%25C3%25A1_bien_que_a_m%25C3%25AD_me_presenten_c%25C3%25B3mo_a_un_cul.htm#%7B%22ci%22%3A1%2C%22os%22%3A1459.515000002284%7D\" height=\"648\" frameborder=\"0\" scrolling=\"no\" allowfullscreen=\"allowfullscreen\" data-instgrm-payload-id=\"instagram-media-payload-1\" data-mce-fragment=\"1\"><\/iframe><\/div>\n<p>El presentador cordob\u00e9s fue se\u00f1alado y criticado en las redes sociales por su comentario machista al anunciar el show de la cantante.\u00a0&#8220;\u00bfQui\u00e9n quiere ver el culo de Jimena Bar\u00f3n? Ella lo va a mostrar sin ning\u00fan problema te lo digo. Ella hace alarde&#8230;&#8221;. Inmediatamente su compa\u00f1ero en el escenario le remarc\u00f3:\u00a0&#8220;\u00bfYo escuch\u00e9 mal?&#8221;.<\/p>\n<p>Luego, el presentador cordob\u00e9s continu\u00f3:\u00a0&#8220;Vos fijate cuando cant\u00e9 un tema que se da vuelta enseguida y la gente va a delirar&#8221;.<\/p>\n<p>Tras el revuelo medi\u00e1tico y la difusi\u00f3n que se gener\u00f3 en las redes sociales por el video que comenz\u00f3 a circular,\u00a0Jimena Bar\u00f3n decidi\u00f3 salir a hablar a trav\u00e9s de su cuenta de Instagram.<\/p>\n<div id=\"embeds\" class=\"inser center-block\"><iframe id=\"instagram-embed-2\" class=\"instagram-media instagram-media-rendered\" src=\"https:\/\/www.instagram.com\/p\/B084nOogTUH\/embed\/captioned\/?cr=1&amp;v=12&amp;wp=382&amp;rd=https%3A%2F%2Fwww.radiosudamericana.com&amp;rp=%2Fnota%2F218860_no_est%25C3%25A1_bien_que_a_m%25C3%25AD_me_presenten_c%25C3%25B3mo_a_un_cul.htm#%7B%22ci%22%3A2%2C%22os%22%3A1464.4049999988056%7D\" height=\"859\" frameborder=\"0\" scrolling=\"no\" allowfullscreen=\"allowfullscreen\" data-instgrm-payload-id=\"instagram-media-payload-2\" data-mce-fragment=\"1\"><\/iframe><\/div>\n<p>La artista realiz\u00f3 un vivo para hablar con sus fan\u00e1ticos y\u00a0firme a su postura repudi\u00f3 la situaci\u00f3n y las palabras del presentador Andr\u00e9s Manzur.\u00a0&#8220;Hay un conductor de una radio que me present\u00f3 de una manera muy machista. No est\u00e1 bien que a m\u00ed me presenten c\u00f3mo a un culo&#8221;, expres\u00f3.<\/p>\n<div id=\"embeds\" class=\"inser center-block\"><iframe id=\"instagram-embed-3\" class=\"instagram-media instagram-media-rendered\" src=\"https:\/\/www.instagram.com\/p\/B1l2DgBAtny\/embed\/captioned\/?cr=1&amp;v=12&amp;wp=382&amp;rd=https%3A%2F%2Fwww.radiosudamericana.com&amp;rp=%2Fnota%2F218860_no_est%25C3%25A1_bien_que_a_m%25C3%25AD_me_presenten_c%25C3%25B3mo_a_un_cul.htm#%7B%22ci%22%3A3%2C%22os%22%3A2481.660000004922%7D\" height=\"769\" frameborder=\"0\" scrolling=\"no\" allowfullscreen=\"allowfullscreen\" data-instgrm-payload-id=\"instagram-media-payload-3\" data-mce-fragment=\"1\"><\/iframe><\/div>\n<p>&#8220;No est\u00e1 bien que el arengue hacia el p\u00fablico sea si tienen ganas de verme el ojete o no. Si presentan culos que presenten los culos de todos, de los chicos que tocaron despu\u00e9s tambi\u00e9n, y los de antes tambi\u00e9n&#8221;, remarc\u00f3 desafiante.<\/p>\n<p><a class=\"fotos-desarrollo unlink\" title=\"No est\u00e1 bien que a m\u00ed me presenten c\u00f3mo a un cul...\" href=\"https:\/\/www.radiosudamericana.com\/notix\/multimedia\/imagenes\/fotos\/2019-09-26\/779561.jpg\"><img decoding=\"async\" class=\"img-responsive\" src=\"https:\/\/www.radiosudamericana.com\/notix\/multimedia\/imagenes\/fotos\/2019-09-26\/779561.jpg\" \/><\/a><\/p>\n<p>Luego, contundente, no solo respondi\u00f3 la presentaci\u00f3n, sino que dej\u00f3 un claro mensaje sobre la libertad de la exposici\u00f3n de los cuerpos.<\/p>\n<p>&#8220;Me sorprende estar en el 2019 y que sea un tema el culo de una mina. Mostrar una personalidad sexy, y sexual si se quiere. Me aburre, me parece un tema antiguo.\u00a0Es una libertad f\u00edsica, es un baile, un vestuario, una personalidad, y es algo m\u00edo en todo caso. A respetar porque es mi cuerpo&#8221;, concluy\u00f3 firme.<\/p>\n<\/div>\n<div id=\"embeds\" class=\"center-block\"><iframe id=\"instagram-embed-4\" class=\"instagram-media instagram-media-rendered\" src=\"https:\/\/www.instagram.com\/p\/B2Rl2mcgt7n\/embed\/captioned\/?cr=1&amp;v=12&amp;wp=382&amp;rd=https%3A%2F%2Fwww.radiosudamericana.com&amp;rp=%2Fnota%2F218860_no_est%25C3%25A1_bien_que_a_m%25C3%25AD_me_presenten_c%25C3%25B3mo_a_un_cul.htm#%7B%22ci%22%3A4%2C%22os%22%3A2539.425000002666%7D\" height=\"787\" frameborder=\"0\" scrolling=\"no\" allowfullscreen=\"allowfullscreen\" data-instgrm-payload-id=\"instagram-media-payload-4\" data-mce-fragment=\"1\"><\/iframe><\/div>\n","protected":false},"excerpt":{"rendered":"<p>Despu\u00e9s de que se viralizara, la artista sali\u00f3 a hablar y critic\u00f3 duramente a la presentaci\u00f3n machista que recibi\u00f3 en su show en Villa Carlos Paz. El s\u00e1bado en C\u00f3rdoba a ra\u00edz de la presentaci\u00f3n de\u00a0Jimena Bar\u00f3n\u00a0en la ciudad de\u00a0Villa Carlos Paz\u00a0se gener\u00f3 una pol\u00e9mica. La artista que form\u00f3 parte del\u00a0Festival de Primavera, qued\u00f3 envuelta [&hellip;]<\/p>\n","protected":false},"author":1,"featured_media":31906,"comment_status":"closed","ping_status":"closed","sticky":false,"template":"","format":"standard","meta":{"footnotes":""},"categories":[4],"tags":[],"class_list":["post-31905","post","type-post","status-publish","format-standard","has-post-thumbnail","hentry","category-espectaculos"],"_links":{"self":[{"href":"http:\/\/informateesquina.com\/index.php?rest_route=\/wp\/v2\/posts\/31905","targetHints":{"allow":["GET"]}}],"collection":[{"href":"http:\/\/informateesquina.com\/index.php?rest_route=\/wp\/v2\/posts"}],"about":[{"href":"http:\/\/informateesquina.com\/index.php?rest_route=\/wp\/v2\/types\/post"}],"author":[{"embeddable":true,"href":"http:\/\/informateesquina.com\/index.php?rest_route=\/wp\/v2\/users\/1"}],"replies":[{"embeddable":true,"href":"http:\/\/informateesquina.com\/index.php?rest_route=%2Fwp%2Fv2%2Fcomments&post=31905"}],"version-history":[{"count":0,"href":"http:\/\/informateesquina.com\/index.php?rest_route=\/wp\/v2\/posts\/31905\/revisions"}],"wp:featuredmedia":[{"embeddable":true,"href":"http:\/\/informateesquina.com\/index.php?rest_route=\/"}],"wp:attachment":[{"href":"http:\/\/informateesquina.com\/index.php?rest_route=%2Fwp%2Fv2%2Fmedia&parent=31905"}],"wp:term":[{"taxonomy":"category","embeddable":true,"href":"http:\/\/informateesquina.com\/index.php?rest_route=%2Fwp%2Fv2%2Fcategories&post=31905"},{"taxonomy":"post_tag","embeddable":true,"href":"http:\/\/informateesquina.com\/index.php?rest_route=%2Fwp%2Fv2%2Ftags&post=31905"}],"curies":[{"name":"wp","href":"https:\/\/api.w.org\/{rel}","templated":true}]}}