{"id":31908,"date":"2019-09-26T19:12:50","date_gmt":"2019-09-26T22:12:50","guid":{"rendered":"https:\/\/informateesquina.com\/?p=31908"},"modified":"2019-09-26T19:12:50","modified_gmt":"2019-09-26T22:12:50","slug":"espana-nena-de-13-anos-dio-a-luz-y-el-padre-del-bebe-un-chico-de-16-lo-tiro-al-rio","status":"publish","type":"post","link":"http:\/\/informateesquina.com\/?p=31908","title":{"rendered":"Espa\u00f1a: Nena de 13 a\u00f1os dio a luz y el padre del beb\u00e9, un chico de 16, lo tir\u00f3 al r\u00edo"},"content":{"rendered":"<p class=\"copete\" style=\"text-align: center;\"><em><strong>Ocurri\u00f3 en Barcelona. El joven confes\u00f3 y asegur\u00f3 que no quer\u00edan tener un hijo.<\/strong><\/em><\/p>\n<p>Un embarazo adolescente en Barcelona termin\u00f3 en una tragedia inimaginada. La pareja de novios, una nena de 13 a\u00f1os y un chico de 16, acord\u00f3 deshacerse del hijo apenas naciera. As\u00ed lo hicieron: tras el parto, el padre del beb\u00e9 lo arroj\u00f3 a un r\u00edo.<\/p>\n<p>Para dar a luz, alquilaron una habitaci\u00f3n en un hostal. El lunes, el peque\u00f1o naci\u00f3 all\u00ed, sin asistencia de ning\u00fan tipo. Un d\u00eda despu\u00e9s, salieron del lugar, compraron hamburguesas y la nena regres\u00f3 a casa de su familia.<\/p>\n<p>Seg\u00fan recogi\u00f3 20 Minutos, el chico, por su parte, llev\u00f3 el cuerpo del beb\u00e9 a la orilla del r\u00edo Bes\u00f2s para enterrarlo. Sin embargo, unos vecinos se dieron cuenta de lo que pasaba y, aterrado, prefiri\u00f3 tirarlo al agua. No se sabe a\u00fan qu\u00e9 pas\u00f3 desde el alumbramiento hasta que arroja el cuerpo del beb\u00e9. No est\u00e1 claro en qu\u00e9 momento y c\u00f3mo muere el reci\u00e9n nacido.<\/p>\n<div id=\"embeds\" class=\"inser center-block\">\n<div class=\"SandboxRoot env-bp-350\" data-twitter-event-id=\"0\">\n<div id=\"twitter-widget-0\" class=\"EmbeddedTweet EmbeddedTweet--cta js-clickToOpenTarget\" lang=\"es\" data-click-to-open-target=\"https:\/\/twitter.com\/mossos\/status\/1176774109562363912\" data-iframe-title=\"Tweet de Twitter\" data-scribe=\"page:tweet\" data-twitter-event-id=\"1\">\n<div class=\"EmbeddedTweet-tweetContainer\">\n<div class=\"EmbeddedTweet-tweet\">\n<blockquote class=\"Tweet h-entry js-tweetIdInfo subject expanded\" cite=\"https:\/\/twitter.com\/mossos\/status\/1176774109562363912\" data-tweet-id=\"1176774109562363912\" data-scribe=\"section:subject\">\n<div class=\"Tweet-body e-entry-content\" data-scribe=\"component:tweet\">\n<p class=\"Tweet-text e-entry-title\" dir=\"ltr\" lang=\"ca\">\n<div class=\"Tweet-card\">\n<article class=\"MediaCard\n\n           customisable-border\" dir=\"ltr\" data-scribe=\"component:card\"><\/p>\n<div class=\"MediaCard-mediaContainer MediaCard--roundedTop MediaCard--roundedBottom js-cspForcedStyle\" data-scribe=\"element:photo_grid\" data-style=\"padding-bottom: 50%\">\n<div class=\"MediaCard-mediaAsset ImageGrid ImageGrid--2\"><a class=\"ImageGrid-image ImageGrid-image-0 CroppedImage CroppedImage--fillHeight\" href=\"https:\/\/twitter.com\/mossos\/status\/1176774109562363912\/photo\/1\"><img loading=\"lazy\" decoding=\"async\" class=\"CroppedImage-image js-cspForcedStyle\" title=\"Ver imagen en Twitter\" src=\"https:\/\/pbs.twimg.com\/media\/EFS9yVYXYAAYFr-?format=jpg&amp;name=240x240\" alt=\"Ver imagen en Twitter\" width=\"1200\" height=\"1075\" data-image=\"https:\/\/pbs.twimg.com\/media\/EFS9yVYXYAAYFr-\" data-image-format=\"jpg\" data-style=\"left:-11%;\" \/><\/a><a class=\"ImageGrid-image ImageGrid-image-1 CroppedImage CroppedImage--fillHeight\" href=\"https:\/\/twitter.com\/mossos\/status\/1176774109562363912\/photo\/1\"><img loading=\"lazy\" decoding=\"async\" class=\"CroppedImage-image js-cspForcedStyle\" title=\"Ver imagen en Twitter\" src=\"https:\/\/pbs.twimg.com\/media\/EFS9zp_XsAcVhUx?format=jpg&amp;name=240x240\" alt=\"Ver imagen en Twitter\" width=\"1200\" height=\"675\" data-image=\"https:\/\/pbs.twimg.com\/media\/EFS9zp_XsAcVhUx\" data-image-format=\"jpg\" data-style=\"left:-38%;\" \/><\/a><\/div>\n<\/div>\n<\/article>\n<\/div>\n<div class=\"TweetInfo\">\n<div class=\"tweet-InformationCircle\" data-scribe=\"element:notice\"><\/div>\n<\/div>\n<\/div>\n<\/blockquote>\n<\/div>\n<\/div>\n<\/div>\n<\/div>\n<\/div>\n<p>Al instante, uno de los testigos llam\u00f3 a las autoridades, de acuerdo a La Sexta. Ya descubierto el adolescente se entreg\u00f3 a las autoridades, confes\u00f3 los hechos y asegur\u00f3 que \u00e9l y la nena de 13 a\u00f1os no quer\u00edan tener el hijo. El joven qued\u00f3 bajo la tutela de la Fiscal\u00eda de Menores.<\/p>\n<p>En paralelo, las autoridades enviaron a los uniformados para buscar el cuerpo del beb\u00e9. Adem\u00e1s de hacer un sobrevuelo en el \u00e1rea en helic\u00f3ptero, agentes de Mossos d&#8217;Esquadra, bomberos y las unidades subacu\u00e1tica y de subsuelo han rastreado el cauce del r\u00edo y su desembocadura, pero hasta el momento no lo han encontrado.<\/p>\n","protected":false},"excerpt":{"rendered":"<p>Ocurri\u00f3 en Barcelona. El joven confes\u00f3 y asegur\u00f3 que no quer\u00edan tener un hijo. Un embarazo adolescente en Barcelona termin\u00f3 en una tragedia inimaginada. La pareja de novios, una nena de 13 a\u00f1os y un chico de 16, acord\u00f3 deshacerse del hijo apenas naciera. As\u00ed lo hicieron: tras el parto, el padre del beb\u00e9 lo [&hellip;]<\/p>\n","protected":false},"author":1,"featured_media":31909,"comment_status":"closed","ping_status":"closed","sticky":false,"template":"","format":"standard","meta":{"footnotes":""},"categories":[5],"tags":[],"class_list":["post-31908","post","type-post","status-publish","format-standard","has-post-thumbnail","hentry","category-internacionales"],"_links":{"self":[{"href":"http:\/\/informateesquina.com\/index.php?rest_route=\/wp\/v2\/posts\/31908","targetHints":{"allow":["GET"]}}],"collection":[{"href":"http:\/\/informateesquina.com\/index.php?rest_route=\/wp\/v2\/posts"}],"about":[{"href":"http:\/\/informateesquina.com\/index.php?rest_route=\/wp\/v2\/types\/post"}],"author":[{"embeddable":true,"href":"http:\/\/informateesquina.com\/index.php?rest_route=\/wp\/v2\/users\/1"}],"replies":[{"embeddable":true,"href":"http:\/\/informateesquina.com\/index.php?rest_route=%2Fwp%2Fv2%2Fcomments&post=31908"}],"version-history":[{"count":0,"href":"http:\/\/informateesquina.com\/index.php?rest_route=\/wp\/v2\/posts\/31908\/revisions"}],"wp:featuredmedia":[{"embeddable":true,"href":"http:\/\/informateesquina.com\/index.php?rest_route=\/"}],"wp:attachment":[{"href":"http:\/\/informateesquina.com\/index.php?rest_route=%2Fwp%2Fv2%2Fmedia&parent=31908"}],"wp:term":[{"taxonomy":"category","embeddable":true,"href":"http:\/\/informateesquina.com\/index.php?rest_route=%2Fwp%2Fv2%2Fcategories&post=31908"},{"taxonomy":"post_tag","embeddable":true,"href":"http:\/\/informateesquina.com\/index.php?rest_route=%2Fwp%2Fv2%2Ftags&post=31908"}],"curies":[{"name":"wp","href":"https:\/\/api.w.org\/{rel}","templated":true}]}}