{"id":31911,"date":"2019-09-26T19:28:56","date_gmt":"2019-09-26T22:28:56","guid":{"rendered":"https:\/\/informateesquina.com\/?p=31911"},"modified":"2019-09-26T19:28:56","modified_gmt":"2019-09-26T22:28:56","slug":"quedo-postrada-tras-dar-a-luz-los-de-la-clinica-se-borraron-totalmente-conto-la-madre","status":"publish","type":"post","link":"http:\/\/informateesquina.com\/?p=31911","title":{"rendered":"Qued\u00f3 postrada tras dar a luz: &#8220;Los de la cl\u00ednica se borraron totalmente&#8221;, cont\u00f3 la madre"},"content":{"rendered":"<p class=\"copete\">As\u00ed lo expres\u00f3 Sandra Flores, mam\u00e1 de Natalia del Rosario Duarte, la joven de 21 a\u00f1os de Corrientes capital que sufri\u00f3 complicaciones en una cl\u00ednica de la Ciudad, luego de someterse a una ces\u00e1rea. \u201cDespu\u00e9s de lo que pas\u00f3, se borraron totalmente\u201d, indicaron haciendo referencia al anestesista como a las autoridades del centro de salud ubicado en el B\u00ba Camba Cu\u00e1.<\/p>\n<p>Sandra Flores es madre de Natalia del Rosario Duarte, esta joven de 21 a\u00f1os que fue madre primeriza y producto de complicaciones con la anestesia qued\u00f3 postrada sin poder mover sus piernas. El adormecimiento es desde la cintura hasta las piernas y hoy se encuentra en silla de ruedas.<\/p>\n<p>\u201cMi hija sigue de la misma forma en la que sali\u00f3. No puede moverse, no hubo avances. Lo \u00fanico que cambi\u00f3 es que ella puede sentir el calor, el fr\u00edo y los pinchazos. Tiene sensibilidad s\u00ed, pero moverse no\u201d.<\/p>\n<p>\u201cEst\u00e1 en mi casa, a ella le dieron el alta el d\u00faa lunes, estamos en pleno tratamiento con m\u00e9dicos, kinesi\u00f3logos, enfermeros y su ginec\u00f3logo. Los m\u00e9dicos que la atienden me dicen que esto puede tardar de 5 a 6 meses la recuperaci\u00f3n\u201d.<\/p>\n<p>La mujer de 21 a\u00f1os fue primeriza y est\u00e1 siendo ayudada por sus familiares para cuidar de su peque\u00f1a Francesca. \u201cMi hija reci\u00e9n ahora toma conciencia de lo que sucede porque cuando quiso alzar a su beb\u00e9 se dio cuenta que no lo pod\u00eda hacer\u201d.<\/p>\n<p>Indica que desde el momento de la denuncia, desde la cl\u00ednica donde se llev\u00f3 a cabo la ces\u00e1rea ya no dio respuestas. \u201cEl anestesista era el que ten\u00eda contacto, desde ese momento que comenzamos a ver tema de la denuncia, se borraron totalmente, el anestesista desapareci\u00f3. La cl\u00ednica me dio la silla de ruedas para poder llevar a mi hija a mi casa pero la tenemos que devolver cuando la obra social nos d\u00e9 una\u201d.<\/p>\n<p>FUENTE: RADIO SUDAMERICANA<\/p>\n","protected":false},"excerpt":{"rendered":"<p>As\u00ed lo expres\u00f3 Sandra Flores, mam\u00e1 de Natalia del Rosario Duarte, la joven de 21 a\u00f1os de Corrientes capital que sufri\u00f3 complicaciones en una cl\u00ednica de la Ciudad, luego de someterse a una ces\u00e1rea. \u201cDespu\u00e9s de lo que pas\u00f3, se borraron totalmente\u201d, indicaron haciendo referencia al anestesista como a las autoridades del centro de salud [&hellip;]<\/p>\n","protected":false},"author":1,"featured_media":31912,"comment_status":"closed","ping_status":"closed","sticky":false,"template":"","format":"standard","meta":{"footnotes":""},"categories":[8],"tags":[],"class_list":["post-31911","post","type-post","status-publish","format-standard","has-post-thumbnail","hentry","category-policiales"],"_links":{"self":[{"href":"http:\/\/informateesquina.com\/index.php?rest_route=\/wp\/v2\/posts\/31911","targetHints":{"allow":["GET"]}}],"collection":[{"href":"http:\/\/informateesquina.com\/index.php?rest_route=\/wp\/v2\/posts"}],"about":[{"href":"http:\/\/informateesquina.com\/index.php?rest_route=\/wp\/v2\/types\/post"}],"author":[{"embeddable":true,"href":"http:\/\/informateesquina.com\/index.php?rest_route=\/wp\/v2\/users\/1"}],"replies":[{"embeddable":true,"href":"http:\/\/informateesquina.com\/index.php?rest_route=%2Fwp%2Fv2%2Fcomments&post=31911"}],"version-history":[{"count":0,"href":"http:\/\/informateesquina.com\/index.php?rest_route=\/wp\/v2\/posts\/31911\/revisions"}],"wp:featuredmedia":[{"embeddable":true,"href":"http:\/\/informateesquina.com\/index.php?rest_route=\/"}],"wp:attachment":[{"href":"http:\/\/informateesquina.com\/index.php?rest_route=%2Fwp%2Fv2%2Fmedia&parent=31911"}],"wp:term":[{"taxonomy":"category","embeddable":true,"href":"http:\/\/informateesquina.com\/index.php?rest_route=%2Fwp%2Fv2%2Fcategories&post=31911"},{"taxonomy":"post_tag","embeddable":true,"href":"http:\/\/informateesquina.com\/index.php?rest_route=%2Fwp%2Fv2%2Ftags&post=31911"}],"curies":[{"name":"wp","href":"https:\/\/api.w.org\/{rel}","templated":true}]}}