{"id":31914,"date":"2019-09-26T20:24:09","date_gmt":"2019-09-26T23:24:09","guid":{"rendered":"https:\/\/informateesquina.com\/?p=31914"},"modified":"2019-09-26T20:24:09","modified_gmt":"2019-09-26T23:24:09","slug":"jimena-baron-su-transformacion-de-pequena-nerd-a-bomba-pop","status":"publish","type":"post","link":"http:\/\/informateesquina.com\/?p=31914","title":{"rendered":"Jimena Bar\u00f3n: su transformaci\u00f3n de peque\u00f1a nerd a bomba pop"},"content":{"rendered":"<div class=\"row\">\n<figure class=\"element element-image\">\n<div>\n<h6>Arranc\u00f3 su carrera en cine pero su fama masiva lleg\u00f3 gracias a la tele. El recorrido por la carrera de una mujer que se convirti\u00f3 en una hero\u00edna real y cercana.<\/h6>\n<\/div>\n<div class=\" fullwidthImg\">\n<p><img decoding=\"async\" src=\"https:\/\/s3.amazonaws.com\/arc-wordpress-client-uploads\/infobae-wp\/wp-content\/uploads\/2017\/11\/14165102\/GENTE-JimenaBaron1998b-141117.jpg\" alt=\"Su primer trabajo fue en cine. Jimena debut\u00f3 a los 10 a\u00f1os en El Faro, la pel\u00edcula escrita y dirigida por el ya fallecido Eduardo Mignogna en la que comparti\u00f3 cartel con Ricardo Dar\u00edn, Ingrid Rubio, Norma Aleandro, Norberto D\u00edaz, y Jorge Marrale. Foto: Archivo Atl\u00e1ntida Televisa\" data-url=\"https:\/\/www.infobae.com\/gente\/revista-gente-fotos\/2017\/11\/20\/jimena-baron-su-transformacion-de-pequena-nerd-a-bomba-pop\/%23W665Z4DOVNAB3FKDYYZVJ4DZWE\" data-original=\"https:\/\/s3.amazonaws.com\/arc-wordpress-client-uploads\/infobae-wp\/wp-content\/uploads\/2017\/11\/14165102\/GENTE-JimenaBaron1998b-141117.jpg\" \/><\/p>\n<div class=\"shares share-holder\">\n<div class=\"share-button facebook\" data-url=\"https:\/\/www.infobae.com\/gente\/revista-gente-fotos\/2017\/11\/20\/jimena-baron-su-transformacion-de-pequena-nerd-a-bomba-pop\/%23W665Z4DOVNAB3FKDYYZVJ4DZWE\" data-original=\"https:\/\/s3.amazonaws.com\/arc-wordpress-client-uploads\/infobae-wp\/wp-content\/uploads\/2017\/11\/14165102\/GENTE-JimenaBaron1998b-141117.jpg\"><\/div>\n<\/div>\n<\/div>\n<p class=\"caption\">Su primer trabajo fue en cine. Jimena debut\u00f3 a los 10 a\u00f1os en El Faro, la pel\u00edcula escrita y dirigida por el ya fallecido Eduardo Mignogna en la que comparti\u00f3 cartel con Ricardo Dar\u00edn, Ingrid Rubio, Norma Aleandro, Norberto D\u00edaz, y Jorge Marrale. Foto: Archivo Atl\u00e1ntida Televisa<\/p>\n<\/figure>\n<\/div>\n<div class=\"row\">\n<figure class=\"element element-image\">\n<div class=\" fullwidthImg\">\n<p><img decoding=\"async\" src=\"https:\/\/s3.amazonaws.com\/arc-wordpress-client-uploads\/infobae-wp\/wp-content\/uploads\/2017\/11\/14165106\/GENTE-JimenaBaron1998c-141117.jpg\" alt=\"Junto a Ingrid Rubio, su hermana en la pel\u00edcula. Foto: Archivo Atl\u00e1ntida Televisa\" data-url=\"https:\/\/www.infobae.com\/gente\/revista-gente-fotos\/2017\/11\/20\/jimena-baron-su-transformacion-de-pequena-nerd-a-bomba-pop\/%23PFKSE7QOZZEVXHYNMWDXFYLS7A\" data-original=\"https:\/\/s3.amazonaws.com\/arc-wordpress-client-uploads\/infobae-wp\/wp-content\/uploads\/2017\/11\/14165106\/GENTE-JimenaBaron1998c-141117.jpg\" \/><\/p>\n<div class=\"shares share-holder\">\n<div class=\"share-button facebook\" data-url=\"https:\/\/www.infobae.com\/gente\/revista-gente-fotos\/2017\/11\/20\/jimena-baron-su-transformacion-de-pequena-nerd-a-bomba-pop\/%23PFKSE7QOZZEVXHYNMWDXFYLS7A\" data-original=\"https:\/\/s3.amazonaws.com\/arc-wordpress-client-uploads\/infobae-wp\/wp-content\/uploads\/2017\/11\/14165106\/GENTE-JimenaBaron1998c-141117.jpg\"><\/div>\n<\/div>\n<\/div>\n<p class=\"caption\">Junto a Ingrid Rubio, su hermana en la pel\u00edcula. Foto: Archivo Atl\u00e1ntida Televisa<\/p>\n<\/figure>\n<\/div>\n<div class=\"row\">\n<figure class=\"element element-image\">\n<div class=\" fullwidthImg\">\n<p><img decoding=\"async\" src=\"https:\/\/s3.amazonaws.com\/arc-wordpress-client-uploads\/infobae-wp\/wp-content\/uploads\/2017\/11\/14165109\/GENTE-JimenaBaron1999-141117.jpg\" alt=\"Su trabajo en El Faro fue tan convincente y adorable que la convocaron para trabajar en Gasoleros, la tira de Polka que gracias a su lenguaje e imagen marc\u00f3 un antes y un despu\u00e9s en la televisi\u00f3n argentina. Foto: Archivo Atl\u00e1ntida Televisa\" data-url=\"https:\/\/www.infobae.com\/gente\/revista-gente-fotos\/2017\/11\/20\/jimena-baron-su-transformacion-de-pequena-nerd-a-bomba-pop\/%23RQDDW23GBNGCVJGKD56Y7RUOFU\" data-original=\"https:\/\/s3.amazonaws.com\/arc-wordpress-client-uploads\/infobae-wp\/wp-content\/uploads\/2017\/11\/14165109\/GENTE-JimenaBaron1999-141117.jpg\" \/><\/p>\n<div class=\"shares share-holder\">\n<div class=\"share-button facebook\" data-url=\"https:\/\/www.infobae.com\/gente\/revista-gente-fotos\/2017\/11\/20\/jimena-baron-su-transformacion-de-pequena-nerd-a-bomba-pop\/%23RQDDW23GBNGCVJGKD56Y7RUOFU\" data-original=\"https:\/\/s3.amazonaws.com\/arc-wordpress-client-uploads\/infobae-wp\/wp-content\/uploads\/2017\/11\/14165109\/GENTE-JimenaBaron1999-141117.jpg\"><\/div>\n<\/div>\n<\/div>\n<p class=\"caption\">Su trabajo en El Faro fue tan convincente y adorable que la convocaron para trabajar en Gasoleros, la tira de Polka que gracias a su lenguaje e imagen marc\u00f3 un antes y un despu\u00e9s en la televisi\u00f3n argentina. Foto: Archivo Atl\u00e1ntida Televisa<\/p>\n<\/figure>\n<\/div>\n<div class=\"row\">\n<figure class=\"element element-image\">\n<div class=\" fullwidthImg\">\n<p><img decoding=\"async\" src=\"https:\/\/s3.amazonaws.com\/arc-wordpress-client-uploads\/infobae-wp\/wp-content\/uploads\/2017\/11\/14165113\/GENTE-JimenaBaron1999b-141117-.jpg\" alt=\"La tira protagonizada por Mercedes Mor\u00e1n (Roxy) y Juan Leyrado (Panigassi) estuvo dos a\u00f1os al aire y Jimena conquist\u00f3 el coraz\u00f3n de los televidentes con su personaje de Loli, una peque\u00f1a muy inteligente y \u00e1cida. Foto: Archivo Atl\u00e1ntida Televisa\" data-url=\"https:\/\/www.infobae.com\/gente\/revista-gente-fotos\/2017\/11\/20\/jimena-baron-su-transformacion-de-pequena-nerd-a-bomba-pop\/%23BIEG72GGQNHTHFXW24X7SKQH7Q\" data-original=\"https:\/\/s3.amazonaws.com\/arc-wordpress-client-uploads\/infobae-wp\/wp-content\/uploads\/2017\/11\/14165113\/GENTE-JimenaBaron1999b-141117-.jpg\" \/><\/p>\n<div class=\"shares share-holder\">\n<div class=\"share-button facebook\" data-url=\"https:\/\/www.infobae.com\/gente\/revista-gente-fotos\/2017\/11\/20\/jimena-baron-su-transformacion-de-pequena-nerd-a-bomba-pop\/%23BIEG72GGQNHTHFXW24X7SKQH7Q\" data-original=\"https:\/\/s3.amazonaws.com\/arc-wordpress-client-uploads\/infobae-wp\/wp-content\/uploads\/2017\/11\/14165113\/GENTE-JimenaBaron1999b-141117-.jpg\"><\/div>\n<\/div>\n<\/div>\n<p class=\"caption\">La tira protagonizada por Mercedes Mor\u00e1n (Roxy) y Juan Leyrado (Panigassi) estuvo dos a\u00f1os al aire y Jimena conquist\u00f3 el coraz\u00f3n de los televidentes con su personaje de Loli, una peque\u00f1a muy inteligente y \u00e1cida. Foto: Archivo Atl\u00e1ntida Televisa<\/p>\n<\/figure>\n<\/div>\n<div class=\"row\">\n<figure class=\"element element-image\">\n<div class=\" fullwidthImg\">\n<p><img decoding=\"async\" src=\"https:\/\/s3.amazonaws.com\/arc-wordpress-client-uploads\/infobae-wp\/wp-content\/uploads\/2017\/11\/14165116\/GENTE-JimenaBaron2003-141117.jpg\" alt=\"A los 16 a\u00f1os, en \u00e9poca de Son Amores. Foto: Archivo Atl\u00e1ntida Televisa\" data-url=\"https:\/\/www.infobae.com\/gente\/revista-gente-fotos\/2017\/11\/20\/jimena-baron-su-transformacion-de-pequena-nerd-a-bomba-pop\/%23UC3WDXWH4BDOPNYHYHBSAGIPL4\" data-original=\"https:\/\/s3.amazonaws.com\/arc-wordpress-client-uploads\/infobae-wp\/wp-content\/uploads\/2017\/11\/14165116\/GENTE-JimenaBaron2003-141117.jpg\" \/><\/p>\n<div class=\"shares share-holder\">\n<div class=\"share-button facebook\" data-url=\"https:\/\/www.infobae.com\/gente\/revista-gente-fotos\/2017\/11\/20\/jimena-baron-su-transformacion-de-pequena-nerd-a-bomba-pop\/%23UC3WDXWH4BDOPNYHYHBSAGIPL4\" data-original=\"https:\/\/s3.amazonaws.com\/arc-wordpress-client-uploads\/infobae-wp\/wp-content\/uploads\/2017\/11\/14165116\/GENTE-JimenaBaron2003-141117.jpg\"><\/div>\n<\/div>\n<\/div>\n<p class=\"caption\">A los 16 a\u00f1os, en \u00e9poca de Son Amores. Foto: Archivo Atl\u00e1ntida Televisa<\/p>\n<\/figure>\n<\/div>\n<div class=\"row\">\n<figure class=\"element element-image\">\n<div class=\" fullwidthImg\">\n<p><img decoding=\"async\" src=\"https:\/\/s3.amazonaws.com\/arc-wordpress-client-uploads\/infobae-wp\/wp-content\/uploads\/2017\/11\/14165120\/GENTE-JimenaBaron2004-141117.jpg\" alt=\"A\u00f1o 2004, con el pelo mucho m\u00e1s largo y claro. Foto: Archivo Atl\u00e1ntida Televisa\" data-url=\"https:\/\/www.infobae.com\/gente\/revista-gente-fotos\/2017\/11\/20\/jimena-baron-su-transformacion-de-pequena-nerd-a-bomba-pop\/%2335A4URW2M5AIXOVZIOREB77VYY\" data-original=\"https:\/\/s3.amazonaws.com\/arc-wordpress-client-uploads\/infobae-wp\/wp-content\/uploads\/2017\/11\/14165120\/GENTE-JimenaBaron2004-141117.jpg\" \/><\/p>\n<div class=\"shares share-holder\">\n<div class=\"share-button facebook\" data-url=\"https:\/\/www.infobae.com\/gente\/revista-gente-fotos\/2017\/11\/20\/jimena-baron-su-transformacion-de-pequena-nerd-a-bomba-pop\/%2335A4URW2M5AIXOVZIOREB77VYY\" data-original=\"https:\/\/s3.amazonaws.com\/arc-wordpress-client-uploads\/infobae-wp\/wp-content\/uploads\/2017\/11\/14165120\/GENTE-JimenaBaron2004-141117.jpg\"><\/div>\n<\/div>\n<\/div>\n<p class=\"caption\">A\u00f1o 2004, con el pelo mucho m\u00e1s largo y claro. Foto: Archivo Atl\u00e1ntida Televisa<\/p>\n<\/figure>\n<\/div>\n<div class=\"row\">\n<figure class=\"element element-image\">\n<div class=\" fullwidthImg\">\n<p><img decoding=\"async\" src=\"https:\/\/s3.amazonaws.com\/arc-wordpress-client-uploads\/infobae-wp\/wp-content\/uploads\/2017\/11\/14165126\/GENTE-JimenaBaron2004b-141117.jpg\" alt=\"Sweater con cuello bote, jean recto, morral y zapatillas Converse, el uniforme de toda adolescente en el 2000. Foto: Archivo Atl\u00e1ntida Televisa\" data-url=\"https:\/\/www.infobae.com\/gente\/revista-gente-fotos\/2017\/11\/20\/jimena-baron-su-transformacion-de-pequena-nerd-a-bomba-pop\/%23TPZRK5IAQVEVHHTJ2VQLGXXHXU\" data-original=\"https:\/\/s3.amazonaws.com\/arc-wordpress-client-uploads\/infobae-wp\/wp-content\/uploads\/2017\/11\/14165126\/GENTE-JimenaBaron2004b-141117.jpg\" \/><\/p>\n<div class=\"shares share-holder\">\n<div class=\"share-button facebook\" data-url=\"https:\/\/www.infobae.com\/gente\/revista-gente-fotos\/2017\/11\/20\/jimena-baron-su-transformacion-de-pequena-nerd-a-bomba-pop\/%23TPZRK5IAQVEVHHTJ2VQLGXXHXU\" data-original=\"https:\/\/s3.amazonaws.com\/arc-wordpress-client-uploads\/infobae-wp\/wp-content\/uploads\/2017\/11\/14165126\/GENTE-JimenaBaron2004b-141117.jpg\"><\/div>\n<\/div>\n<\/div>\n<p class=\"caption\">Sweater con cuello bote, jean recto, morral y zapatillas Converse, el uniforme de toda adolescente en el 2000. Foto: Archivo Atl\u00e1ntida Televisa<\/p>\n<\/figure>\n<\/div>\n<div class=\"row\">\n<figure class=\"element element-image\">\n<div class=\" fullwidthImg\">\n<p><img decoding=\"async\" src=\"https:\/\/s3.amazonaws.com\/arc-wordpress-client-uploads\/infobae-wp\/wp-content\/uploads\/2017\/11\/14165131\/GENTE-JimenaBaron2005-141117.jpg\" alt=\"A\u00f1o 2005 y la prueba irrefutable de que Jimena tambi\u00e9n tuvo su etapa hippie chic. Foto: Archivo Atl\u00e1ntida Televisa\" data-url=\"https:\/\/www.infobae.com\/gente\/revista-gente-fotos\/2017\/11\/20\/jimena-baron-su-transformacion-de-pequena-nerd-a-bomba-pop\/%23BCBKO25PGBG4ZDRWQFEOUEHWDA\" data-original=\"https:\/\/s3.amazonaws.com\/arc-wordpress-client-uploads\/infobae-wp\/wp-content\/uploads\/2017\/11\/14165131\/GENTE-JimenaBaron2005-141117.jpg\" \/><\/p>\n<div class=\"shares share-holder\">\n<div class=\"share-button facebook\" data-url=\"https:\/\/www.infobae.com\/gente\/revista-gente-fotos\/2017\/11\/20\/jimena-baron-su-transformacion-de-pequena-nerd-a-bomba-pop\/%23BCBKO25PGBG4ZDRWQFEOUEHWDA\" data-original=\"https:\/\/s3.amazonaws.com\/arc-wordpress-client-uploads\/infobae-wp\/wp-content\/uploads\/2017\/11\/14165131\/GENTE-JimenaBaron2005-141117.jpg\"><\/div>\n<\/div>\n<\/div>\n<p class=\"caption\">A\u00f1o 2005 y la prueba irrefutable de que Jimena tambi\u00e9n tuvo su etapa hippie chic. Foto: Archivo Atl\u00e1ntida Televisa<\/p>\n<\/figure>\n<\/div>\n<div class=\"row\">\n<figure class=\"element element-image\">\n<div class=\" fullwidthImg\">\n<p><img decoding=\"async\" src=\"https:\/\/s3.amazonaws.com\/arc-wordpress-client-uploads\/infobae-wp\/wp-content\/uploads\/2017\/11\/14165135\/GENTE-JimenaBaron2011-141117.jpg\" alt=\"\u00bfQu\u00e9 pas\u00f3 ac\u00e1? Una bomba en \u00e9poca de Los \u00danicos, la disparatada tira de Polka. Foto: Archivo Atl\u00e1ntida Televisa\" data-url=\"https:\/\/www.infobae.com\/gente\/revista-gente-fotos\/2017\/11\/20\/jimena-baron-su-transformacion-de-pequena-nerd-a-bomba-pop\/%23AYDXZVEKABFJPDAKOV2WWIHCGY\" data-original=\"https:\/\/s3.amazonaws.com\/arc-wordpress-client-uploads\/infobae-wp\/wp-content\/uploads\/2017\/11\/14165135\/GENTE-JimenaBaron2011-141117.jpg\" \/><\/p>\n<div class=\"shares share-holder\">\n<div class=\"share-button facebook\" data-url=\"https:\/\/www.infobae.com\/gente\/revista-gente-fotos\/2017\/11\/20\/jimena-baron-su-transformacion-de-pequena-nerd-a-bomba-pop\/%23AYDXZVEKABFJPDAKOV2WWIHCGY\" data-original=\"https:\/\/s3.amazonaws.com\/arc-wordpress-client-uploads\/infobae-wp\/wp-content\/uploads\/2017\/11\/14165135\/GENTE-JimenaBaron2011-141117.jpg\"><\/div>\n<\/div>\n<\/div>\n<p class=\"caption\">\u00bfQu\u00e9 pas\u00f3 ac\u00e1? Una bomba en \u00e9poca de Los \u00danicos, la disparatada tira de Polka. Foto: Archivo Atl\u00e1ntida Televisa<\/p>\n<\/figure>\n<\/div>\n<div class=\"row\">\n<figure class=\"element element-image\">\n<div class=\" fullwidthImg\">\n<p><img decoding=\"async\" src=\"https:\/\/s3.amazonaws.com\/arc-wordpress-client-uploads\/infobae-wp\/wp-content\/uploads\/2017\/11\/14165139\/GENTE-JimenaBaron2011b-141117.jpg\" alt=\"Abdominales de acero y mirada desafiante. La nueva Jimena lista para comerse el mundo. Foto: Archivo Atl\u00e1ntida Televisa\" data-url=\"https:\/\/www.infobae.com\/gente\/revista-gente-fotos\/2017\/11\/20\/jimena-baron-su-transformacion-de-pequena-nerd-a-bomba-pop\/%23MY2BZKLVV5AX5GKRDMDMEP35XM\" data-original=\"https:\/\/s3.amazonaws.com\/arc-wordpress-client-uploads\/infobae-wp\/wp-content\/uploads\/2017\/11\/14165139\/GENTE-JimenaBaron2011b-141117.jpg\" \/><\/p>\n<div class=\"shares share-holder\">\n<div class=\"share-button facebook\" data-url=\"https:\/\/www.infobae.com\/gente\/revista-gente-fotos\/2017\/11\/20\/jimena-baron-su-transformacion-de-pequena-nerd-a-bomba-pop\/%23MY2BZKLVV5AX5GKRDMDMEP35XM\" data-original=\"https:\/\/s3.amazonaws.com\/arc-wordpress-client-uploads\/infobae-wp\/wp-content\/uploads\/2017\/11\/14165139\/GENTE-JimenaBaron2011b-141117.jpg\"><\/div>\n<\/div>\n<\/div>\n<p class=\"caption\">Abdominales de acero y mirada desafiante. La nueva Jimena lista para comerse el mundo. Foto: Archivo Atl\u00e1ntida Televisa<\/p>\n<\/figure>\n<\/div>\n<div class=\"row\">\n<figure class=\"element element-image\">\n<div class=\" fullwidthImg\">\n<p><img decoding=\"async\" src=\"https:\/\/s3.amazonaws.com\/arc-wordpress-client-uploads\/infobae-wp\/wp-content\/uploads\/2017\/11\/14165143\/GENTE-JimenaBaron2012-141117.jpg\" alt=\"A\u00f1o 2012, con el pelo m\u00e1s oscuro y el cuerpo cada vez m\u00e1s torneado. Foto: Archivo Atl\u00e1ntida Televisa\" data-url=\"https:\/\/www.infobae.com\/gente\/revista-gente-fotos\/2017\/11\/20\/jimena-baron-su-transformacion-de-pequena-nerd-a-bomba-pop\/%23W4TEILT6RFG3NFNTC3N5VNP5WU\" data-original=\"https:\/\/s3.amazonaws.com\/arc-wordpress-client-uploads\/infobae-wp\/wp-content\/uploads\/2017\/11\/14165143\/GENTE-JimenaBaron2012-141117.jpg\" \/><\/p>\n<div class=\"shares share-holder\">\n<div class=\"share-button facebook\" data-url=\"https:\/\/www.infobae.com\/gente\/revista-gente-fotos\/2017\/11\/20\/jimena-baron-su-transformacion-de-pequena-nerd-a-bomba-pop\/%23W4TEILT6RFG3NFNTC3N5VNP5WU\" data-original=\"https:\/\/s3.amazonaws.com\/arc-wordpress-client-uploads\/infobae-wp\/wp-content\/uploads\/2017\/11\/14165143\/GENTE-JimenaBaron2012-141117.jpg\"><\/div>\n<\/div>\n<\/div>\n<p class=\"caption\">A\u00f1o 2012, con el pelo m\u00e1s oscuro y el cuerpo cada vez m\u00e1s torneado. Foto: Archivo Atl\u00e1ntida Televisa<\/p>\n<\/figure>\n<\/div>\n<div class=\"row\">\n<figure class=\"element element-image\">\n<div class=\" fullwidthImg\">\n<p><img decoding=\"async\" src=\"https:\/\/s3.amazonaws.com\/arc-wordpress-client-uploads\/infobae-wp\/wp-content\/uploads\/2017\/11\/14165147\/GENTE-JimenaBaron2016-141117.jpg\" alt=\"En Barcelona, ya separada de Daniel Osvaldo, en una sesi\u00f3n de fotos para GENTE que fue un fuego. Foto: Archivo Atl\u00e1ntida Televisa\" data-url=\"https:\/\/www.infobae.com\/gente\/revista-gente-fotos\/2017\/11\/20\/jimena-baron-su-transformacion-de-pequena-nerd-a-bomba-pop\/%23Y4TRWPYKHVABDGICVL2MTZW5JA\" data-original=\"https:\/\/s3.amazonaws.com\/arc-wordpress-client-uploads\/infobae-wp\/wp-content\/uploads\/2017\/11\/14165147\/GENTE-JimenaBaron2016-141117.jpg\" \/><\/p>\n<div class=\"shares share-holder\">\n<div class=\"share-button facebook\" data-url=\"https:\/\/www.infobae.com\/gente\/revista-gente-fotos\/2017\/11\/20\/jimena-baron-su-transformacion-de-pequena-nerd-a-bomba-pop\/%23Y4TRWPYKHVABDGICVL2MTZW5JA\" data-original=\"https:\/\/s3.amazonaws.com\/arc-wordpress-client-uploads\/infobae-wp\/wp-content\/uploads\/2017\/11\/14165147\/GENTE-JimenaBaron2016-141117.jpg\"><\/div>\n<\/div>\n<\/div>\n<p class=\"caption\">En Barcelona, ya separada de Daniel Osvaldo, en una sesi\u00f3n de fotos para GENTE que fue un fuego. Foto: Archivo Atl\u00e1ntida Televisa<\/p>\n<\/figure>\n<\/div>\n<div class=\"row\">\n<figure class=\"element element-image\">\n<div class=\" fullwidthImg\">\n<p><img decoding=\"async\" src=\"https:\/\/s3.amazonaws.com\/arc-wordpress-client-uploads\/infobae-wp\/wp-content\/uploads\/2017\/11\/14165151\/GENTE-JimenaBaron2016b-141117.jpg\" alt=\"Flequillo y abdominales a lo Sarah Connor. Foto: Archivo Atl\u00e1ntida Televisa\" data-url=\"https:\/\/www.infobae.com\/gente\/revista-gente-fotos\/2017\/11\/20\/jimena-baron-su-transformacion-de-pequena-nerd-a-bomba-pop\/%23NWNVJ2RAFFBLJGKJEMKOVE2LP4\" data-original=\"https:\/\/s3.amazonaws.com\/arc-wordpress-client-uploads\/infobae-wp\/wp-content\/uploads\/2017\/11\/14165151\/GENTE-JimenaBaron2016b-141117.jpg\" \/><\/p>\n<div class=\"shares share-holder\">\n<div class=\"share-button facebook\" data-url=\"https:\/\/www.infobae.com\/gente\/revista-gente-fotos\/2017\/11\/20\/jimena-baron-su-transformacion-de-pequena-nerd-a-bomba-pop\/%23NWNVJ2RAFFBLJGKJEMKOVE2LP4\" data-original=\"https:\/\/s3.amazonaws.com\/arc-wordpress-client-uploads\/infobae-wp\/wp-content\/uploads\/2017\/11\/14165151\/GENTE-JimenaBaron2016b-141117.jpg\"><\/div>\n<\/div>\n<\/div>\n<p class=\"caption\">Flequillo y abdominales a lo Sarah Connor. Foto: Archivo Atl\u00e1ntida Televisa<\/p>\n<\/figure>\n<\/div>\n<div class=\"row\">\n<figure class=\"element element-image\">\n<div class=\" fullwidthImg\">\n<p><img decoding=\"async\" src=\"https:\/\/s3.amazonaws.com\/arc-wordpress-client-uploads\/infobae-wp\/wp-content\/uploads\/2017\/11\/14165155\/GENTE-JimenaBaron2017-141117.jpg\" alt=\"\u00bfLa tonta? Jimena se lanz\u00f3 definitivamente como cantante pop y sorprendi\u00f3 con un hitazo y su imagen empoderada. Una hero\u00edna real y cercana. Foto: Archivo Atl\u00e1ntida Televisa\" data-url=\"https:\/\/www.infobae.com\/gente\/revista-gente-fotos\/2017\/11\/20\/jimena-baron-su-transformacion-de-pequena-nerd-a-bomba-pop\/%23X2EBGYCF4VDULIXJRZBXLIB4CI\" data-original=\"https:\/\/s3.amazonaws.com\/arc-wordpress-client-uploads\/infobae-wp\/wp-content\/uploads\/2017\/11\/14165155\/GENTE-JimenaBaron2017-141117.jpg\" \/><\/p>\n<div class=\"shares share-holder\">\n<div class=\"share-button facebook\" data-url=\"https:\/\/www.infobae.com\/gente\/revista-gente-fotos\/2017\/11\/20\/jimena-baron-su-transformacion-de-pequena-nerd-a-bomba-pop\/%23X2EBGYCF4VDULIXJRZBXLIB4CI\" data-original=\"https:\/\/s3.amazonaws.com\/arc-wordpress-client-uploads\/infobae-wp\/wp-content\/uploads\/2017\/11\/14165155\/GENTE-JimenaBaron2017-141117.jpg\"><\/div>\n<\/div>\n<\/div>\n<p class=\"caption\">\u00bfLa tonta? Jimena se lanz\u00f3 definitivamente como cantante pop y sorprendi\u00f3 con un hitazo y su imagen empoderada. Una hero\u00edna real y cercana. Foto: Archivo Atl\u00e1ntida Televisa<\/p>\n<\/figure>\n<\/div>\n","protected":false},"excerpt":{"rendered":"<p>Arranc\u00f3 su carrera en cine pero su fama masiva lleg\u00f3 gracias a la tele. El recorrido por la carrera de una mujer que se convirti\u00f3 en una hero\u00edna real y cercana. Su primer trabajo fue en cine. Jimena debut\u00f3 a los 10 a\u00f1os en El Faro, la pel\u00edcula escrita y dirigida por el ya fallecido [&hellip;]<\/p>\n","protected":false},"author":1,"featured_media":31915,"comment_status":"closed","ping_status":"closed","sticky":false,"template":"","format":"standard","meta":{"footnotes":""},"categories":[4],"tags":[],"class_list":["post-31914","post","type-post","status-publish","format-standard","has-post-thumbnail","hentry","category-espectaculos"],"_links":{"self":[{"href":"http:\/\/informateesquina.com\/index.php?rest_route=\/wp\/v2\/posts\/31914","targetHints":{"allow":["GET"]}}],"collection":[{"href":"http:\/\/informateesquina.com\/index.php?rest_route=\/wp\/v2\/posts"}],"about":[{"href":"http:\/\/informateesquina.com\/index.php?rest_route=\/wp\/v2\/types\/post"}],"author":[{"embeddable":true,"href":"http:\/\/informateesquina.com\/index.php?rest_route=\/wp\/v2\/users\/1"}],"replies":[{"embeddable":true,"href":"http:\/\/informateesquina.com\/index.php?rest_route=%2Fwp%2Fv2%2Fcomments&post=31914"}],"version-history":[{"count":0,"href":"http:\/\/informateesquina.com\/index.php?rest_route=\/wp\/v2\/posts\/31914\/revisions"}],"wp:featuredmedia":[{"embeddable":true,"href":"http:\/\/informateesquina.com\/index.php?rest_route=\/"}],"wp:attachment":[{"href":"http:\/\/informateesquina.com\/index.php?rest_route=%2Fwp%2Fv2%2Fmedia&parent=31914"}],"wp:term":[{"taxonomy":"category","embeddable":true,"href":"http:\/\/informateesquina.com\/index.php?rest_route=%2Fwp%2Fv2%2Fcategories&post=31914"},{"taxonomy":"post_tag","embeddable":true,"href":"http:\/\/informateesquina.com\/index.php?rest_route=%2Fwp%2Fv2%2Ftags&post=31914"}],"curies":[{"name":"wp","href":"https:\/\/api.w.org\/{rel}","templated":true}]}}