{"id":31921,"date":"2019-09-26T20:33:53","date_gmt":"2019-09-26T23:33:53","guid":{"rendered":"https:\/\/informateesquina.com\/?p=31921"},"modified":"2019-09-26T20:33:53","modified_gmt":"2019-09-26T23:33:53","slug":"mexico-noqueo-a-un-ladron-que-quiso-robarle-la-bicicleta-y-se-saco-una-selfie-para-mostrarlo","status":"publish","type":"post","link":"http:\/\/informateesquina.com\/?p=31921","title":{"rendered":"M\u00e9xico: Noque\u00f3 a un ladr\u00f3n que quiso robarle la bicicleta y se sac\u00f3 una selfie para mostrarlo"},"content":{"rendered":"<h6 id=\"title\" style=\"text-align: center;\">El hombre public\u00f3 en las redes sociales la imagen del delincuente en el suelo.<\/h6>\n<div class=\"bajada\">\n<p>Despert\u00f3 todo tipo de reacciones en las redes sociales y no es para menos. Un hombre enfrent\u00f3 a un ladr\u00f3n que le estaba robando la bicicleta,\u00a0<strong>lo noque\u00f3 con un golpe y tras dejarlo inconsciente se sac\u00f3 una selfie<\/strong>\u00a0para mostr\u00e1rselo al mundo a trav\u00e9s de la redes sociales. Su actitud provoc\u00f3 orgullo en algunos e indignaci\u00f3n en otros.<\/p>\n<p>El hecho ocurri\u00f3 en\u00a0<strong>Puebla<\/strong>, en\u00a0<strong>M\u00e9xico<\/strong>, y fue el propio protagonista el que public\u00f3 las im\u00e1genes y la historia en la web. En las fotos se puede ver al hombre posando y al ladr\u00f3n noqueado, en el suelo, ya detenido por la polic\u00eda.<\/p>\n<p>En la publicaci\u00f3n compartida por la cuenta\u00a0<strong>Rodadas Puebla<\/strong>, en\u00a0<strong>Twitter<\/strong>, el &#8220;h\u00e9roe&#8221;, seg\u00fan la mayor\u00eda de los comentarios de los usuarios, relat\u00f3 c\u00f3mo fue que logr\u00f3 abatir al delincuente.<\/p>\n<div class=\"sp__Normal\">\n<div class=\"image-embeb image-trigger pointer\" data-index=\"1\">\n<figure><img decoding=\"async\" src=\"https:\/\/images.clarin.com\/2019\/09\/26\/el-hombre-que-noqueo-a___g9-Evrcc_720x0__1.jpg\" alt=\"El hombre que noque\u00f3 a un ladr\u00f3n y se sac\u00f3 una selfie para mostrarlo. (Twitter)\" data-big=\"https:\/\/images.clarin.com\/2019\/09\/26\/el-hombre-que-noqueo-a___g9-Evrcc_720x0__1.jpg\" data-small=\"https:\/\/images.clarin.com\/2019\/09\/26\/el-hombre-que-noqueo-a___g9-Evrcc_720x0__1.jpg\" data-observer-function=\"loadLazyImg\" \/><i class=\"fa fa-circle fa-stack-2x icon-background1\"><\/i><i class=\"fa fa-circle-o fa-stack-2x icon-background2\"><\/i><i class=\"fa fa-arrows-alt fa-stack-1x\"><\/i><\/figure>\n<p>El hombre que noque\u00f3 a un ladr\u00f3n y se sac\u00f3 una selfie para mostrarlo. (Twitter)<\/p>\n<\/div>\n<\/div>\n<p>&#8220;\u00a1\u00bfAdivinen a qui\u00e9n ciclista le acaban de querer robar su bicla?!\u00a0<strong>As\u00ed qued\u00f3 el cabr\u00f3n ladr\u00f3n despu\u00e9s de la madriza que le puse<\/strong>&#8220;, escribi\u00f3.<\/p>\n<p>Y luego cont\u00f3 en un largo texto c\u00f3mo fue la secuencia: &#8220;Estaba dejando un paquete en la paqueter\u00eda, siempre o la meto (a la bici) o la amarro, dependiendo cu\u00e1nta gente hay dentro. Hoy la cola se sal\u00eda del local, as\u00ed que solo la apoy\u00e9 en la puerta de vidrio&#8221;.<\/p>\n<div class=\"sp__SM\">\n<div class=\"content-new  \">\n<div class=\"mg\">\n<div class=\"wrap-figure\"><\/div>\n<\/div>\n<div class=\"mt\">&#8220;Un rato despu\u00e9s que entr\u00e9, vi dos manos tomar mi manubrio y empezar a cargar mi bici para darse la vuelta. Sal\u00ed, moderadamente r\u00e1pido, tampoco con demasiada prisa, di la vuelta dej\u00e1ndolos con la pared atr\u00e1s, y\u2026 francamente no recuerdo qu\u00e9 dije, el efecto adrenal ya estaba funcionando, pero s\u00ed le dije algo, un &#8216;\u00bfqu\u00e9 chingadas est\u00e1s haciendo?&#8217; probablemente, y en lo que me ve\u00eda, dejaba la bici y decid\u00eda si huir o no, mi paquete -una caja grande que tra\u00eda en una de esas bolsas verdes que salvan al planeta- se impactaba con fuerza en su cara y cabeza desde arriba&#8221;, relat\u00f3.<\/div>\n<\/div>\n<\/div>\n<div class=\"sp__Normal\">\n<div class=\"image-embeb image-trigger pointer\" data-index=\"2\">\n<figure><img decoding=\"async\" src=\"https:\/\/images.clarin.com\/2019\/09\/26\/el-hombre-que-noqueo-a___l1qEWv-f_720x0__1.jpg\" alt=\"El hombre que noque\u00f3 a un ladr\u00f3n y se sac\u00f3 una selfie para mostrarlo. (Twitter)\" data-big=\"https:\/\/images.clarin.com\/2019\/09\/26\/el-hombre-que-noqueo-a___l1qEWv-f_720x0__1.jpg\" data-small=\"https:\/\/images.clarin.com\/2019\/09\/26\/el-hombre-que-noqueo-a___l1qEWv-f_720x0__1.jpg\" data-observer-function=\"loadLazyImg\" \/><i class=\"fa fa-circle fa-stack-2x icon-background1\"><\/i><i class=\"fa fa-circle-o fa-stack-2x icon-background2\"><\/i><i class=\"fa fa-arrows-alt fa-stack-1x\"><\/i><\/figure>\n<p>El hombre que noque\u00f3 a un ladr\u00f3n y se sac\u00f3 una selfie para mostrarlo. (Twitter)<\/p>\n<\/div>\n<\/div>\n<p>Y agreg\u00f3: &#8220;El golpe le result\u00f3 completamente inesperado, y mientras trataba de subir su guardia -subir las manos, nom\u00e1s, para quienes no sabemos pelear formalmente- ya le estaban lloviendo derechazos de mi parte en los hombros y espalda media y baja, mucho m\u00e1s pues se agach\u00f3 para protegerse la cara&#8221;.<\/p>\n<p>&#8220;El ratero ya estaba en el piso, medio sentado medio en cuclillas, y, pues la verdad es que siempre hab\u00eda tenido la s\u00e1dica curiosidad sobre c\u00f3mo ser\u00eda patear a alguien con botas de casquillo, as\u00ed que,\u00a0<strong>pues a patearlo con botas de casquillo<\/strong>&#8220;, continu\u00f3.<\/p>\n<div class=\"sp__Normal\">\n<div class=\"image-embeb image-trigger pointer\" data-index=\"3\">\n<figure><img decoding=\"async\" src=\"https:\/\/images.clarin.com\/2019\/09\/26\/el-hombre-que-noqueo-a___EKZV0WTk_720x0__1.jpg\" alt=\"El hombre que noque\u00f3 a un ladr\u00f3n y se sac\u00f3 una selfie para mostrarlo. (Twitter)\" data-big=\"https:\/\/images.clarin.com\/2019\/09\/26\/el-hombre-que-noqueo-a___EKZV0WTk_720x0__1.jpg\" data-small=\"https:\/\/images.clarin.com\/2019\/09\/26\/el-hombre-que-noqueo-a___EKZV0WTk_720x0__1.jpg\" data-observer-function=\"loadLazyImg\" \/><i class=\"fa fa-circle fa-stack-2x icon-background1\"><\/i><i class=\"fa fa-circle-o fa-stack-2x icon-background2\"><\/i><i class=\"fa fa-arrows-alt fa-stack-1x\"><\/i><\/figure>\n<p>El hombre que noque\u00f3 a un ladr\u00f3n y se sac\u00f3 una selfie para mostrarlo. (Twitter)<\/p>\n<\/div>\n<\/div>\n<p>Y revel\u00f3 que aunque le dec\u00edan que se detuviera,<strong>\u00a0le sigui\u00f3 pegando<\/strong>. &#8220;Le gritaba al tiempo que me volv\u00eda a poner a distancia de pat\u00edn, y otro pat\u00edn poca madre en la cara -se la busqu\u00e9, le atin\u00e9, se movi\u00f3, al p\u00f3mulo-&#8220;.<\/p>\n<div class=\"sp__SM\">\n<div class=\"content-new  no-img\">\n<div class=\"mt\">Mir\u00e1 tambi\u00e9n<\/p>\n<h2>Se le cay\u00f3 el iPhone desde una avioneta y lo recuper\u00f3 un a\u00f1o despu\u00e9s en perfecto funcionamiento y con el video de la ca\u00edda grabado<\/h2>\n<\/div>\n<\/div>\n<\/div>\n<p>&#8220;Me quit\u00e9, si lo m\u00edo no es la violencia, la violencia es el recurso del incompetente, dice Asimov, por algo as\u00ed no vale da\u00f1ar permanentemente a alguien, \u00bfo s\u00ed?&#8221;, se pregunt\u00f3. Y sigui\u00f3 golpe\u00e1ndolo:\u00a0<strong>&#8220;Regres\u00e9 a darle una \u00faltima patada, en la pantorrilla y con fuerza&#8221;<\/strong>..<\/p>\n<div class=\"sp__Normal\">\n<div class=\"image-embeb image-trigger pointer\" data-index=\"4\">\n<figure><img decoding=\"async\" src=\"https:\/\/images.clarin.com\/2019\/09\/26\/el-hombre-que-noqueo-a___RcxiAhbn_720x0__1.jpg\" alt=\"El hombre que noque\u00f3 a un ladr\u00f3n y se sac\u00f3 una selfie para mostrarlo. (Twitter)\" data-big=\"https:\/\/images.clarin.com\/2019\/09\/26\/el-hombre-que-noqueo-a___RcxiAhbn_720x0__1.jpg\" data-small=\"https:\/\/images.clarin.com\/2019\/09\/26\/el-hombre-que-noqueo-a___RcxiAhbn_720x0__1.jpg\" data-observer-function=\"loadLazyImg\" \/><i class=\"fa fa-circle fa-stack-2x icon-background1\"><\/i><i class=\"fa fa-circle-o fa-stack-2x icon-background2\"><\/i><i class=\"fa fa-arrows-alt fa-stack-1x\"><\/i><\/figure>\n<p>El hombre que noque\u00f3 a un ladr\u00f3n y se sac\u00f3 una selfie para mostrarlo. (Twitter)<\/p>\n<\/div>\n<\/div>\n<p>Por \u00faltimo dijo que finalmente entreg\u00f3 su paquete y concluy\u00f3 que &#8220;vale m\u00e1s romperle la madre a los ladrones que denunciar&#8221;.<\/p>\n<div class=\"sp__Normal\">\n<div class=\"image-embeb image-trigger pointer\" data-index=\"5\">\n<figure><img decoding=\"async\" src=\"https:\/\/images.clarin.com\/2019\/09\/26\/comentarios-por-el-hombre-que___TETTMhQX_720x0__1.jpg\" alt=\"Comentarios por el hombre que noque\u00f3 a un ladr\u00f3n y se sac\u00f3 una selfie. (Twitter)\" data-big=\"https:\/\/images.clarin.com\/2019\/09\/26\/comentarios-por-el-hombre-que___TETTMhQX_720x0__1.jpg\" data-small=\"https:\/\/images.clarin.com\/2019\/09\/26\/comentarios-por-el-hombre-que___TETTMhQX_720x0__1.jpg\" data-observer-function=\"loadLazyImg\" \/><i class=\"fa fa-circle fa-stack-2x icon-background1\"><\/i><i class=\"fa fa-circle-o fa-stack-2x icon-background2\"><\/i><i class=\"fa fa-arrows-alt fa-stack-1x\"><\/i><\/figure>\n<p>Comentarios por el hombre que noque\u00f3 a un ladr\u00f3n y se sac\u00f3 una selfie. (Twitter)<\/p>\n<\/div>\n<\/div>\n<p>&#8220;Al verlo irse renqueando, pens\u00e9 fugazmente en esperar a que se fueran las patrullas y round 2, pero solo fugazmente&#8221;, dispar\u00f3.<\/p>\n<div class=\"sp__SM\">\n<div class=\"content-new  \">\n<div class=\"mg\">\n<div class=\"wrap-figure\">\n<figure><a href=\"https:\/\/www.clarin.com\/viste\/cigarrillo-electronico-primeras-muertes-vapeo-florida-georgia-elevan-11-fallecidos-unidos_0_zUlxrlbb.html\" target=\"_self\" rel=\"noopener noreferrer\"><img decoding=\"async\" class=\"img-responsive\" src=\"https:\/\/images.clarin.com\/2019\/09\/26\/crecen-los-casos-de-enfermedades___KjrPbKP-_290x290__1.jpg\" alt=\"Cigarrillo electr\u00f3nico: primeras muertes por vapeo en Florida y Georgia elevan a 11 los fallecidos en los Estados Unidos\" data-big=\"https:\/\/images.clarin.com\/2019\/09\/26\/crecen-los-casos-de-enfermedades___KjrPbKP-_290x290__1.jpg\" data-small=\"https:\/\/images.clarin.com\/2019\/09\/26\/crecen-los-casos-de-enfermedades___KjrPbKP-_290x290__1.jpg\" data-observer-function=\"loadLazyImg\" \/><\/a><\/figure>\n<\/div>\n<\/div>\n<div class=\"mt\"><\/div>\n<\/div>\n<\/div>\n<div class=\"sp__Normal\">\n<div class=\"image-embeb image-trigger pointer\" data-index=\"6\">\n<figure><img decoding=\"async\" src=\"https:\/\/images.clarin.com\/2019\/09\/26\/comentarios-por-el-hombre-que___i9oBvSTm_720x0__1.jpg\" alt=\"Comentarios por el hombre que noque\u00f3 a un ladr\u00f3n y se sac\u00f3 una selfie. (Twitter)\" data-big=\"https:\/\/images.clarin.com\/2019\/09\/26\/comentarios-por-el-hombre-que___i9oBvSTm_720x0__1.jpg\" data-small=\"https:\/\/images.clarin.com\/2019\/09\/26\/comentarios-por-el-hombre-que___i9oBvSTm_720x0__1.jpg\" data-observer-function=\"loadLazyImg\" \/><i class=\"fa fa-circle fa-stack-2x icon-background1\"><\/i><i class=\"fa fa-circle-o fa-stack-2x icon-background2\"><\/i><i class=\"fa fa-arrows-alt fa-stack-1x\"><\/i><\/figure>\n<p>Comentarios por el hombre que noque\u00f3 a un ladr\u00f3n y se sac\u00f3 una selfie. (Twitter)<\/p>\n<\/div>\n<\/div>\n<p>El tuit fue compartido la noche del 24 de septiembre y sum\u00f3 una gran cantidad de comentarios y likes. All\u00ed se pueden apreciar reacciones divididas entre los usuarios, ya que muchos aplauden que el ciclista haya neutralizado al ladr\u00f3n y otros pocos\u00a0se\u00f1alan que solamente origin\u00f3 m\u00e1s violencia.<\/p>\n<div class=\"sp__Normal\">\n<div class=\"image-embeb image-trigger pointer\" data-index=\"7\">\n<figure><img decoding=\"async\" src=\"https:\/\/images.clarin.com\/2019\/09\/26\/comentarios-por-el-hombre-que___6FlsU27P_720x0__1.jpg\" alt=\"Comentarios por el hombre que noque\u00f3 a un ladr\u00f3n y se sac\u00f3 una selfie. (Twitter)\" data-big=\"https:\/\/images.clarin.com\/2019\/09\/26\/comentarios-por-el-hombre-que___6FlsU27P_720x0__1.jpg\" data-small=\"https:\/\/images.clarin.com\/2019\/09\/26\/comentarios-por-el-hombre-que___6FlsU27P_720x0__1.jpg\" data-observer-function=\"loadLazyImg\" \/><i class=\"fa fa-circle fa-stack-2x icon-background1\"><\/i><i class=\"fa fa-circle-o fa-stack-2x icon-background2\"><\/i><i class=\"fa fa-arrows-alt fa-stack-1x\"><\/i><\/figure>\n<p>Comentarios por el hombre que noque\u00f3 a un ladr\u00f3n y se sac\u00f3 una selfie. (Twitter)<\/p>\n<\/div>\n<\/div>\n<p>&#8220;Se siente bien, muy bien, romperle su puta madre a tu ladr\u00f3n. Se sabe mal, muy mal tener que golpear a alguien pues no somos m\u00e1s que simples mam\u00edferos&#8221;, finaliz\u00f3.<\/p>\n<div class=\"sp__Normal\">\n<div class=\"image-embeb image-trigger pointer\" data-index=\"8\">\n<figure><img decoding=\"async\" src=\"https:\/\/images.clarin.com\/2019\/09\/26\/comentarios-por-el-hombre-que___zL1kstTc_720x0__1.jpg\" alt=\"Comentarios por el hombre que noque\u00f3 a un ladr\u00f3n y se sac\u00f3 una selfie. (Twitter)\" data-big=\"https:\/\/images.clarin.com\/2019\/09\/26\/comentarios-por-el-hombre-que___zL1kstTc_720x0__1.jpg\" data-small=\"https:\/\/images.clarin.com\/2019\/09\/26\/comentarios-por-el-hombre-que___zL1kstTc_720x0__1.jpg\" data-observer-function=\"loadLazyImg\" \/><i class=\"fa fa-circle fa-stack-2x icon-background1\"><\/i><i class=\"fa fa-circle-o fa-stack-2x icon-background2\"><\/i><i class=\"fa fa-arrows-alt fa-stack-1x\"><\/i><\/figure>\n<p>Comentarios por el hombre que noque\u00f3 a un ladr\u00f3n y se sac\u00f3 una selfie. (Twitter)<\/p>\n<\/div>\n<\/div>\n<div id=\"inread\" class=\"ad-slot\" data-adtype=\"inread\"><\/div>\n<div id=\"inread2\" class=\"ad-slot\" data-adtype=\"inread2\">\n<div id=\"inread2_ad\" data-google-query-id=\"CJKcg63S7-QCFSIMZQodj5oJSA\">\n<div id=\"google_ads_iframe_\/242767168\/clarin\/nota\/inread2_0__container__\"><\/div>\n<\/div>\n<\/div>\n<\/div>\n","protected":false},"excerpt":{"rendered":"<p>El hombre public\u00f3 en las redes sociales la imagen del delincuente en el suelo. Despert\u00f3 todo tipo de reacciones en las redes sociales y no es para menos. Un hombre enfrent\u00f3 a un ladr\u00f3n que le estaba robando la bicicleta,\u00a0lo noque\u00f3 con un golpe y tras dejarlo inconsciente se sac\u00f3 una selfie\u00a0para mostr\u00e1rselo al mundo [&hellip;]<\/p>\n","protected":false},"author":1,"featured_media":31922,"comment_status":"closed","ping_status":"closed","sticky":false,"template":"","format":"standard","meta":{"footnotes":""},"categories":[5],"tags":[],"class_list":["post-31921","post","type-post","status-publish","format-standard","has-post-thumbnail","hentry","category-internacionales"],"_links":{"self":[{"href":"http:\/\/informateesquina.com\/index.php?rest_route=\/wp\/v2\/posts\/31921","targetHints":{"allow":["GET"]}}],"collection":[{"href":"http:\/\/informateesquina.com\/index.php?rest_route=\/wp\/v2\/posts"}],"about":[{"href":"http:\/\/informateesquina.com\/index.php?rest_route=\/wp\/v2\/types\/post"}],"author":[{"embeddable":true,"href":"http:\/\/informateesquina.com\/index.php?rest_route=\/wp\/v2\/users\/1"}],"replies":[{"embeddable":true,"href":"http:\/\/informateesquina.com\/index.php?rest_route=%2Fwp%2Fv2%2Fcomments&post=31921"}],"version-history":[{"count":0,"href":"http:\/\/informateesquina.com\/index.php?rest_route=\/wp\/v2\/posts\/31921\/revisions"}],"wp:featuredmedia":[{"embeddable":true,"href":"http:\/\/informateesquina.com\/index.php?rest_route=\/"}],"wp:attachment":[{"href":"http:\/\/informateesquina.com\/index.php?rest_route=%2Fwp%2Fv2%2Fmedia&parent=31921"}],"wp:term":[{"taxonomy":"category","embeddable":true,"href":"http:\/\/informateesquina.com\/index.php?rest_route=%2Fwp%2Fv2%2Fcategories&post=31921"},{"taxonomy":"post_tag","embeddable":true,"href":"http:\/\/informateesquina.com\/index.php?rest_route=%2Fwp%2Fv2%2Ftags&post=31921"}],"curies":[{"name":"wp","href":"https:\/\/api.w.org\/{rel}","templated":true}]}}