{"id":31925,"date":"2019-09-27T13:24:06","date_gmt":"2019-09-27T16:24:06","guid":{"rendered":"https:\/\/informateesquina.com\/?p=31925"},"modified":"2019-09-27T13:24:06","modified_gmt":"2019-09-27T16:24:06","slug":"la-semana-proxima-trasladarian-al-instituto-pelletier-la-enfermera-implicada-en-el-caso-ramoncito","status":"publish","type":"post","link":"http:\/\/informateesquina.com\/?p=31925","title":{"rendered":"La semana pr\u00f3xima trasladar\u00edan al instituto Pelletier la &#8220;enfermera&#8221; implicada en el caso Ramoncito"},"content":{"rendered":"<div class=\"col-md-12\">\n<h2><span style=\"color: #666666; font-family: Roboto, sans-serif; font-size: 15px;\">El corresponsal de Radio Sudamericana, Fabi\u00e1n Chamarro se\u00f1al\u00f3 que este jueves, en medio de un importante dispositivo de seguridad en la ciudad de Mercedes, Patricia &#8220;Patila&#8221; Mabel L\u00f3pez, la enfermera pr\u00f3fuga desde 2012, capturada en la localidad bonaerense de Gonz\u00e1lez Cat\u00e1n por el brutal asesinato de \u201cRamoncito\u201d fue trasladada al Juzgado y luego detenida en la Comisaria Primera donde permanece. Las primeras informaciones dan cuenta de que entre el lunes o martes ya ser\u00eda trasladada a esta Capital.<\/span><\/h2>\n<div class=\"image_review_wrapper\">\n<div class=\"swiper-container swiper-container-horizontal swiper-container-android\">\n<div class=\"swiper-wrapper\">\n<div class=\"swiper-slide swiper-slide-active\"><a href=\"https:\/\/www.radiosudamericana.com\/notix\/multimedia\/imagenes\/fotos\/2019-09-27\/494224.jpg\"><img decoding=\"async\" class=\"img-responsive\" src=\"https:\/\/www.radiosudamericana.com\/notix\/multimedia\/imagenes\/fotos\/2019-09-27\/494224.jpg\" alt=\"Responsive image\" \/><\/a><\/div>\n<\/div>\n<\/div>\n<\/div>\n<\/div>\n<div class=\"col-md-12\">\n<div><audio src=\"https:\/\/www.radiosudamericana.com\/\/multimedia\/audios\/2019-09-27\/260187.mp3\" controls=\"controls\" data-mce-fragment=\"1\"><\/audio><\/div>\n<\/div>\n<p>&nbsp;<\/p>\n<p>Patricia Mabel L\u00f3pez, alias &#8220;Patila&#8221;, capturada por el crimen de Ramoncito, arrib\u00f3 a Mercedes, donde el Tribunal Oral Penal le notific\u00f3 sobre la declaraci\u00f3n de rebeld\u00eda y la condena que pesa sobre ella, acusada de participar del asesinato en el rito sat\u00e1nico del ni\u00f1o de 12 a\u00f1os, en 2006.<\/p>\n<p>Patila L\u00f3pez lleg\u00f3 en avi\u00f3n, custodiada por personal de Prefectura Naval y del Cuerpo Operativo Especial de Mercedes (COEM) al TOP, donde le comunicaron que permanecer\u00e1 alojada en la Comisar\u00eda 1\u00aa de Mercedes. L\u00f3pez podr\u00eda ser trasladada en d\u00edas m\u00e1s al Instituto Pelletier, en esta capital.<\/p>\n<p><strong>DOCE A\u00d1OS PR\u00d3FUGA DE LA JUSTICIA Y CON CONDENA<\/strong><\/p>\n<p>L\u00f3pez, de 48 a\u00f1os, figuraba en la lista de las 10 personas m\u00e1s buscadas del pa\u00eds. Fue capturada a las 13 horas del pasado mi\u00e9rcoles, en el cruce de Lavallejas y Ramos, de la localidad de Gonz\u00e1lez Cat\u00e1n, partido de La Matanza, cuando se retiraba del domicilio donde se encontraba viviendo para dirigirse a un supermercado.<\/p>\n<p>L\u00f3pez era buscada desde el 14 de mayo de 2012 por orden del Tribunal Oral Penal de la Tercera Circunscripci\u00f3n Judicial de Mercedes, luego de que el Superior Tribunal de Justicia de la Provincia la conden\u00f3 a prisi\u00f3n perpetua.<\/p>\n<p>En el juicio, que termin\u00f3 el martes 29 de marzo de 2011, el TOP de Mercedes absolvi\u00f3 a Ferm\u00edn Reinaldo S\u00e1nchez y a L\u00f3pez, y se dispuso la inmediata libertad de ambos.<\/p>\n<p>El abogado querellante dijo, al t\u00e9rmino de ese juicio, que \u201cPatricia L\u00f3pez fue la enfermera que estuvo presente en el momento de las torturas y tuvo participaci\u00f3n porque inyectaba drogas al ni\u00f1o e indicaba los cortes que hab\u00eda que hacerle para cumplir con el rito\u201d.<\/p>\n<p>Fuente: Radio Sudamericana<\/p>\n","protected":false},"excerpt":{"rendered":"<p>El corresponsal de Radio Sudamericana, Fabi\u00e1n Chamarro se\u00f1al\u00f3 que este jueves, en medio de un importante dispositivo de seguridad en la ciudad de Mercedes, Patricia &#8220;Patila&#8221; Mabel L\u00f3pez, la enfermera pr\u00f3fuga desde 2012, capturada en la localidad bonaerense de Gonz\u00e1lez Cat\u00e1n por el brutal asesinato de \u201cRamoncito\u201d fue trasladada al Juzgado y luego detenida en [&hellip;]<\/p>\n","protected":false},"author":1,"featured_media":31926,"comment_status":"closed","ping_status":"closed","sticky":false,"template":"","format":"standard","meta":{"footnotes":""},"categories":[8],"tags":[],"class_list":["post-31925","post","type-post","status-publish","format-standard","has-post-thumbnail","hentry","category-policiales"],"_links":{"self":[{"href":"http:\/\/informateesquina.com\/index.php?rest_route=\/wp\/v2\/posts\/31925","targetHints":{"allow":["GET"]}}],"collection":[{"href":"http:\/\/informateesquina.com\/index.php?rest_route=\/wp\/v2\/posts"}],"about":[{"href":"http:\/\/informateesquina.com\/index.php?rest_route=\/wp\/v2\/types\/post"}],"author":[{"embeddable":true,"href":"http:\/\/informateesquina.com\/index.php?rest_route=\/wp\/v2\/users\/1"}],"replies":[{"embeddable":true,"href":"http:\/\/informateesquina.com\/index.php?rest_route=%2Fwp%2Fv2%2Fcomments&post=31925"}],"version-history":[{"count":0,"href":"http:\/\/informateesquina.com\/index.php?rest_route=\/wp\/v2\/posts\/31925\/revisions"}],"wp:featuredmedia":[{"embeddable":true,"href":"http:\/\/informateesquina.com\/index.php?rest_route=\/"}],"wp:attachment":[{"href":"http:\/\/informateesquina.com\/index.php?rest_route=%2Fwp%2Fv2%2Fmedia&parent=31925"}],"wp:term":[{"taxonomy":"category","embeddable":true,"href":"http:\/\/informateesquina.com\/index.php?rest_route=%2Fwp%2Fv2%2Fcategories&post=31925"},{"taxonomy":"post_tag","embeddable":true,"href":"http:\/\/informateesquina.com\/index.php?rest_route=%2Fwp%2Fv2%2Ftags&post=31925"}],"curies":[{"name":"wp","href":"https:\/\/api.w.org\/{rel}","templated":true}]}}