{"id":31931,"date":"2019-09-27T13:33:53","date_gmt":"2019-09-27T16:33:53","guid":{"rendered":"https:\/\/informateesquina.com\/?p=31931"},"modified":"2019-09-27T13:33:53","modified_gmt":"2019-09-27T16:33:53","slug":"por-trabajos-este-viernes-habra-cortes-de-luz-en-capital-e-interior","status":"publish","type":"post","link":"http:\/\/informateesquina.com\/?p=31931","title":{"rendered":"Por trabajos, este viernes habr\u00e1 cortes de luz en Capital e interior"},"content":{"rendered":"<div class=\"col-md-12\">\n<h2><span style=\"color: #666666; font-family: Roboto, sans-serif; font-size: 15px;\">La Direcci\u00f3n Provincial de Energ\u00eda de Corrientes (DPEC) informa que con motivo de realizar trabajos de mantenimiento de l\u00edneas de media tensi\u00f3n (LMT), se interrumpir\u00e1 el suministro de energ\u00eda el\u00e9ctrica en varias localidades y barrios de la Capital correntina.<\/span><\/h2>\n<div class=\"image_review_wrapper\">\n<div class=\"swiper-container swiper-container-horizontal swiper-container-android\">\n<div class=\"swiper-wrapper\">\n<div class=\"swiper-slide swiper-slide-active\"><a href=\"https:\/\/www.radiosudamericana.com\/notix\/multimedia\/imagenes\/fotos\/2019-09-27\/920317.jpg\"><img decoding=\"async\" class=\"img-responsive\" src=\"https:\/\/www.radiosudamericana.com\/notix\/multimedia\/imagenes\/fotos\/2019-09-27\/920317.jpg\" alt=\"Responsive image\" \/><\/a><\/div>\n<\/div>\n<\/div>\n<\/div>\n<\/div>\n<p><strong>VIERNES 27\/09\/19 | 13:00 a 16:00 | YAPEY\u00da, TAPEBICU\u00c1 Y GUAVIRAV\u00cd<\/strong><\/p>\n<p>&nbsp;<\/p>\n<p>La Direcci\u00f3n Provincial de Energ\u00eda de Corrientes (DPEC) informa que con motivo de realizar trabajos de mantenimiento de l\u00edneas de media tensi\u00f3n (LMT), se interrumpir\u00e1 el suministro de energ\u00eda el\u00e9ctrica en las localidades de YAPEY\u00da, TAPEBICU\u00c1 Y GUAVIRAV\u00cd, de acuerdo al siguiente cronograma:<\/p>\n<p>FECHA: VIERNES 27\/09\/19<br \/>\nHORARIO: 13:00 a 16:00 Hs.<\/p>\n<p>&#8212;&#8212;&#8212;&#8212;&#8212;&#8212;&#8212;&#8211;<\/p>\n<p><strong>VIERNES 27\/09\/19 | 14:00 a 18:00 | BER\u00d3N DE ASTRADA, PARAJE YAHAP\u00c9, VALENCIA, TUYUT\u00cd y ARROYO BA\u00cd<\/strong><\/p>\n<p>&nbsp;<\/p>\n<p>La Direcci\u00f3n Provincial de Energ\u00eda de Corrientes (DPEC) informa que con motivo de realizar trabajos de mantenimiento de l\u00edneas de media tensi\u00f3n (LMT), se interrumpir\u00e1 el suministro de energ\u00eda el\u00e9ctrica en BER\u00d3N DE ASTRADA, PARAJE YAHAP\u00c9, VALENCIA, TUYUT\u00cd y ARROYO BA\u00cd, de acuerdo al siguiente cronograma:<\/p>\n<p>FECHA: VIERNES 27\/09\/19<br \/>\nHORARIO: 14:00 a 18:00 Hs.<\/p>\n<p>&#8212;&#8212;&#8212;&#8212;&#8212;&#8212;&#8212;<\/p>\n<p><strong>VIERNES 27\/09\/19 | 08:00 a 12:00 | CAPITAL: 500 viviendas del Pirayu\u00ed nuevo, Santa Rita Norte, Sapucay, Samela, Esperanza, Doctor Monta\u00f1a viejo, y sus zonas de influencia.<\/strong><\/p>\n<p>La Direcci\u00f3n Provincial de Energ\u00eda de Corrientes (DPEC) informa que con motivo de realizar trabajos de mantenimiento de l\u00edneas de media tensi\u00f3n (LMT), se interrumpir\u00e1 el suministro de energ\u00eda el\u00e9ctrica en la ciudad CAPITAL, de acuerdo al siguiente cronograma:<\/p>\n<p>FECHA: VIERNES 27\/09\/19<br \/>\nHORARIO: 08:00 a 12:00 Hs.<\/p>\n<p>ZONA: 500 viviendas del Pirayu\u00ed nuevo, Santa Rita Norte, Sapucay, Samela, Esperanza, Doctor Monta\u00f1a viejo, y sus zonas de influencia.<\/p>\n<p>&#8212;&#8212;&#8212;&#8212;&#8212;&#8212;&#8212;&#8212;&#8211;<\/p>\n<p><strong>VIERNES 27\/09\/19 | 14:00 a 16:30 | MERCEDES: barrios San Pedro y Anfiteatro.<\/strong><\/p>\n<p>&nbsp;<\/p>\n<p>La Direcci\u00f3n Provincial de Energ\u00eda de Corrientes (DPEC) informa que con motivo de realizar trabajos de mantenimiento de l\u00edneas de media tensi\u00f3n (LMT), se interrumpir\u00e1 el suministro de energ\u00eda el\u00e9ctrica en la localidad de MERCEDES, de acuerdo al siguiente cronograma:<\/p>\n<p>FECHA: VIERNES 27\/09\/19<br \/>\nHORARIO: 14:00 a 16:30 Hs.<br \/>\nZONA: barrios San Pedro y Anfiteatro<\/p>\n","protected":false},"excerpt":{"rendered":"<p>La Direcci\u00f3n Provincial de Energ\u00eda de Corrientes (DPEC) informa que con motivo de realizar trabajos de mantenimiento de l\u00edneas de media tensi\u00f3n (LMT), se interrumpir\u00e1 el suministro de energ\u00eda el\u00e9ctrica en varias localidades y barrios de la Capital correntina. VIERNES 27\/09\/19 | 13:00 a 16:00 | YAPEY\u00da, TAPEBICU\u00c1 Y GUAVIRAV\u00cd &nbsp; La Direcci\u00f3n Provincial de [&hellip;]<\/p>\n","protected":false},"author":1,"featured_media":31932,"comment_status":"closed","ping_status":"closed","sticky":false,"template":"","format":"standard","meta":{"footnotes":""},"categories":[10],"tags":[],"class_list":["post-31931","post","type-post","status-publish","format-standard","has-post-thumbnail","hentry","category-provinciales"],"_links":{"self":[{"href":"http:\/\/informateesquina.com\/index.php?rest_route=\/wp\/v2\/posts\/31931","targetHints":{"allow":["GET"]}}],"collection":[{"href":"http:\/\/informateesquina.com\/index.php?rest_route=\/wp\/v2\/posts"}],"about":[{"href":"http:\/\/informateesquina.com\/index.php?rest_route=\/wp\/v2\/types\/post"}],"author":[{"embeddable":true,"href":"http:\/\/informateesquina.com\/index.php?rest_route=\/wp\/v2\/users\/1"}],"replies":[{"embeddable":true,"href":"http:\/\/informateesquina.com\/index.php?rest_route=%2Fwp%2Fv2%2Fcomments&post=31931"}],"version-history":[{"count":0,"href":"http:\/\/informateesquina.com\/index.php?rest_route=\/wp\/v2\/posts\/31931\/revisions"}],"wp:featuredmedia":[{"embeddable":true,"href":"http:\/\/informateesquina.com\/index.php?rest_route=\/"}],"wp:attachment":[{"href":"http:\/\/informateesquina.com\/index.php?rest_route=%2Fwp%2Fv2%2Fmedia&parent=31931"}],"wp:term":[{"taxonomy":"category","embeddable":true,"href":"http:\/\/informateesquina.com\/index.php?rest_route=%2Fwp%2Fv2%2Fcategories&post=31931"},{"taxonomy":"post_tag","embeddable":true,"href":"http:\/\/informateesquina.com\/index.php?rest_route=%2Fwp%2Fv2%2Ftags&post=31931"}],"curies":[{"name":"wp","href":"https:\/\/api.w.org\/{rel}","templated":true}]}}