{"id":31937,"date":"2019-09-27T13:59:01","date_gmt":"2019-09-27T16:59:01","guid":{"rendered":"https:\/\/informateesquina.com\/?p=31937"},"modified":"2019-09-27T13:59:01","modified_gmt":"2019-09-27T16:59:01","slug":"tras-el-ataque-a-su-refugio-proteccionistas-de-esquina-organizan-un-evento-para-recaudar-fondos","status":"publish","type":"post","link":"http:\/\/informateesquina.com\/?p=31937","title":{"rendered":"Tras el ataque a su refugio, protecci\u00f3nistas de Esquina organizan un evento para recaudar fondos"},"content":{"rendered":"<div class=\"entry-content no-share\">\n<div class=\"content-inner \">\n<figure class=\"wp-block-audio\">La Asociaci\u00f3n sin fines de lucro\u00a0 prepara el primer encuentro de pintores de la ciudad de Esquina.<\/figure>\n<p>Los pintores y artistas participantes deber\u00e1n inscribirse y presentarse con sus elementos de trabajo, como lo son, acr\u00edlicos, pinceles, bastidores y atriles, eligiendo la t\u00e9cnica que deseen. Este encuentro se realizar\u00e1 en Caba\u00f1as \u201cEl So\u00f1ador\u201d el 13 de octubre\u00a0 a partir de las 10hs, y a las 16hs las obras ser\u00e1n evaluadas por el jurado y exhibidas.<\/p>\n<p>En contacto con una de las referentes del grupo de rescate, Vivian Bianchi, dec\u00eda sobre esta jornada que \u201cbuscamos ofrecer a la gente algo distinto y que tambi\u00e9n podamos recaudar a trav\u00e9s de eso para el grupo\u201d.<\/p>\n<p>La inscripci\u00f3n se llevar\u00e1 a cabo desde el 25 de septiembre hasta el 10 de octubre, con un costo de $500 para cada participante para cubrir gastos y ofrecer refrigerio.<\/p>\n<p>El concurso de pintura tendr\u00e1 como premios: 2 d\u00edas de estad\u00eda para dos personas en las Caba\u00f1as \u201cEl So\u00f1ador\u201d y una l\u00e1mina del pintor correntino Rodolfo Inzaurralde.<\/p>\n<p>Las bases del concurso:<\/p>\n<ol>\n<li>Tema: paisaje<\/li>\n<li>T\u00e9cnica: libre<\/li>\n<li>Soporte: bastidor, chapadur, cart\u00f3n entelado, papel, etc. Puede estar preparado con un fondo de color liso.<\/li>\n<\/ol>\n<p>La jornada tendr\u00e1 m\u00fasica en vivo, clases abiertas de Zumba a cargo de TAS gimnasio, talleres de reciclado a cargo de \u201cFibro F\u00e1cil\u201d, taller de pintura a cargo de \u201cel Almac\u00e9n\u201d, bufete con venta de bebidas y comidas, y alumnos de del Instituto Superior J. A Ferreira estar\u00e1n con el proyecto de \u201cc\u00f3mo transformar viejos neum\u00e1ticos en hermosas cuchas\u201d.<\/p>\n<p>Todos los participantes tendr\u00e1n derecho al sorteo\u00a0 de un viaje a Villa Carlos Paz de 6 d\u00edas y 4 noches, una l\u00e1mina del pintor Rodolfo Inzaurralde, obsequio de Cavas Winery, Optima Santa Ana, Eme y Eme, Gimnasia Tas Donara seg\u00fan la edad del ganador durante un a\u00f1o gratis en cualquier disciplina. El \u201cRinc\u00f3n de las mascotas\u201d a cargo de la Sra. Miriam Oviedo entregar\u00e1 dos baucher de ba\u00f1o y corte para mascotas.<\/p>\n<p>Fuente: TN Esquina<\/p>\n<\/div>\n<\/div>\n","protected":false},"excerpt":{"rendered":"<p>La Asociaci\u00f3n sin fines de lucro\u00a0 prepara el primer encuentro de pintores de la ciudad de Esquina. Los pintores y artistas participantes deber\u00e1n inscribirse y presentarse con sus elementos de trabajo, como lo son, acr\u00edlicos, pinceles, bastidores y atriles, eligiendo la t\u00e9cnica que deseen. Este encuentro se realizar\u00e1 en Caba\u00f1as \u201cEl So\u00f1ador\u201d el 13 de [&hellip;]<\/p>\n","protected":false},"author":1,"featured_media":31940,"comment_status":"closed","ping_status":"closed","sticky":false,"template":"","format":"standard","meta":{"footnotes":""},"categories":[11],"tags":[136],"class_list":["post-31937","post","type-post","status-publish","format-standard","has-post-thumbnail","hentry","category-sociedad","tag-destacados"],"_links":{"self":[{"href":"http:\/\/informateesquina.com\/index.php?rest_route=\/wp\/v2\/posts\/31937","targetHints":{"allow":["GET"]}}],"collection":[{"href":"http:\/\/informateesquina.com\/index.php?rest_route=\/wp\/v2\/posts"}],"about":[{"href":"http:\/\/informateesquina.com\/index.php?rest_route=\/wp\/v2\/types\/post"}],"author":[{"embeddable":true,"href":"http:\/\/informateesquina.com\/index.php?rest_route=\/wp\/v2\/users\/1"}],"replies":[{"embeddable":true,"href":"http:\/\/informateesquina.com\/index.php?rest_route=%2Fwp%2Fv2%2Fcomments&post=31937"}],"version-history":[{"count":0,"href":"http:\/\/informateesquina.com\/index.php?rest_route=\/wp\/v2\/posts\/31937\/revisions"}],"wp:featuredmedia":[{"embeddable":true,"href":"http:\/\/informateesquina.com\/index.php?rest_route=\/"}],"wp:attachment":[{"href":"http:\/\/informateesquina.com\/index.php?rest_route=%2Fwp%2Fv2%2Fmedia&parent=31937"}],"wp:term":[{"taxonomy":"category","embeddable":true,"href":"http:\/\/informateesquina.com\/index.php?rest_route=%2Fwp%2Fv2%2Fcategories&post=31937"},{"taxonomy":"post_tag","embeddable":true,"href":"http:\/\/informateesquina.com\/index.php?rest_route=%2Fwp%2Fv2%2Ftags&post=31937"}],"curies":[{"name":"wp","href":"https:\/\/api.w.org\/{rel}","templated":true}]}}