{"id":31942,"date":"2019-09-27T14:07:49","date_gmt":"2019-09-27T17:07:49","guid":{"rendered":"https:\/\/informateesquina.com\/?p=31942"},"modified":"2019-09-27T14:07:49","modified_gmt":"2019-09-27T17:07:49","slug":"detienen-a-policia-federal-correntino-por-el-robo-de-una-camioneta","status":"publish","type":"post","link":"http:\/\/informateesquina.com\/?p=31942","title":{"rendered":"Detienen a polic\u00eda federal correntino por el robo de una camioneta"},"content":{"rendered":"<div class=\"fb-like fb_iframe_widget fb_iframe_widget_fluid\" data-href=\"http:\/\/www.corrienteshoy.com\/noticias\/view\/328878\" data-layout=\"button_count\" data-action=\"like\" data-show-faces=\"true\" data-share=\"true\">Dos sujetos, uno de ellos vestido de polic\u00eda, habr\u00edan robado una camioneta 0km. Fueron interpcetados y detenidos en la ruta 11, en jurisdicci\u00f3n de la localidad de General Vedia, en el Chaco. Se indentific\u00f3 a uno de los supuestos delincuentes como integrante de la Polic\u00eda Federal.<\/div>\n<div class=\"fuentes\">\n<p>Los presuntos autores del il\u00edcito habr\u00edan abordado a un cami\u00f3n que transportaba veh\u00edculos 0KM que al parecer estaba estacionado por un inconveniente mec\u00e1nico, en la mencionada ruta. Aprovecharon el momento para descender la uniodad 0km.<br \/>\nEn su raid los delincuentes abandonaron la camionteta robada en la comuna de Margarita Bel\u00e9n, y luego fueron detenidos cuando iban a bordo de un autom\u00f3vil Chevrolet Celta, a la altura del kil\u00f3metro 1.045 de la ruta 11.<\/p>\n<p>&nbsp;<\/p>\n<p>De acuerdo a Data Chaco, los detenidos tienen domicilio en Corrientes y uno de ellos, de 24 a\u00f1os, fue identificado como miembro de la Polic\u00eda Federal Argentina.<br \/>\nEs su poder ten\u00edan un arma reglamentaria de la fuerza, un chaleco y uniformes.<\/p>\n<p>FUENTE: Corrientes Hoy<\/p>\n<\/div>\n","protected":false},"excerpt":{"rendered":"<p>Dos sujetos, uno de ellos vestido de polic\u00eda, habr\u00edan robado una camioneta 0km. Fueron interpcetados y detenidos en la ruta 11, en jurisdicci\u00f3n de la localidad de General Vedia, en el Chaco. Se indentific\u00f3 a uno de los supuestos delincuentes como integrante de la Polic\u00eda Federal. Los presuntos autores del il\u00edcito habr\u00edan abordado a un [&hellip;]<\/p>\n","protected":false},"author":1,"featured_media":31943,"comment_status":"closed","ping_status":"closed","sticky":false,"template":"","format":"standard","meta":{"footnotes":""},"categories":[8],"tags":[136],"class_list":["post-31942","post","type-post","status-publish","format-standard","has-post-thumbnail","hentry","category-policiales","tag-destacados"],"_links":{"self":[{"href":"http:\/\/informateesquina.com\/index.php?rest_route=\/wp\/v2\/posts\/31942","targetHints":{"allow":["GET"]}}],"collection":[{"href":"http:\/\/informateesquina.com\/index.php?rest_route=\/wp\/v2\/posts"}],"about":[{"href":"http:\/\/informateesquina.com\/index.php?rest_route=\/wp\/v2\/types\/post"}],"author":[{"embeddable":true,"href":"http:\/\/informateesquina.com\/index.php?rest_route=\/wp\/v2\/users\/1"}],"replies":[{"embeddable":true,"href":"http:\/\/informateesquina.com\/index.php?rest_route=%2Fwp%2Fv2%2Fcomments&post=31942"}],"version-history":[{"count":0,"href":"http:\/\/informateesquina.com\/index.php?rest_route=\/wp\/v2\/posts\/31942\/revisions"}],"wp:featuredmedia":[{"embeddable":true,"href":"http:\/\/informateesquina.com\/index.php?rest_route=\/"}],"wp:attachment":[{"href":"http:\/\/informateesquina.com\/index.php?rest_route=%2Fwp%2Fv2%2Fmedia&parent=31942"}],"wp:term":[{"taxonomy":"category","embeddable":true,"href":"http:\/\/informateesquina.com\/index.php?rest_route=%2Fwp%2Fv2%2Fcategories&post=31942"},{"taxonomy":"post_tag","embeddable":true,"href":"http:\/\/informateesquina.com\/index.php?rest_route=%2Fwp%2Fv2%2Ftags&post=31942"}],"curies":[{"name":"wp","href":"https:\/\/api.w.org\/{rel}","templated":true}]}}