{"id":31945,"date":"2019-09-27T14:28:19","date_gmt":"2019-09-27T17:28:19","guid":{"rendered":"https:\/\/informateesquina.com\/?p=31945"},"modified":"2019-09-27T14:28:19","modified_gmt":"2019-09-27T17:28:19","slug":"con-valdes-y-la-lupa-sobre-el-municipio-eco-presento-candidatos-en-esquina","status":"publish","type":"post","link":"http:\/\/informateesquina.com\/?p=31945","title":{"rendered":"Con Vald\u00e9s y la lupa sobre el municipio, ECO present\u00f3 candidatos en Esquina"},"content":{"rendered":"<p>El gobernador Gustavo Vald\u00e9s encabez\u00f3 este jueves la presentaci\u00f3n de los candidatos que estar\u00e1n en los cuartos oscuros de la ciudad de Esquina el pr\u00f3ximo 27 de octubre, tanto a concejales como a diputados nacionales de Encuentro por Corrientes (ECO) m\u00e1s Juntos por el Cambio. En la ocasi\u00f3n, los aspirantes a las bancas locales levantaron sospechas sobre los manejos financieros de la Comuna y garantizaron que ser\u00e1n \u201cauditores\u201d. El mandatario provincial luego les expres\u00f3 all\u00ed su apoyo \u201cpara que la Municipalidad se haga cargo de sus responsabilidades\u201d.<\/p>\n<p>Tras concretar al mediod\u00eda en Goya el primer acto de campa\u00f1a rumbo al 27 de octubre, Vald\u00e9s y la dirigencia de ECO culminaron la jornada de este jueves en Esquina, donde adem\u00e1s se eligen concejales. As\u00ed es que fueron presentados en la sede de la Asociaci\u00f3n General San Mart\u00edn a Isaac Luis Torrent, Juan Martin Bechini, Agustina Laurito y Marilin Tognola. Asimismo, tambi\u00e9n estuvieron los candidatos a diputados nacionales Jorge Vara, Ingrid Jetter, Jos\u00e9 Fern\u00e1ndez Affur y Carla Vallone, esta \u00faltima oriunda de la localidad, quien qued\u00f3 como suplente en las PASO.<\/p>\n<p>Cabe se\u00f1alar que tambi\u00e9n compartieron escenario el presidente de la C\u00e1mara de Diputados, Pedro Cassani, el senador nacional Pedro Braillard Poccard; y la diputada provincial, Mar\u00eda Eugenia Mancini.<\/p>\n<p>\u201cComo concejales vamos a controlar que se cuide el dinero de los esquinenses y que se gaste de manera correcta, no como se hizo hace poco que se gastaron casi 2,5 millones de pesos en una feria del libro y aclaro que no estamos en contra de la cultura, pero tienen que haber prioridades, porque mucha gente est\u00e1 pasando una situaci\u00f3n econ\u00f3mica muy dif\u00edcil\u201d, fustig\u00f3 Bechini al expresar su discurso.<\/p>\n<p>En la misma l\u00ednea, Torrent asegur\u00f3 que \u201cvamos a defender los pesos de cada uno de los esquinenses, siendo un auditor externo, ya que contamos con tres contadores en la grilla de concejales\u201d. Y denunci\u00f3 que \u201ceste intendente (Hugo Ben\u00edtez, PJ) anda diciendo que no le alcanza el dinero para hacer obras, pero hay un Gobierno nacional que aument\u00f3 la coparticipaci\u00f3n federal que tambi\u00e9n le llega a este municipio, son m\u00e1s de 50 millones de pesos en el a\u00f1o y anda diciendo que no tiene plata, entonces ser\u00e1 porque se la habr\u00e1 gastado en otras cosas\u201d.<\/p>\n<p>Vald\u00e9s expres\u00f3 luego que \u201cen Esquina tenemos una sola lista de concejales, porque comprendimos que solamente juntos podemos transformar a Esquina para que la Municipalidad se haga cargo de sus responsabilidades, que haga plazas, calles y que ordene la ciudad\u201d.<\/p>\n<p>El mandatario provincial destac\u00f3 a Torrent, afirmando que \u201ces una excelente persona al igual que cada uno de los candidatos que hoy propone ECO en Esquina, porque sabemos lo que tenemos que hacer aqu\u00ed para crecer, confiemos en ellos\u201d. Tambi\u00e9n elogi\u00f3 a Vallone: \u201cEs una figura nueva que se incorpora a la pol\u00edtica de Corrientes y que engalana nuestra lista de diputados nacionales\u201d.<\/p>\n<p>\u201cPara el 2 de junio dec\u00edamos que ten\u00edamos que abrazar la oportunidad de desarrollo en Corrientes y el pueblo nos acompa\u00f1\u00f3 con el 60 por ciento de los votos\u201d, dijo Vald\u00e9s y en este sentido agradeci\u00f3 \u201cal pueblo esqu\u00ednense por la confianza depositada en el Gobierno de Corrientes\u201d.<\/p>\n<p>Por otra parte, record\u00f3 que \u201cel kirchnerismo nos dio la espalda a los correntinos y Mauricio Macri nos dio de todo, los correntinos recuperamos la soberan\u00eda fiscal con la coparticipaci\u00f3n nacional que al Gobierno provincial nos permite hacer escuelas, caminos, ayudar a los productores\u201d. El Gobernador agreg\u00f3 luego que \u201crecuperamos las regal\u00edas de Yacyret\u00e1 , las cuales el kirchnerismo nos hab\u00eda negado\u201d.<\/p>\n<p>\u201cYo no estoy dispuesto a que el pueblo de Corrientes sea sometido a la indignidad que nos someti\u00f3 el gobierno m\u00e1s centralista de la historia argentina, como fue el kirchnerismo, somos una provincia valerosa que siempre defendi\u00f3 el federalismo\u201d, concluy\u00f3 Vald\u00e9s.<\/p>\n<p>Por su parte, Braillard Poccard consider\u00f3 que \u201cla elecci\u00f3n exitosa de estos candidatos a concejales va a significar el comienzo del regreso al municipio de Esquina\u201d. Tambi\u00e9n se mostr\u00f3 \u201corgulloso de acompa\u00f1ar a nuestros candidatos a diputados nacionales, porque son hombres y mujeres probados en el ejercicio de la funci\u00f3n, que demostraron eficiencia, transparencia y, por sobre todo, amor a su provincia y dedicaci\u00f3n a su gente\u201d.<\/p>\n<p>\u201cEllos van a conformar una representaci\u00f3n de lujo en la C\u00e1mara de Diputados de la Naci\u00f3n y eso le va a significar a nuestra provincia seguir teniendo muchas cosas, porque es en el Congreso, es donde tenemos que defender a diario los derechos de todas y cada una de las provincias, las cuales somos anteriores a la naci\u00f3n y que hicimos a la Argentina\u201d, concluy\u00f3 el senador nacional y l\u00edder del partido Popular.<\/p>\n<p>En tanto, Vara sostuvo que \u201cesta elecci\u00f3n significa qu\u00e9 modelo de pa\u00eds queremos, qu\u00e9 Argentina queremos para los pr\u00f3ximos 15 o 20 a\u00f1os, porque si realmente queremos cambiar, es un proceso largo\u201d. El ministro de Producci\u00f3n y aspirante al congreso, asegur\u00f3 que \u201cpor eso estamos en este espacio, porque creemos en los valores y en el fortalecimiento del federalismo, estando en una provincia que fue discriminada por el poder central, por eso tenemos un sentimiento fuerte sobre el federalismo y no tengo dudas que los correntinos van a valorar esa cuesti\u00f3n\u201d.<\/p>\n<p>Al iniciar su discurso, Jetter relat\u00f3 que en la v\u00edspera estuvo junto a la f\u00f3rmula presidencial de Juntos por el Cambio, asegurando que los vio a Mauricio Macri y Miguel Pichetto \u201cmuy fuertes\u201d, por lo que vaticin\u00f3: \u201cLos veo asumiendo el 10 de diciembre\u201d.<\/p>\n<p>Luego reconoci\u00f3 que en esta campa\u00f1a \u201ctenemos que ser autocr\u00edticos por nuestros errores\u201d, pero remarcando \u201ctodo lo bueno que se logr\u00f3: se avanz\u00f3 mucho en la lucha contra el narcotr\u00e1fico, algo que nos importa mucho a las mam\u00e1s, porque sabemos que nuestros hijos tienen que crecer en un pa\u00eds libre de los narcos, que el gobierno anterior no hizo nada para detenerlos y que hoy tenemos una ministra con coraje y valor como Patricia Bullrich, que ayer (26 de septiembre) apres\u00f3 a la \u00faltima pr\u00f3fuga del crimen de un correntino de 12 a\u00f1os de edad, como Ramoncito en Mercedes\u201d.<\/p>\n<p>En este sentido, la gerente regi\u00f3n NEA de Vialidad Nacional y candidata a diputada nacional remarc\u00f3 que \u201cya lleva 10 mil pr\u00f3fugos apresados en lo que va de su gesti\u00f3n, imag\u00ednense: 10 mil personas que deb\u00edan estar presas, pero andaban libres, porque el gobierno anterior no los persigui\u00f3\u201d.<\/p>\n<p>A su turno, Cassani analiz\u00f3 que \u201cesta elecci\u00f3n del 27 de octubre no es una elecci\u00f3n distinta a la que tuvimos el 2 de junio cuando resolv\u00edamos qu\u00e9 provincia quer\u00edamos. Con esa elecci\u00f3n le dimos al gobernador Vald\u00e9s legisladores para que pueda transitar el resto de su mandato sin contratiempos y en esa elecci\u00f3n, ac\u00e1 en Esquina superamos el 60 por ciento de los votos\u201d.<\/p>\n<p>Luego consider\u00f3 que \u201csi logramos ese resultado el 2 de junio, ahora el 27 de octubre podemos tener el mismo resultado, si hacemos comprender a los esquinenses que en esta nueva elecci\u00f3n tambi\u00e9n nos jugamos el futuro de la provincia\u201d. As\u00ed fue que el presidente del partido ELI y de la C\u00e1mara baja provincial defendi\u00f3 al Gobierno nacional actual, que \u201ccon aciertos y con errores, puso a Corrientes dentro del Contexto nacional\u201d, asegurando que \u201choy nuestra provincia es atendida en sus necesidades y en desarrollar todo su potencial\u201d.<\/p>\n","protected":false},"excerpt":{"rendered":"<p>El gobernador Gustavo Vald\u00e9s encabez\u00f3 este jueves la presentaci\u00f3n de los candidatos que estar\u00e1n en los cuartos oscuros de la ciudad de Esquina el pr\u00f3ximo 27 de octubre, tanto a concejales como a diputados nacionales de Encuentro por Corrientes (ECO) m\u00e1s Juntos por el Cambio. En la ocasi\u00f3n, los aspirantes a las bancas locales levantaron [&hellip;]<\/p>\n","protected":false},"author":1,"featured_media":31946,"comment_status":"closed","ping_status":"closed","sticky":false,"template":"","format":"standard","meta":{"footnotes":""},"categories":[2],"tags":[136],"class_list":["post-31945","post","type-post","status-publish","format-standard","has-post-thumbnail","hentry","category-culturales","tag-destacados"],"_links":{"self":[{"href":"http:\/\/informateesquina.com\/index.php?rest_route=\/wp\/v2\/posts\/31945","targetHints":{"allow":["GET"]}}],"collection":[{"href":"http:\/\/informateesquina.com\/index.php?rest_route=\/wp\/v2\/posts"}],"about":[{"href":"http:\/\/informateesquina.com\/index.php?rest_route=\/wp\/v2\/types\/post"}],"author":[{"embeddable":true,"href":"http:\/\/informateesquina.com\/index.php?rest_route=\/wp\/v2\/users\/1"}],"replies":[{"embeddable":true,"href":"http:\/\/informateesquina.com\/index.php?rest_route=%2Fwp%2Fv2%2Fcomments&post=31945"}],"version-history":[{"count":0,"href":"http:\/\/informateesquina.com\/index.php?rest_route=\/wp\/v2\/posts\/31945\/revisions"}],"wp:featuredmedia":[{"embeddable":true,"href":"http:\/\/informateesquina.com\/index.php?rest_route=\/"}],"wp:attachment":[{"href":"http:\/\/informateesquina.com\/index.php?rest_route=%2Fwp%2Fv2%2Fmedia&parent=31945"}],"wp:term":[{"taxonomy":"category","embeddable":true,"href":"http:\/\/informateesquina.com\/index.php?rest_route=%2Fwp%2Fv2%2Fcategories&post=31945"},{"taxonomy":"post_tag","embeddable":true,"href":"http:\/\/informateesquina.com\/index.php?rest_route=%2Fwp%2Fv2%2Ftags&post=31945"}],"curies":[{"name":"wp","href":"https:\/\/api.w.org\/{rel}","templated":true}]}}